{"id":20968,"date":"2019-02-09T06:10:19","date_gmt":"2019-02-09T06:10:19","guid":{"rendered":"https:\/\/www.bitacoracdmx.com\/?p=20968"},"modified":"2019-02-09T06:10:19","modified_gmt":"2019-02-09T06:10:19","slug":"el-canto-de-la-rebelion-un-musical-de-titeres-para-levantar-las-antenas","status":"publish","type":"post","link":"https:\/\/www.bitacoracdmx.com\/?p=20968","title":{"rendered":"El canto de la rebeli\u00f3n \u00a1Un musical de t\u00edteres para levantar las  antenas!"},"content":{"rendered":"<p>[fusion_builder_container hundred_percent=&#8221;no&#8221; equal_height_columns=&#8221;no&#8221; menu_anchor=&#8221;&#8221; hide_on_mobile=&#8221;small-visibility,medium-visibility,large-visibility&#8221; class=&#8221;&#8221; id=&#8221;&#8221; background_color=&#8221;&#8221; background_image=&#8221;&#8221; background_position=&#8221;center center&#8221; background_repeat=&#8221;no-repeat&#8221; fade=&#8221;no&#8221; background_parallax=&#8221;none&#8221; parallax_speed=&#8221;0.3&#8243; video_mp4=&#8221;&#8221; video_webm=&#8221;&#8221; video_ogv=&#8221;&#8221; video_url=&#8221;&#8221; video_aspect_ratio=&#8221;16:9&#8243; video_loop=&#8221;yes&#8221; video_mute=&#8221;yes&#8221; overlay_color=&#8221;&#8221; video_preview_image=&#8221;&#8221; border_size=&#8221;&#8221; border_color=&#8221;&#8221; border_style=&#8221;solid&#8221; padding_top=&#8221;&#8221; padding_bottom=&#8221;&#8221; padding_left=&#8221;&#8221; padding_right=&#8221;&#8221;][fusion_builder_row][fusion_builder_column type=&#8221;1_1&#8243; layout=&#8221;1_1&#8243; background_position=&#8221;left top&#8221; background_color=&#8221;&#8221; border_size=&#8221;&#8221; border_color=&#8221;&#8221; border_style=&#8221;solid&#8221; border_position=&#8221;all&#8221; spacing=&#8221;yes&#8221; background_image=&#8221;&#8221; background_repeat=&#8221;no-repeat&#8221; padding_top=&#8221;&#8221; padding_right=&#8221;&#8221; padding_bottom=&#8221;&#8221; padding_left=&#8221;&#8221; margin_top=&#8221;0px&#8221; margin_bottom=&#8221;0px&#8221; class=&#8221;&#8221; id=&#8221;&#8221; animation_type=&#8221;&#8221; animation_speed=&#8221;0.3&#8243; animation_direction=&#8221;left&#8221; hide_on_mobile=&#8221;small-visibility,medium-visibility,large-visibility&#8221; center_content=&#8221;no&#8221; last=&#8221;no&#8221; min_height=&#8221;&#8221; hover_type=&#8221;none&#8221; link=&#8221;&#8221;][fusion_text]<\/p>\n<p>REDACCI\u00d3N<\/p>\n<p>La obra\u00a0<strong><em>El canto de la rebeli\u00f3n<\/em><\/strong>, inicia temporada del\u00a0<strong>9 de febrero al 21 de abril\u00a0<\/strong>los s\u00e1bados y domingos a las 13:00 horas en el Teatro Hel\u00e9nico a cargo del director art\u00edstico Sergio Sol\u00eds y el director esc\u00e9nico Adri\u00e1n Ladr\u00f3n, ganador del Ariel a Mejor Actor por el largometraje La 4\u00aa Compa\u00f1\u00eda.<\/p>\n<p>Inspirada en la f\u00e1bula \u201cEl canto de la cigarra\u201d de Onelio Jorge Cardoso. La obra nos muestra a los singulares habitantes de \u201cEl Podrido\u201d, un pueblito azotado por el paso de las vacas, donde frecuentemente tiembla y todo se derrumba, excepto \u201cEl Palacio Fecal\u201d del Se\u00f1or Gobernador, un escarabajo estercolero que vive favorecido por la cantidad de esti\u00e9rcol que se genera.<\/p>\n<p>La cigarra, una cantante muy talentosa, promueve el cambio a trav\u00e9s de sus canciones hacia la esperanza de un mejor lugar d\u00f3nde vivir. Lucy, una luci\u00e9rnaga que representa a la ni\u00f1ez es la m\u00e1s entusiasta con la idea de cambio y bienestar para su comunidad. As\u00ed, las dos amigas tendr\u00e1n que convencer a su pueblo de la importancia de estar unidos frente a las adversidades y las injusticias, para defender el valor de lo colectivo y mejorar su comunidad.<\/p>\n<p>El montaje de la\u00a0<strong>compa\u00f1\u00eda Tercer Teatro<\/strong>, escrita y dirigida por Adri\u00e1n Ladr\u00f3n, ofrece al p\u00fablico la oportunidad de introducirse en el maravilloso mundo de los insectos, a trav\u00e9s de un equipo actoral s\u00f3lido y talentoso. Las actrices y actores de este montaje adem\u00e1s interpretan la m\u00fasica en vivo, con la direcci\u00f3n musical de Leonardo Soqui, quien compuso las canciones a lado de Ladr\u00f3n. La direcci\u00f3n art\u00edstica est\u00e1 a cargo de Sergio Sol\u00eds, destacando los t\u00edteres, a cargo de Santiago Alonso, el dise\u00f1o de vestuario es de Ana Bellido, la luz negra y el dise\u00f1o de escenograf\u00eda son de F\u00e9lix Arroyo, adem\u00e1s de la participaci\u00f3n de un equipo creativo de primera categor\u00eda que hacen de esta obra una experiencia de gran calidad art\u00edstica.<\/p>\n<p><strong><em>El canto de la rebeli\u00f3n<\/em><\/strong><em>,\u00a0<\/em>invita a la reflexi\u00f3n a trav\u00e9s del humor sobre valores como la libertad, la justicia y la solidaridad. Puesta en escena para toda la familia y para los amantes de la m\u00fasica, recomendada para ni\u00f1os y ni\u00f1as a partir de cuatro a\u00f1os, tendr\u00e1 temporada del\u00a0<strong>9 de febrero al 21 de abril<\/strong>, con funciones los s\u00e1bados y domingos a las 13:00 horas en el Teatro Hel\u00e9nico. El costo es de $200 y $150 pesos, actualmente hay una\u00a0<strong>venta especial del 30% \u00a0de descuento hasta el 8 de febrero.<\/strong>\u00a0Las localidades est\u00e1n disponibles en la taquilla del Centro Cultural Hel\u00e9nico, ubicado en avenida Revoluci\u00f3n 1500 y en la p\u00e1gina de internet\u00a0<a title=\"Protegido por Outlook: https:\/\/gob.us13.list-manage.com\/track\/click?u=84fc56425b30470caff981e24&amp;id=ebf5df590b&amp;e=fa665d1362. Haz clic o pulsa para seguir el v\u00ednculo.\" href=\"https:\/\/nam01.safelinks.protection.outlook.com\/?url=https%3A%2F%2Fgob.us13.list-manage.com%2Ftrack%2Fclick%3Fu%3D84fc56425b30470caff981e24%26id%3Debf5df590b%26e%3Dfa665d1362&amp;data=02%7C01%7C%7Cb41bbe969f3b40c5820c08d68d532bec%7C84df9e7fe9f640afb435aaaaaaaaaaaa%7C1%7C0%7C636851785685350263&amp;sdata=OJTx%2BpnuMn9eWENZ6ZXrzI8T0LnmyGfydVEW2gNYbWI%3D&amp;reserved=0\" target=\"_blank\" rel=\"noopener noreferrer\" data-auth=\"Verified\">www.helenico.gob.mx<\/a><\/p>\n<p>Fotos cortesia del Centro Cultural Hel\u00e9nico<\/p>\n<p>[\/fusion_text][fusion_images picture_size=&#8221;fixed&#8221; hover_type=&#8221;none&#8221; autoplay=&#8221;no&#8221; columns=&#8221;5&#8243; column_spacing=&#8221;13&#8243; scroll_items=&#8221;&#8221; show_nav=&#8221;yes&#8221; mouse_scroll=&#8221;no&#8221; border=&#8221;yes&#8221; lightbox=&#8221;no&#8221; hide_on_mobile=&#8221;small-visibility,medium-visibility,large-visibility&#8221; class=&#8221;&#8221; id=&#8221;&#8221;][fusion_image image=&#8221;https:\/\/www.bitacoracdmx.com\/wp-content\/uploads\/2019\/02\/9.-P\u00f3ster-oficial-El-canto-de-la-rebeli\u00f3n.jpg&#8221; image_id=&#8221;20969|full&#8221; link=&#8221;&#8221; linktarget=&#8221;_self&#8221; alt=&#8221;&#8221; \/][fusion_image image=&#8221;https:\/\/www.bitacoracdmx.com\/wp-content\/uploads\/2019\/02\/ecdlr_1.jpg&#8221; image_id=&#8221;20970|full&#8221; link=&#8221;&#8221; linktarget=&#8221;_self&#8221; alt=&#8221;&#8221; \/][fusion_image image=&#8221;https:\/\/www.bitacoracdmx.com\/wp-content\/uploads\/2019\/02\/ecdlr_2.jpg&#8221; image_id=&#8221;20971|full&#8221; link=&#8221;&#8221; linktarget=&#8221;_self&#8221; alt=&#8221;&#8221; \/][fusion_image image=&#8221;https:\/\/www.bitacoracdmx.com\/wp-content\/uploads\/2019\/02\/ecdlr_3.jpg&#8221; image_id=&#8221;20972|full&#8221; link=&#8221;&#8221; linktarget=&#8221;_self&#8221; alt=&#8221;&#8221; \/][fusion_image image=&#8221;https:\/\/www.bitacoracdmx.com\/wp-content\/uploads\/2019\/02\/ecdlr_5.jpg&#8221; image_id=&#8221;20973|full&#8221; link=&#8221;&#8221; linktarget=&#8221;_self&#8221; alt=&#8221;&#8221; \/][fusion_image image=&#8221;https:\/\/www.bitacoracdmx.com\/wp-content\/uploads\/2019\/02\/ecdlr_7.jpg&#8221; image_id=&#8221;20974|full&#8221; link=&#8221;&#8221; linktarget=&#8221;_self&#8221; alt=&#8221;&#8221; \/][fusion_image image=&#8221;https:\/\/www.bitacoracdmx.com\/wp-content\/uploads\/2019\/02\/ecdlr_8.jpg&#8221; image_id=&#8221;20975|full&#8221; link=&#8221;&#8221; linktarget=&#8221;_self&#8221; alt=&#8221;&#8221; \/][fusion_image image=&#8221;https:\/\/www.bitacoracdmx.com\/wp-content\/uploads\/2019\/02\/ecdlr_10.jpg&#8221; image_id=&#8221;20976|full&#8221; link=&#8221;&#8221; linktarget=&#8221;_self&#8221; alt=&#8221;&#8221; \/][fusion_image image=&#8221;https:\/\/www.bitacoracdmx.com\/wp-content\/uploads\/2019\/02\/ecdlr_13.jpg&#8221; image_id=&#8221;20977|full&#8221; link=&#8221;&#8221; linktarget=&#8221;_self&#8221; alt=&#8221;&#8221; \/][fusion_image image=&#8221;https:\/\/www.bitacoracdmx.com\/wp-content\/uploads\/2019\/02\/Ver\u00f3nicaOrtega_ElCantoDeLaRebeli\u00f3n.jpg&#8221; image_id=&#8221;20978|full&#8221; link=&#8221;&#8221; linktarget=&#8221;_self&#8221; alt=&#8221;&#8221; \/][\/fusion_images][\/fusion_builder_column][\/fusion_builder_row][\/fusion_builder_container]<\/p>\n","protected":false},"excerpt":{"rendered":"<p>[fusion_builder_container hundred_percent=&#8221;no&#8221; equal_height_columns=&#8221;no&#8221; menu_anchor=&#8221;&#8221; hide_on_mobile=&#8221;small-visibility,medium-visibility,large-visibility&#8221; class=&#8221;&#8221; id=&#8221;&#8221; background_color=&#8221;&#8221; background_image=&#8221;&#8221; background_position=&#8221;center center&#8221; background_repeat=&#8221;no-repeat&#8221; fade=&#8221;no&#8221; background_parallax=&#8221;none&#8221; parallax_speed=&#8221;0.3&#8243; video_mp4=&#8221;&#8221; video_webm=&#8221;&#8221; video_ogv=&#8221;&#8221; video_url=&#8221;&#8221; video_aspect_ratio=&#8221;16:9&#8243; video_loop=&#8221;yes&#8221; video_mute=&#8221;yes&#8221; overlay_color=&#8221;&#8221; video_preview_image=&#8221;&#8221; border_size=&#8221;&#8221; border_color=&#8221;&#8221; border_style=&#8221;solid&#8221; padding_top=&#8221;&#8221; padding_bottom=&#8221;&#8221; padding_left=&#8221;&#8221; padding_right=&#8221;&#8221;][fusion_builder_row][fusion_builder_column type=&#8221;1_1&#8243; layout=&#8221;1_1&#8243; background_position=&#8221;left top&#8221; background_color=&#8221;&#8221; border_size=&#8221;&#8221; border_color=&#8221;&#8221; border_style=&#8221;solid&#8221; border_position=&#8221;all&#8221; spacing=&#8221;yes&#8221; background_image=&#8221;&#8221; background_repeat=&#8221;no-repeat&#8221; padding_top=&#8221;&#8221; padding_right=&#8221;&#8221; padding_bottom=&#8221;&#8221; padding_left=&#8221;&#8221; margin_top=&#8221;0px&#8221; margin_bottom=&#8221;0px&#8221; class=&#8221;&#8221; id=&#8221;&#8221; animation_type=&#8221;&#8221; animation_speed=&#8221;0.3&#8243; animation_direction=&#8221;left&#8221; hide_on_mobile=&#8221;small-visibility,medium-visibility,large-visibility&#8221; center_content=&#8221;no&#8221; last=&#8221;no&#8221; min_height=&#8221;&#8221; hover_type=&#8221;none&#8221; link=&#8221;&#8221;][fusion_text] REDACCI\u00d3N La obra\u00a0El canto de la rebeli\u00f3n, inicia temporada del\u00a09 de febrero al 21 de abril\u00a0los s\u00e1bados y domingos a las 13:00 horas en el Teatro Hel\u00e9nico a cargo del director art\u00edstico Sergio Sol\u00eds y el director esc\u00e9nico Adri\u00e1n Ladr\u00f3n, [&hellip;]<\/p>\n","protected":false},"author":1,"featured_media":20969,"comment_status":"open","ping_status":"open","sticky":false,"template":"","format":"standard","meta":{"footnotes":""},"categories":[9,14],"tags":[],"_links":{"self":[{"href":"https:\/\/www.bitacoracdmx.com\/index.php?rest_route=\/wp\/v2\/posts\/20968"}],"collection":[{"href":"https:\/\/www.bitacoracdmx.com\/index.php?rest_route=\/wp\/v2\/posts"}],"about":[{"href":"https:\/\/www.bitacoracdmx.com\/index.php?rest_route=\/wp\/v2\/types\/post"}],"author":[{"embeddable":true,"href":"https:\/\/www.bitacoracdmx.com\/index.php?rest_route=\/wp\/v2\/users\/1"}],"replies":[{"embeddable":true,"href":"https:\/\/www.bitacoracdmx.com\/index.php?rest_route=%2Fwp%2Fv2%2Fcomments&post=20968"}],"version-history":[{"count":1,"href":"https:\/\/www.bitacoracdmx.com\/index.php?rest_route=\/wp\/v2\/posts\/20968\/revisions"}],"predecessor-version":[{"id":20979,"href":"https:\/\/www.bitacoracdmx.com\/index.php?rest_route=\/wp\/v2\/posts\/20968\/revisions\/20979"}],"wp:featuredmedia":[{"embeddable":true,"href":"https:\/\/www.bitacoracdmx.com\/index.php?rest_route=\/wp\/v2\/media\/20969"}],"wp:attachment":[{"href":"https:\/\/www.bitacoracdmx.com\/index.php?rest_route=%2Fwp%2Fv2%2Fmedia&parent=20968"}],"wp:term":[{"taxonomy":"category","embeddable":true,"href":"https:\/\/www.bitacoracdmx.com\/index.php?rest_route=%2Fwp%2Fv2%2Fcategories&post=20968"},{"taxonomy":"post_tag","embeddable":true,"href":"https:\/\/www.bitacoracdmx.com\/index.php?rest_route=%2Fwp%2Fv2%2Ftags&post=20968"}],"curies":[{"name":"wp","href":"https:\/\/api.w.org\/{rel}","templated":true}]}}