{"id":27858,"date":"2019-09-04T05:06:43","date_gmt":"2019-09-04T05:06:43","guid":{"rendered":"https:\/\/www.bitacoracdmx.com\/?p=27858"},"modified":"2019-09-04T05:06:43","modified_gmt":"2019-09-04T05:06:43","slug":"vibraciones-citadinas-en-el-tango-de-hoy-ciudad-de-mexico","status":"publish","type":"post","link":"https:\/\/www.bitacoracdmx.com\/?p=27858","title":{"rendered":"Vibraciones citadinas en El Tango de Hoy Ciudad de M\u00e9xico."},"content":{"rendered":"<p>[fusion_builder_container hundred_percent=&#8221;no&#8221; equal_height_columns=&#8221;no&#8221; menu_anchor=&#8221;&#8221; hide_on_mobile=&#8221;small-visibility,medium-visibility,large-visibility&#8221; class=&#8221;&#8221; id=&#8221;&#8221; background_color=&#8221;&#8221; background_image=&#8221;&#8221; background_position=&#8221;center center&#8221; background_repeat=&#8221;no-repeat&#8221; fade=&#8221;no&#8221; background_parallax=&#8221;none&#8221; parallax_speed=&#8221;0.3&#8243; video_mp4=&#8221;&#8221; video_webm=&#8221;&#8221; video_ogv=&#8221;&#8221; video_url=&#8221;&#8221; video_aspect_ratio=&#8221;16:9&#8243; video_loop=&#8221;yes&#8221; video_mute=&#8221;yes&#8221; overlay_color=&#8221;&#8221; video_preview_image=&#8221;&#8221; border_size=&#8221;&#8221; border_color=&#8221;&#8221; border_style=&#8221;solid&#8221; padding_top=&#8221;&#8221; padding_bottom=&#8221;&#8221; padding_left=&#8221;&#8221; padding_right=&#8221;&#8221;][fusion_builder_row][fusion_builder_column type=&#8221;1_1&#8243; layout=&#8221;1_1&#8243; background_position=&#8221;left top&#8221; background_color=&#8221;&#8221; border_size=&#8221;&#8221; border_color=&#8221;&#8221; border_style=&#8221;solid&#8221; border_position=&#8221;all&#8221; spacing=&#8221;yes&#8221; background_image=&#8221;&#8221; background_repeat=&#8221;no-repeat&#8221; padding_top=&#8221;&#8221; padding_right=&#8221;&#8221; padding_bottom=&#8221;&#8221; padding_left=&#8221;&#8221; margin_top=&#8221;0px&#8221; margin_bottom=&#8221;0px&#8221; class=&#8221;&#8221; id=&#8221;&#8221; animation_type=&#8221;&#8221; animation_speed=&#8221;0.3&#8243; animation_direction=&#8221;left&#8221; hide_on_mobile=&#8221;small-visibility,medium-visibility,large-visibility&#8221; center_content=&#8221;no&#8221; last=&#8221;no&#8221; min_height=&#8221;&#8221; hover_type=&#8221;none&#8221; link=&#8221;&#8221;][fusion_text]<\/p>\n<p>REDACCI\u00d3N<\/p>\n<p>\u00b7 Autor\u00eda de Alberto de Le\u00f3n, la diversidad y vitalidad de la ciudad es convertida en tango.<\/p>\n<p>\u00b7 El espect\u00e1culo de danza, m\u00fasica, canto y arte esc\u00e9nico, se presentar\u00e1 el jueves 5 de septiembre a las 20:30 horas en el Teatro de la Ciudad Esperanza Iris.<\/p>\n<div class=\"text_exposed_show\">\n<p>El Tango de Hoy Ciudad de M\u00e9xico es una puesta en escena, en la que se ver\u00e1 la evoluci\u00f3n del tango, a la par de las sociedades globales. Es una pieza vibrante y actual, una expresi\u00f3n de vida, un reto a las convenciones sociales, que las nuevas generaciones adoptan y lo llevan a niveles t\u00e9cnicos insospechados hasta ahora.<\/p>\n<p>Argentina, Colombia y M\u00e9xico se dan la mano en esta nueva producci\u00f3n con un elenco conformado por reconocidos artistas de diferentes nacionalidades. El espect\u00e1culo es el resultado de una amplia convocatoria, los bailarines de El Tango de Hoy Ciudad de M\u00e9xico constituyen una nueva generaci\u00f3n de int\u00e9rpretes y amantes del tango. Ganadores y participantes de competencias mundialistas, investigadores, docentes y apasionados del tango argentino, conjugar\u00e1n sus talentos por primera vez el jueves 5 de septiembre del Teatro de la Ciudad Esperanza Iris.<\/p>\n<p>Alberto de Le\u00f3n es el autor, core\u00f3grafo y director del trabajo multidisciplinario, quien, adem\u00e1s ha figurado como bailar\u00edn, maestro, core\u00f3grafo, director esc\u00e9nico, jurado y productor de danza. Su exploraci\u00f3n y b\u00fasqueda en el tango argentino inici\u00f3 en 2003 bajo la gu\u00eda de Pablo Portugu\u00e9s y Renata Tagle. En 2006 realiz\u00f3 su primera puesta en escena de tango argentino titulada El Abrazo, en 2012 cre\u00f3 Gotango, realizado en el Lunario del Auditorio Nacional y presentado posteriormente en Voila Acoustique, el Teatro de la Ciudad Esperanza Iris, entre otros espacios. Para 2018, estren\u00f3 Esto no es tango!, Homenaje a las v\u00edctimas de los procesos de migraci\u00f3n contempor\u00e1nea.<\/p>\n<p>El Tango de Hoy Ciudad de M\u00e9xico, en palabras de su creador, se asemeja a nuestra ciudad, pues es siempre impredecible y tambi\u00e9n llena de vida. Constituye la cuarta producci\u00f3n de la compa\u00f1\u00eda Fen\u00f3meno Esc\u00e9nico, bajo la direcci\u00f3n de Alberto de Le\u00f3n.<\/p>\n<p>El Tango de Hoy Ciudad de M\u00e9xico se presentar\u00e1 el jueves 5 de septiembre a las 20:30 horas, en el Teatro de la Ciudad Esperanza Iris (Donceles 36, colonia Centro Hist\u00f3rico, cerca del Metro Allende). Localidades: desde 350 hasta 750 pesos. Descuentos de 50% a estudiantes de nivel b\u00e1sico, maestros, personas con discapacidad trabajadores de gobierno y miembros del INAPAM con credencial vigente. Sujeto a disponibilidad y aplican restricciones.<\/p>\n<\/div>\n<p>[\/fusion_text][fusion_imageframe image_id=&#8221;27859|full&#8221; max_width=&#8221;&#8221; style_type=&#8221;&#8221; blur=&#8221;&#8221; stylecolor=&#8221;&#8221; hover_type=&#8221;none&#8221; bordersize=&#8221;&#8221; bordercolor=&#8221;&#8221; borderradius=&#8221;&#8221; align=&#8221;none&#8221; lightbox=&#8221;no&#8221; gallery_id=&#8221;&#8221; lightbox_image=&#8221;&#8221; lightbox_image_id=&#8221;&#8221; alt=&#8221;&#8221; link=&#8221;&#8221; linktarget=&#8221;_self&#8221; hide_on_mobile=&#8221;small-visibility,medium-visibility,large-visibility&#8221; class=&#8221;&#8221; id=&#8221;&#8221; animation_type=&#8221;&#8221; animation_direction=&#8221;left&#8221; animation_speed=&#8221;0.3&#8243; animation_offset=&#8221;&#8221;]https:\/\/www.bitacoracdmx.com\/wp-content\/uploads\/2019\/09\/TANGO.jpg[\/fusion_imageframe][\/fusion_builder_column][\/fusion_builder_row][\/fusion_builder_container]<\/p>\n","protected":false},"excerpt":{"rendered":"<p>[fusion_builder_container hundred_percent=&#8221;no&#8221; equal_height_columns=&#8221;no&#8221; menu_anchor=&#8221;&#8221; hide_on_mobile=&#8221;small-visibility,medium-visibility,large-visibility&#8221; class=&#8221;&#8221; id=&#8221;&#8221; background_color=&#8221;&#8221; background_image=&#8221;&#8221; background_position=&#8221;center center&#8221; background_repeat=&#8221;no-repeat&#8221; fade=&#8221;no&#8221; background_parallax=&#8221;none&#8221; parallax_speed=&#8221;0.3&#8243; video_mp4=&#8221;&#8221; video_webm=&#8221;&#8221; video_ogv=&#8221;&#8221; video_url=&#8221;&#8221; video_aspect_ratio=&#8221;16:9&#8243; video_loop=&#8221;yes&#8221; video_mute=&#8221;yes&#8221; overlay_color=&#8221;&#8221; video_preview_image=&#8221;&#8221; border_size=&#8221;&#8221; border_color=&#8221;&#8221; border_style=&#8221;solid&#8221; padding_top=&#8221;&#8221; padding_bottom=&#8221;&#8221; padding_left=&#8221;&#8221; padding_right=&#8221;&#8221;][fusion_builder_row][fusion_builder_column type=&#8221;1_1&#8243; layout=&#8221;1_1&#8243; background_position=&#8221;left top&#8221; background_color=&#8221;&#8221; border_size=&#8221;&#8221; border_color=&#8221;&#8221; border_style=&#8221;solid&#8221; border_position=&#8221;all&#8221; spacing=&#8221;yes&#8221; background_image=&#8221;&#8221; background_repeat=&#8221;no-repeat&#8221; padding_top=&#8221;&#8221; padding_right=&#8221;&#8221; padding_bottom=&#8221;&#8221; padding_left=&#8221;&#8221; margin_top=&#8221;0px&#8221; margin_bottom=&#8221;0px&#8221; class=&#8221;&#8221; id=&#8221;&#8221; animation_type=&#8221;&#8221; animation_speed=&#8221;0.3&#8243; animation_direction=&#8221;left&#8221; hide_on_mobile=&#8221;small-visibility,medium-visibility,large-visibility&#8221; center_content=&#8221;no&#8221; last=&#8221;no&#8221; min_height=&#8221;&#8221; hover_type=&#8221;none&#8221; link=&#8221;&#8221;][fusion_text] REDACCI\u00d3N \u00b7 Autor\u00eda de Alberto de Le\u00f3n, la diversidad y vitalidad de la ciudad es convertida en tango. \u00b7 El espect\u00e1culo de danza, m\u00fasica, canto y arte esc\u00e9nico, se presentar\u00e1 el jueves 5 de septiembre a las 20:30 horas en [&hellip;]<\/p>\n","protected":false},"author":1,"featured_media":27859,"comment_status":"open","ping_status":"open","sticky":false,"template":"","format":"standard","meta":{"footnotes":""},"categories":[9,14],"tags":[],"_links":{"self":[{"href":"https:\/\/www.bitacoracdmx.com\/index.php?rest_route=\/wp\/v2\/posts\/27858"}],"collection":[{"href":"https:\/\/www.bitacoracdmx.com\/index.php?rest_route=\/wp\/v2\/posts"}],"about":[{"href":"https:\/\/www.bitacoracdmx.com\/index.php?rest_route=\/wp\/v2\/types\/post"}],"author":[{"embeddable":true,"href":"https:\/\/www.bitacoracdmx.com\/index.php?rest_route=\/wp\/v2\/users\/1"}],"replies":[{"embeddable":true,"href":"https:\/\/www.bitacoracdmx.com\/index.php?rest_route=%2Fwp%2Fv2%2Fcomments&post=27858"}],"version-history":[{"count":1,"href":"https:\/\/www.bitacoracdmx.com\/index.php?rest_route=\/wp\/v2\/posts\/27858\/revisions"}],"predecessor-version":[{"id":27860,"href":"https:\/\/www.bitacoracdmx.com\/index.php?rest_route=\/wp\/v2\/posts\/27858\/revisions\/27860"}],"wp:featuredmedia":[{"embeddable":true,"href":"https:\/\/www.bitacoracdmx.com\/index.php?rest_route=\/wp\/v2\/media\/27859"}],"wp:attachment":[{"href":"https:\/\/www.bitacoracdmx.com\/index.php?rest_route=%2Fwp%2Fv2%2Fmedia&parent=27858"}],"wp:term":[{"taxonomy":"category","embeddable":true,"href":"https:\/\/www.bitacoracdmx.com\/index.php?rest_route=%2Fwp%2Fv2%2Fcategories&post=27858"},{"taxonomy":"post_tag","embeddable":true,"href":"https:\/\/www.bitacoracdmx.com\/index.php?rest_route=%2Fwp%2Fv2%2Ftags&post=27858"}],"curies":[{"name":"wp","href":"https:\/\/api.w.org\/{rel}","templated":true}]}}