{"id":27960,"date":"2019-09-08T21:44:31","date_gmt":"2019-09-08T21:44:31","guid":{"rendered":"https:\/\/www.bitacoracdmx.com\/?p=27960"},"modified":"2019-09-08T21:44:31","modified_gmt":"2019-09-08T21:44:31","slug":"danza-clasica-contemporanea-y-tradicional-presentes-en-guanajuato","status":"publish","type":"post","link":"https:\/\/www.bitacoracdmx.com\/?p=27960","title":{"rendered":"Danza cl\u00e1sica, contempor\u00e1nea y tradicional presentes en Guanajuato"},"content":{"rendered":"<p>[fusion_builder_container hundred_percent=&#8221;no&#8221; equal_height_columns=&#8221;no&#8221; menu_anchor=&#8221;&#8221; hide_on_mobile=&#8221;small-visibility,medium-visibility,large-visibility&#8221; class=&#8221;&#8221; id=&#8221;&#8221; background_color=&#8221;&#8221; background_image=&#8221;&#8221; background_position=&#8221;center center&#8221; background_repeat=&#8221;no-repeat&#8221; fade=&#8221;no&#8221; background_parallax=&#8221;none&#8221; parallax_speed=&#8221;0.3&#8243; video_mp4=&#8221;&#8221; video_webm=&#8221;&#8221; video_ogv=&#8221;&#8221; video_url=&#8221;&#8221; video_aspect_ratio=&#8221;16:9&#8243; video_loop=&#8221;yes&#8221; video_mute=&#8221;yes&#8221; overlay_color=&#8221;&#8221; video_preview_image=&#8221;&#8221; border_size=&#8221;&#8221; border_color=&#8221;&#8221; border_style=&#8221;solid&#8221; padding_top=&#8221;&#8221; padding_bottom=&#8221;&#8221; padding_left=&#8221;&#8221; padding_right=&#8221;&#8221;][fusion_builder_row][fusion_builder_column type=&#8221;1_1&#8243; layout=&#8221;1_1&#8243; background_position=&#8221;left top&#8221; background_color=&#8221;&#8221; border_size=&#8221;&#8221; border_color=&#8221;&#8221; border_style=&#8221;solid&#8221; border_position=&#8221;all&#8221; spacing=&#8221;yes&#8221; background_image=&#8221;&#8221; background_repeat=&#8221;no-repeat&#8221; padding_top=&#8221;&#8221; padding_right=&#8221;&#8221; padding_bottom=&#8221;&#8221; padding_left=&#8221;&#8221; margin_top=&#8221;0px&#8221; margin_bottom=&#8221;0px&#8221; class=&#8221;&#8221; id=&#8221;&#8221; animation_type=&#8221;&#8221; animation_speed=&#8221;0.3&#8243; animation_direction=&#8221;left&#8221; hide_on_mobile=&#8221;small-visibility,medium-visibility,large-visibility&#8221; center_content=&#8221;no&#8221; last=&#8221;no&#8221; min_height=&#8221;&#8221; hover_type=&#8221;none&#8221; link=&#8221;&#8221;][fusion_text]<\/p>\n<p>REDACCI\u00d3N<\/p>\n<p>Durante la edici\u00f3n 47 del Festival Internacional Cervantino se har\u00e1n presentes 12 espect\u00e1culos danc\u00edsticos<\/p>\n<p>Considerada una de las primeras manifestaciones art\u00edsticas en la historia, la danza contin\u00faa siendo un instrumento que permite expresar emociones y sentimientos a trav\u00e9s del cuerpo, es por ello que su presencia en el FIC es indispensable y en esta edici\u00f3n disfrutaremos de espect\u00e1culos del 5\u00b0 arte de Canad\u00e1, Espa\u00f1a, Taiw\u00e1n y M\u00e9xico.<\/p>\n<p>Como propuesta de danza cl\u00e1sica y como parte de la temporada de su 80 aniversario, llega desde Canad\u00e1 la Royal Winnipeg Ballet con Going Home Star, una pieza que mezcla la m\u00fasica y el baile mientras relata la historia de Annie, una joven aborigen que aprende de los conflictos que existieron entre las naciones nativas y quienes llegaron a asentarse; esta obra surge de la pol\u00edtica del gobierno canadiense de reconciliaci\u00f3n con los pueblos originarios.<\/p>\n<p>Dancers of Damelahamid es una compa\u00f1\u00eda de danza ind\u00edgena de la costa noroeste de Columbia Brit\u00e1nica que describir\u00e1 el acto de recobrar el camino y el entendimiento con el espect\u00e1culo M\u00eenowin, en el que integran narraci\u00f3n, movimiento, canto, actuaci\u00f3n y dise\u00f1o multimedia.<\/p>\n<p>En el contexto del eje tem\u00e1tico de este a\u00f1o, la danza abordar\u00e1 tambi\u00e9n la migraci\u00f3n, y con Ciudad Interior, compa\u00f1\u00eda creada por Alejandro Ch\u00e1vez, pondr\u00e1 a reflexionar al espectador sobre este tema desde una perspectiva art\u00edstica, a trav\u00e9s del espect\u00e1culo \u00c9xodo nocturno (El no lugar). Por su parte, la Compa\u00f1\u00eda de Danza Contempor\u00e1nea de Acapulco dirigida por Seraf\u00edn Aponte N\u00e1jera presentar\u00e1 el espect\u00e1culo Matices, en el que participar\u00e1n la Orquesta Filarm\u00f3nica de Acapulco y los Hermanos Tavira con la finalidad de fusionar m\u00fasica calentana, danza contempor\u00e1nea y m\u00fasica orquestal, para crear un discurso tambi\u00e9n sobre este t\u00f3pico.<\/p>\n<p>Desde Espa\u00f1a llegar\u00e1 a Guanajuato, la danza contempor\u00e1nea de Ensamble Le Tendr\u00e9 Amour, quienes a trav\u00e9s de Seasons entrelazar\u00e1n danza, circo y m\u00fasica barroca, para recrear las estaciones del a\u00f1o y el ciclo vital del hombre, bajo una escenificaci\u00f3n art\u00edstica que emula obras del famoso pintor Pieter Brueghel.<\/p>\n<p>Otro de los temas que ser\u00e1n visibles durante el Cervantino es la interacci\u00f3n de la tecnolog\u00eda con el arte. Kuka es un robot que imita las emociones humanas y tiene la capacidad de bailar con varias personas en el escenario; fue mandado a programar en 2010 y creado a la imagen y semejanza del bailar\u00edn Huang Yi, quien deseaba liberar los sentimientos de su infancia a trav\u00e9s de aqu\u00e9l.<\/p>\n<p>Con ILL-Abilities&#x2122; Crew, ocho bailarines de breakdance con discapacidad nos ense\u00f1an que ser diferentes es una fortaleza y que el baile puede ser liberador y nos ayuda a mostrar nuestra esencia; esta agrupaci\u00f3n se presentar\u00e1 por primera vez en nuestro pa\u00eds en el Cervantino con el espect\u00e1culo Dis-Connect.<\/p>\n<p>Con la presencia de Peggy Baker, \u00edcono de la danza contempor\u00e1nea canadiense, los m\u00fasicos de Arcade Fire, Sarah Neufeld y Jeremy Gara, junto a un grupo de bailarines mostrar\u00e1n un espect\u00e1culo esc\u00e9nico multimedia que explora qui\u00e9nes somos en la oscuridad, con Who We Are in the Dark.<\/p>\n<p>La danza tradicional tendr\u00e1 su espacio con la presencia del Ballet Folkl\u00f3rico de M\u00e9xico de Amalia Hern\u00e1ndez, el cual se ha convertido en el embajador cultural de nuestro pa\u00eds y nos transportar\u00e1 a diversas regiones de la rep\u00fablica mexicana con: la Danza del venado, baile representativo del pueblo yaqui; danzas de Veracruz como La rama; de Jalisco el famoso Jarabe tapat\u00edo y, adem\u00e1s, con bailes de danz\u00f3n.<\/p>\n<p>Por su parte, el Ballet Folkl\u00f3rico de la Universidad de Guanajuato deleitar\u00e1 con Las Fiestas en M\u00e9xico, una herencia cultural, donde refleja el mestizaje que ha conformado nuestra identidad. Adem\u00e1s, Patricia Linares Compa\u00f1\u00eda de Baile Flamenco, mostrar\u00e1 un espect\u00e1culo esc\u00e9nico lleno de simbolismos que aborda diversas vivencias en un mundo subjetivo, con su espect\u00e1culo Luz en la Piedra.<\/p>\n<p>Y no pod\u00eda faltar la presencia de la bailaora y core\u00f3grafa espa\u00f1ola Sara Baras que viene al Cervantino para celebrar una trayectoria art\u00edstica de 20 a\u00f1os con Sombras, una producci\u00f3n que parece tratarse de una carta de amor dirigida a su madre y su abuela, y por supuesto, a su otro afecto eterno, el flamenco.<\/p>\n<p>Para mayor informaci\u00f3n sobre la programaci\u00f3n y las actividades de la edici\u00f3n 47 del Festival Internacional Cervantino, se puede consultar la p\u00e1gina https:\/\/festivalcervantino.gob.mx\/ y www.mexicoescultura.com.<\/p>\n<p>[\/fusion_text][fusion_gallery layout=&#8221;&#8221; picture_size=&#8221;&#8221; columns=&#8221;&#8221; column_spacing=&#8221;10&#8243; gallery_masonry_grid_ratio=&#8221;&#8221; gallery_masonry_width_double=&#8221;&#8221; hover_type=&#8221;&#8221; lightbox=&#8221;yes&#8221; lightbox_content=&#8221;&#8221; bordersize=&#8221;&#8221; bordercolor=&#8221;&#8221; border_radius=&#8221;&#8221; hide_on_mobile=&#8221;small-visibility,medium-visibility,large-visibility&#8221; class=&#8221;&#8221; id=&#8221;&#8221;][fusion_gallery_image image=&#8221;https:\/\/www.bitacoracdmx.com\/wp-content\/uploads\/2019\/09\/DANZA.jpg&#8221; image_id=&#8221;27961|full&#8221; link=&#8221;&#8221; linktarget=&#8221;_self&#8221; \/][fusion_gallery_image image=&#8221;https:\/\/www.bitacoracdmx.com\/wp-content\/uploads\/2019\/09\/DANZA1.jpg&#8221; image_id=&#8221;27962|full&#8221; link=&#8221;&#8221; linktarget=&#8221;_self&#8221; \/][fusion_gallery_image image=&#8221;https:\/\/www.bitacoracdmx.com\/wp-content\/uploads\/2019\/09\/DANZA2.jpg&#8221; image_id=&#8221;27963|full&#8221; link=&#8221;&#8221; linktarget=&#8221;_self&#8221; \/][fusion_gallery_image image=&#8221;https:\/\/www.bitacoracdmx.com\/wp-content\/uploads\/2019\/09\/DANZA3.jpg&#8221; image_id=&#8221;27964|full&#8221; link=&#8221;&#8221; linktarget=&#8221;_self&#8221; \/][fusion_gallery_image image=&#8221;https:\/\/www.bitacoracdmx.com\/wp-content\/uploads\/2019\/09\/DANZA4.jpg&#8221; image_id=&#8221;27965|full&#8221; link=&#8221;&#8221; linktarget=&#8221;_self&#8221; \/][fusion_gallery_image image=&#8221;https:\/\/www.bitacoracdmx.com\/wp-content\/uploads\/2019\/09\/DANZA5.jpg&#8221; image_id=&#8221;27966|full&#8221; link=&#8221;&#8221; linktarget=&#8221;_self&#8221; \/][\/fusion_gallery][\/fusion_builder_column][\/fusion_builder_row][\/fusion_builder_container]<\/p>\n","protected":false},"excerpt":{"rendered":"<p>[fusion_builder_container hundred_percent=&#8221;no&#8221; equal_height_columns=&#8221;no&#8221; menu_anchor=&#8221;&#8221; hide_on_mobile=&#8221;small-visibility,medium-visibility,large-visibility&#8221; class=&#8221;&#8221; id=&#8221;&#8221; background_color=&#8221;&#8221; background_image=&#8221;&#8221; background_position=&#8221;center center&#8221; background_repeat=&#8221;no-repeat&#8221; fade=&#8221;no&#8221; background_parallax=&#8221;none&#8221; parallax_speed=&#8221;0.3&#8243; video_mp4=&#8221;&#8221; video_webm=&#8221;&#8221; video_ogv=&#8221;&#8221; video_url=&#8221;&#8221; video_aspect_ratio=&#8221;16:9&#8243; video_loop=&#8221;yes&#8221; video_mute=&#8221;yes&#8221; overlay_color=&#8221;&#8221; video_preview_image=&#8221;&#8221; border_size=&#8221;&#8221; border_color=&#8221;&#8221; border_style=&#8221;solid&#8221; padding_top=&#8221;&#8221; padding_bottom=&#8221;&#8221; padding_left=&#8221;&#8221; padding_right=&#8221;&#8221;][fusion_builder_row][fusion_builder_column type=&#8221;1_1&#8243; layout=&#8221;1_1&#8243; background_position=&#8221;left top&#8221; background_color=&#8221;&#8221; border_size=&#8221;&#8221; border_color=&#8221;&#8221; border_style=&#8221;solid&#8221; border_position=&#8221;all&#8221; spacing=&#8221;yes&#8221; background_image=&#8221;&#8221; background_repeat=&#8221;no-repeat&#8221; padding_top=&#8221;&#8221; padding_right=&#8221;&#8221; padding_bottom=&#8221;&#8221; padding_left=&#8221;&#8221; margin_top=&#8221;0px&#8221; margin_bottom=&#8221;0px&#8221; class=&#8221;&#8221; id=&#8221;&#8221; animation_type=&#8221;&#8221; animation_speed=&#8221;0.3&#8243; animation_direction=&#8221;left&#8221; hide_on_mobile=&#8221;small-visibility,medium-visibility,large-visibility&#8221; center_content=&#8221;no&#8221; last=&#8221;no&#8221; min_height=&#8221;&#8221; hover_type=&#8221;none&#8221; link=&#8221;&#8221;][fusion_text] REDACCI\u00d3N Durante la edici\u00f3n 47 del Festival Internacional Cervantino se har\u00e1n presentes 12 espect\u00e1culos danc\u00edsticos Considerada una de las primeras manifestaciones art\u00edsticas en la historia, la danza contin\u00faa siendo un instrumento que permite expresar emociones y sentimientos a trav\u00e9s del [&hellip;]<\/p>\n","protected":false},"author":1,"featured_media":27963,"comment_status":"open","ping_status":"open","sticky":false,"template":"","format":"standard","meta":{"footnotes":""},"categories":[5,9],"tags":[],"_links":{"self":[{"href":"https:\/\/www.bitacoracdmx.com\/index.php?rest_route=\/wp\/v2\/posts\/27960"}],"collection":[{"href":"https:\/\/www.bitacoracdmx.com\/index.php?rest_route=\/wp\/v2\/posts"}],"about":[{"href":"https:\/\/www.bitacoracdmx.com\/index.php?rest_route=\/wp\/v2\/types\/post"}],"author":[{"embeddable":true,"href":"https:\/\/www.bitacoracdmx.com\/index.php?rest_route=\/wp\/v2\/users\/1"}],"replies":[{"embeddable":true,"href":"https:\/\/www.bitacoracdmx.com\/index.php?rest_route=%2Fwp%2Fv2%2Fcomments&post=27960"}],"version-history":[{"count":1,"href":"https:\/\/www.bitacoracdmx.com\/index.php?rest_route=\/wp\/v2\/posts\/27960\/revisions"}],"predecessor-version":[{"id":27967,"href":"https:\/\/www.bitacoracdmx.com\/index.php?rest_route=\/wp\/v2\/posts\/27960\/revisions\/27967"}],"wp:featuredmedia":[{"embeddable":true,"href":"https:\/\/www.bitacoracdmx.com\/index.php?rest_route=\/wp\/v2\/media\/27963"}],"wp:attachment":[{"href":"https:\/\/www.bitacoracdmx.com\/index.php?rest_route=%2Fwp%2Fv2%2Fmedia&parent=27960"}],"wp:term":[{"taxonomy":"category","embeddable":true,"href":"https:\/\/www.bitacoracdmx.com\/index.php?rest_route=%2Fwp%2Fv2%2Fcategories&post=27960"},{"taxonomy":"post_tag","embeddable":true,"href":"https:\/\/www.bitacoracdmx.com\/index.php?rest_route=%2Fwp%2Fv2%2Ftags&post=27960"}],"curies":[{"name":"wp","href":"https:\/\/api.w.org\/{rel}","templated":true}]}}