{"id":27999,"date":"2019-09-08T22:43:20","date_gmt":"2019-09-08T22:43:20","guid":{"rendered":"https:\/\/www.bitacoracdmx.com\/?p=27999"},"modified":"2019-09-08T22:43:20","modified_gmt":"2019-09-08T22:43:20","slug":"eliades-ochoa-regresa-a-mexico-con-una-presentacion-epecial-en-el-teatro-metropolitan","status":"publish","type":"post","link":"https:\/\/www.bitacoracdmx.com\/?p=27999","title":{"rendered":"EL\u00cdADES OCHOA regresa a M\u00e9xico con una presentaci\u00f3n epecial en el Teatro Metrop\u00f3litan"},"content":{"rendered":"<p>[fusion_builder_container hundred_percent=&#8221;no&#8221; equal_height_columns=&#8221;no&#8221; menu_anchor=&#8221;&#8221; hide_on_mobile=&#8221;small-visibility,medium-visibility,large-visibility&#8221; class=&#8221;&#8221; id=&#8221;&#8221; background_color=&#8221;&#8221; background_image=&#8221;&#8221; background_position=&#8221;center center&#8221; background_repeat=&#8221;no-repeat&#8221; fade=&#8221;no&#8221; background_parallax=&#8221;none&#8221; parallax_speed=&#8221;0.3&#8243; video_mp4=&#8221;&#8221; video_webm=&#8221;&#8221; video_ogv=&#8221;&#8221; video_url=&#8221;&#8221; video_aspect_ratio=&#8221;16:9&#8243; video_loop=&#8221;yes&#8221; video_mute=&#8221;yes&#8221; overlay_color=&#8221;&#8221; video_preview_image=&#8221;&#8221; border_size=&#8221;&#8221; border_color=&#8221;&#8221; border_style=&#8221;solid&#8221; padding_top=&#8221;&#8221; padding_bottom=&#8221;&#8221; padding_left=&#8221;&#8221; padding_right=&#8221;&#8221;][fusion_builder_row][fusion_builder_column type=&#8221;1_1&#8243; layout=&#8221;1_1&#8243; background_position=&#8221;left top&#8221; background_color=&#8221;&#8221; border_size=&#8221;&#8221; border_color=&#8221;&#8221; border_style=&#8221;solid&#8221; border_position=&#8221;all&#8221; spacing=&#8221;yes&#8221; background_image=&#8221;&#8221; background_repeat=&#8221;no-repeat&#8221; padding_top=&#8221;&#8221; padding_right=&#8221;&#8221; padding_bottom=&#8221;&#8221; padding_left=&#8221;&#8221; margin_top=&#8221;0px&#8221; margin_bottom=&#8221;0px&#8221; class=&#8221;&#8221; id=&#8221;&#8221; animation_type=&#8221;&#8221; animation_speed=&#8221;0.3&#8243; animation_direction=&#8221;left&#8221; hide_on_mobile=&#8221;small-visibility,medium-visibility,large-visibility&#8221; center_content=&#8221;no&#8221; last=&#8221;no&#8221; min_height=&#8221;&#8221; hover_type=&#8221;none&#8221; link=&#8221;&#8221;][fusion_text]<\/p>\n<p>REDACCI\u00d3N<\/p>\n<p class=\"x_m_5051856569682505608gmail-MsoNoSpacing\"><b><i>*Se presenta el mi\u00e9rcoles 23 de Octubre en el Teatro Metrop\u00f3litan a partir de las ocho y emdia de la noche. Boletos a la venta en el Sistema Ticketmaster<\/i><\/b><\/p>\n<p class=\"x_m_5051856569682505608gmail-MsoNoSpacing\"><b><i>*El s\u00e1bado 26 de Octubre llega a M\u00e9rida para ofrecer un concierto en el Auditorio La Isla a partir de las nueve de la noche. Boletos a la venta en el Sistema E-Ticket<\/i><\/b><\/p>\n<p class=\"x_m_5051856569682505608gmail-MsoNoSpacing\">Mucho le debe el son cubano a la reconocida estrella del Buena Vista Social Club Eliades Ochoa (Santiago de Cuba, 1946), que lider\u00f3 en gran medida ese fen\u00f3meno mundial que fue precisamente Buena Vista Social Club en el disco superventas, aunque ya antes fue digno heredero del legendario Cuarteto Patria, que sigue activo. La m\u00fasica le debe todo, hasta un documental titulado \u201cEliades Ochoa: from Cuba to the world\u201d, que le reconoce su lugar. El destacado cantautor cubano Eliades Ochoa se presentar\u00e1 en la ciudad de M\u00e9xico el mi\u00e9rcoles 23 de Octubre en el Teatro Metrop\u00f3litan a partir de las ocho y media de la noche. Boletos a la venta en el Sistema Ticketmaster. Unos d\u00edas despu\u00e9s, llegar\u00e1 el s\u00e1bado 26 de Octubre a M\u00e9rida para ofrecer un concierto en el Auditorio La Isla a partir de las nueve de la noche. Boletos a la venta en el Sistema E-Ticket.<\/p>\n<p class=\"x_m_5051856569682505608gmail-MsoNoSpacing\">El\u00edades Ochoa Bustamante naci\u00f3 el 22 de junio de 1946 en el poblado de Songo la Maya, en Santiago de Cuba, en un lugar llamado La Loma de la Avispa. Comenz\u00f3 a tocar la guitarra con seis a\u00f1os de manera autodidacta. Sus padres eran de procedencia campesina y m\u00fasicos naturales. Su madre tocaba el tres, al igual que su padre Arist\u00f3nico Ochoa. Cuenta con m\u00e1s de 20 discos que\u00a0 recogen cl\u00e1sicos de la trova santiaguera, licenciados por disqueras como Coraz\u00f3n, Virgin, EGREM y Bis Music. Ha colaborado en m\u00e1s de 30 discos con importantes m\u00fasicos y ha llevado la m\u00fasica cubana por diversos pa\u00edses. En 1999 fu\u00e9 nominado a los Premios Oscar junto a los m\u00fasicos del Buena Vista Social Club por el filme hom\u00f3nimo, dirigido por Wim Wenders y con la Producci\u00f3n de Ry Cooder.<\/p>\n<p class=\"x_m_5051856569682505608gmail-MsoNoSpacing\">En el 2010 los artistas malienses Toumani Diabat\u00e9, Bassekou Kouyate, Kasse Mady Diabat\u00e9, Djelimady Tounkara, Fode Lassana Diabat\u00e9 y Baba Sissoko grabaron con Eli\u00e1des el fonograma Afrocubism, seleccionado por la National Geographic como \u201cMejor disco del mundo\u201d. Esta producci\u00f3n musical se gest\u00f3 en el a\u00f1o 1996, pero debido a razones log\u00edsticas los artistas africanos no pudieron llegar a Cuba. El proyecto finalmente se desarroll\u00f3 con el nombre de Buena Vista Social Club y solo incluy\u00f3 a m\u00fasicos cubanos. Sin embargo,<\/p>\n<p class=\"x_m_5051856569682505608gmail-MsoNoSpacing\">Ha afirmado que \u201cuno de los mayores privilegios de mi vida ha sido dirigir y producir el documental &#8221;Eliades Ochoa de Cuba y para el mundo&#8221;, siendo piedra angular del proceso de filmaci\u00f3n de la cinta dedicada a uno de los m\u00e1s reconocidos int\u00e9rpretes de la m\u00fasica tradicional cubana en una obra que no solo presenta pormenores de la vida del cantautor, sino que realiza un recorrido por su obra, distinguida por g\u00e9neros como la Guajira, la Guaracha, el Bolero y el Son. Actualmente se hace acompa\u00f1ar por Marcos Antonio Fern\u00e1ndez en el piano, Eglis Ochoa Hidalgo en los coros y maracas, Jos\u00e9 \u00c1ngel Mart\u00ednez en el bajo, Raony S\u00e1nchez y Reinaldo Orestes en las trompetas y Jorge Naturell Romero en las percusiones.<\/p>\n<p class=\"x_m_5051856569682505608gmail-MsoNoSpacing\">El destacado cantautor cubano Eliades Ochoa se presentar\u00e1 en la ciudad de M\u00e9xico el mi\u00e9rcoles 23 de Octubre en el Teatro Metrop\u00f3litan a partir de las ocho y media de la noche. Boletos a la venta en el Sistema Ticketmaster. Unos d\u00edas despu\u00e9s, llegar\u00e1 el s\u00e1bado 26 de Octubre a M\u00e9rida para ofrecer un concierto en el Auditorio La Isla a partir de las nueve de la noche. Boletos para esta funci\u00f3n a la venta en el Sistema E-Ticket.<\/p>\n<p>[\/fusion_text][fusion_gallery layout=&#8221;&#8221; picture_size=&#8221;&#8221; columns=&#8221;&#8221; column_spacing=&#8221;10&#8243; gallery_masonry_grid_ratio=&#8221;&#8221; gallery_masonry_width_double=&#8221;&#8221; hover_type=&#8221;&#8221; lightbox=&#8221;yes&#8221; lightbox_content=&#8221;&#8221; bordersize=&#8221;&#8221; bordercolor=&#8221;&#8221; border_radius=&#8221;&#8221; hide_on_mobile=&#8221;small-visibility,medium-visibility,large-visibility&#8221; class=&#8221;&#8221; id=&#8221;&#8221;][fusion_gallery_image image=&#8221;https:\/\/www.bitacoracdmx.com\/wp-content\/uploads\/2019\/09\/ELIADES-OCHOA-2019-CARTEL-MERIDA.jpeg&#8221; image_id=&#8221;28000|full&#8221; link=&#8221;&#8221; linktarget=&#8221;_self&#8221; \/][fusion_gallery_image image=&#8221;https:\/\/www.bitacoracdmx.com\/wp-content\/uploads\/2019\/09\/ELIADES-OCHOA-2019-CARTEL-METROPOLITAN.jpeg&#8221; image_id=&#8221;28001|full&#8221; link=&#8221;&#8221; linktarget=&#8221;_self&#8221; \/][fusion_gallery_image image=&#8221;https:\/\/www.bitacoracdmx.com\/wp-content\/uploads\/2019\/09\/ELIADES-OCHOA-2019-FOTO1.jpg&#8221; image_id=&#8221;28002|full&#8221; link=&#8221;&#8221; linktarget=&#8221;_self&#8221; \/][fusion_gallery_image image=&#8221;https:\/\/www.bitacoracdmx.com\/wp-content\/uploads\/2019\/09\/ELIADES-OCHOA-2019-FOTO2.jpg&#8221; image_id=&#8221;28003|full&#8221; link=&#8221;&#8221; linktarget=&#8221;_self&#8221; \/][fusion_gallery_image image=&#8221;https:\/\/www.bitacoracdmx.com\/wp-content\/uploads\/2019\/09\/ELIADES-OCHOA-2019-FOTO3.jpg&#8221; image_id=&#8221;28004|full&#8221; link=&#8221;&#8221; linktarget=&#8221;_self&#8221; \/][\/fusion_gallery][\/fusion_builder_column][\/fusion_builder_row][\/fusion_builder_container]<\/p>\n","protected":false},"excerpt":{"rendered":"<p>[fusion_builder_container hundred_percent=&#8221;no&#8221; equal_height_columns=&#8221;no&#8221; menu_anchor=&#8221;&#8221; hide_on_mobile=&#8221;small-visibility,medium-visibility,large-visibility&#8221; class=&#8221;&#8221; id=&#8221;&#8221; background_color=&#8221;&#8221; background_image=&#8221;&#8221; background_position=&#8221;center center&#8221; background_repeat=&#8221;no-repeat&#8221; fade=&#8221;no&#8221; background_parallax=&#8221;none&#8221; parallax_speed=&#8221;0.3&#8243; video_mp4=&#8221;&#8221; video_webm=&#8221;&#8221; video_ogv=&#8221;&#8221; video_url=&#8221;&#8221; video_aspect_ratio=&#8221;16:9&#8243; video_loop=&#8221;yes&#8221; video_mute=&#8221;yes&#8221; overlay_color=&#8221;&#8221; video_preview_image=&#8221;&#8221; border_size=&#8221;&#8221; border_color=&#8221;&#8221; border_style=&#8221;solid&#8221; padding_top=&#8221;&#8221; padding_bottom=&#8221;&#8221; padding_left=&#8221;&#8221; padding_right=&#8221;&#8221;][fusion_builder_row][fusion_builder_column type=&#8221;1_1&#8243; layout=&#8221;1_1&#8243; background_position=&#8221;left top&#8221; background_color=&#8221;&#8221; border_size=&#8221;&#8221; border_color=&#8221;&#8221; border_style=&#8221;solid&#8221; border_position=&#8221;all&#8221; spacing=&#8221;yes&#8221; background_image=&#8221;&#8221; background_repeat=&#8221;no-repeat&#8221; padding_top=&#8221;&#8221; padding_right=&#8221;&#8221; padding_bottom=&#8221;&#8221; padding_left=&#8221;&#8221; margin_top=&#8221;0px&#8221; margin_bottom=&#8221;0px&#8221; class=&#8221;&#8221; id=&#8221;&#8221; animation_type=&#8221;&#8221; animation_speed=&#8221;0.3&#8243; animation_direction=&#8221;left&#8221; hide_on_mobile=&#8221;small-visibility,medium-visibility,large-visibility&#8221; center_content=&#8221;no&#8221; last=&#8221;no&#8221; min_height=&#8221;&#8221; hover_type=&#8221;none&#8221; link=&#8221;&#8221;][fusion_text] REDACCI\u00d3N *Se presenta el mi\u00e9rcoles 23 de Octubre en el Teatro Metrop\u00f3litan a partir de las ocho y emdia de la noche. Boletos a la venta en el Sistema Ticketmaster *El s\u00e1bado 26 de Octubre llega a M\u00e9rida para ofrecer [&hellip;]<\/p>\n","protected":false},"author":1,"featured_media":28001,"comment_status":"open","ping_status":"open","sticky":false,"template":"","format":"standard","meta":{"footnotes":""},"categories":[9,11],"tags":[],"_links":{"self":[{"href":"https:\/\/www.bitacoracdmx.com\/index.php?rest_route=\/wp\/v2\/posts\/27999"}],"collection":[{"href":"https:\/\/www.bitacoracdmx.com\/index.php?rest_route=\/wp\/v2\/posts"}],"about":[{"href":"https:\/\/www.bitacoracdmx.com\/index.php?rest_route=\/wp\/v2\/types\/post"}],"author":[{"embeddable":true,"href":"https:\/\/www.bitacoracdmx.com\/index.php?rest_route=\/wp\/v2\/users\/1"}],"replies":[{"embeddable":true,"href":"https:\/\/www.bitacoracdmx.com\/index.php?rest_route=%2Fwp%2Fv2%2Fcomments&post=27999"}],"version-history":[{"count":1,"href":"https:\/\/www.bitacoracdmx.com\/index.php?rest_route=\/wp\/v2\/posts\/27999\/revisions"}],"predecessor-version":[{"id":28006,"href":"https:\/\/www.bitacoracdmx.com\/index.php?rest_route=\/wp\/v2\/posts\/27999\/revisions\/28006"}],"wp:featuredmedia":[{"embeddable":true,"href":"https:\/\/www.bitacoracdmx.com\/index.php?rest_route=\/wp\/v2\/media\/28001"}],"wp:attachment":[{"href":"https:\/\/www.bitacoracdmx.com\/index.php?rest_route=%2Fwp%2Fv2%2Fmedia&parent=27999"}],"wp:term":[{"taxonomy":"category","embeddable":true,"href":"https:\/\/www.bitacoracdmx.com\/index.php?rest_route=%2Fwp%2Fv2%2Fcategories&post=27999"},{"taxonomy":"post_tag","embeddable":true,"href":"https:\/\/www.bitacoracdmx.com\/index.php?rest_route=%2Fwp%2Fv2%2Ftags&post=27999"}],"curies":[{"name":"wp","href":"https:\/\/api.w.org\/{rel}","templated":true}]}}