{"id":29031,"date":"2019-09-30T02:07:27","date_gmt":"2019-09-30T02:07:27","guid":{"rendered":"https:\/\/www.bitacoracdmx.com\/?p=29031"},"modified":"2019-09-30T02:07:27","modified_gmt":"2019-09-30T02:07:27","slug":"presentaran-por-primera-vez-en-teatro-jeje-kids-la-aventura-de-tus-emociones","status":"publish","type":"post","link":"https:\/\/www.bitacoracdmx.com\/?p=29031","title":{"rendered":"Presentar\u00e1n por primera vez en Teatro \u201cJEJE KIDS &#8211; LA AVENTURA DE TUS EMOCIONES\u201d"},"content":{"rendered":"<p>[fusion_builder_container hundred_percent=&#8221;no&#8221; equal_height_columns=&#8221;no&#8221; menu_anchor=&#8221;&#8221; hide_on_mobile=&#8221;small-visibility,medium-visibility,large-visibility&#8221; class=&#8221;&#8221; id=&#8221;&#8221; background_color=&#8221;&#8221; background_image=&#8221;&#8221; background_position=&#8221;center center&#8221; background_repeat=&#8221;no-repeat&#8221; fade=&#8221;no&#8221; background_parallax=&#8221;none&#8221; parallax_speed=&#8221;0.3&#8243; video_mp4=&#8221;&#8221; video_webm=&#8221;&#8221; video_ogv=&#8221;&#8221; video_url=&#8221;&#8221; video_aspect_ratio=&#8221;16:9&#8243; video_loop=&#8221;yes&#8221; video_mute=&#8221;yes&#8221; overlay_color=&#8221;&#8221; video_preview_image=&#8221;&#8221; border_size=&#8221;&#8221; border_color=&#8221;&#8221; border_style=&#8221;solid&#8221; padding_top=&#8221;&#8221; padding_bottom=&#8221;&#8221; padding_left=&#8221;&#8221; padding_right=&#8221;&#8221;][fusion_builder_row][fusion_builder_column type=&#8221;1_1&#8243; layout=&#8221;1_1&#8243; background_position=&#8221;left top&#8221; background_color=&#8221;&#8221; border_size=&#8221;&#8221; border_color=&#8221;&#8221; border_style=&#8221;solid&#8221; border_position=&#8221;all&#8221; spacing=&#8221;yes&#8221; background_image=&#8221;&#8221; background_repeat=&#8221;no-repeat&#8221; padding_top=&#8221;&#8221; padding_right=&#8221;&#8221; padding_bottom=&#8221;&#8221; padding_left=&#8221;&#8221; margin_top=&#8221;0px&#8221; margin_bottom=&#8221;0px&#8221; class=&#8221;&#8221; id=&#8221;&#8221; animation_type=&#8221;&#8221; animation_speed=&#8221;0.3&#8243; animation_direction=&#8221;left&#8221; hide_on_mobile=&#8221;small-visibility,medium-visibility,large-visibility&#8221; center_content=&#8221;no&#8221; last=&#8221;no&#8221; min_height=&#8221;&#8221; hover_type=&#8221;none&#8221; link=&#8221;&#8221;][fusion_text]<\/p>\n<p>REDACCI\u00d3N<\/p>\n<p class=\"x_m_-8681717796716585359gmail-MsoNoSpacing\"><b><i>*Se presentar\u00e1 a partir del Domingo 17 de Noviembre en el Teatro Rafael Solana, ubicado en Av. Miguel Angel de Quevedo 687, en dos horarios 11:30 y 13:30 horas<\/i><\/b><\/p>\n<p class=\"x_m_-8681717796716585359gmail-MsoNoSpacing\"><b><i>*Boletos a la venta en el Sistema Ticketmaster<\/i><\/b><\/p>\n<p class=\"x_m_-8681717796716585359gmail-MsoNoSpacing\">Por primera vez en M\u00e9xico y con 12 actores en escena, banda sonora, efectos especiales, todos los personajes en vivo y un plet\u00f3rico espect\u00e1culo interactivo y did\u00e1ctico en donde el peque\u00f1o comprender\u00e1 a manejar sus emociones de una manera divertida, llega el espect\u00e1culo musical en vivo \u201cJEJE KIDS &#8211; LA AVENTURA DE TUS EMOCIONES\u201d, un proyecto original apto para ni\u00f1os de entre 1 y 6 a\u00f1os que se presentar\u00e1 a partir del Domingo 17 de Noviembre en el Teatro Rafael Solana con dos funciones a las 11:30 y 13:30 horas. Se trata de un show lleno de emociones, con personajes \u00fanicos como son Jeje, Jiji, Bombi, Nilo, y muchos m\u00e1s, recorriendo junto a los m\u00e1s peque\u00f1os la senda de la diversi\u00f3n y el aprendizaje que pueden compartir papas e hijos.<\/p>\n<p class=\"x_m_-8681717796716585359gmail-MsoNoSpacing\">\u201cJeje Kids\u201d nace de la inspiraci\u00f3n de Daniel Monsiv\u00e1is, fundador y director del concepto quien luego de estudiar m\u00fasica desde los 6 a\u00f1os imparte clases para la estimulaci\u00f3n temprana, descubriendo que le fascina el mundo de los ni\u00f1os as\u00ed como poder ayudarlos a ellos y a sus mam\u00e1s. Cargado de esta premisa, el maravilloso show pondr\u00e1 a bailar y a cantar los temas musicales a los peque\u00f1itos entre los que destacan \u201cPipi-pop\u00f3\u201d, \u201cEl universo m\u00e1gico\u201d, \u201cLos abuelitos\u201d, \u201cLa hora de los sue\u00f1os\u201d, \u201cEl Parque\u201d, entre muchos otros. \u201cJeje Kids \u2013 La Aventura de tus emociones\u201d es un show din\u00e1mico de canciones y reflexiones en donde los pap\u00e1s pueden llevarse un lindo aprendizaje y los peque\u00f1itos entender sus emociones identific\u00e1ndose con alguno de los personajes.<\/p>\n<p class=\"x_m_-8681717796716585359gmail-MsoNoSpacing\">En la historia de \u201cJeje Kids\u201d YouTube ha sido una gran plataforma pues su canal tiene un mill\u00f3n de visitas mensuales, permite la interacci\u00f3n con las mam\u00e1s y sin querer han ido creciendo el proyecto, de tal forma que hoy en d\u00eda deciden hacer un acercamiento m\u00e1s personalizado y hacer reales los personajes en una obra de teatro din\u00e1mica y muy divertida como es el caso de esta puesta en escena que podr\u00e1n disfrutar en noviembre. Actualmente, &#8220;Jej\u00e9 Kids&#8221; se est\u00e1 posicionando como una de las marcas m\u00e1s influyentes en el mercado infantil bajo su premisa de buscar el \u201cdesarrollo emocionalmente sano\u201d en ni\u00f1os de uno a cinco a\u00f1os, que sin darse cuenta, aprender\u00e1n por medio de canciones, cuentos, videos, juegos, una obra de teatro y de las vivencias de sus 12 carism\u00e1ticos personajes.<\/p>\n<p class=\"x_m_-8681717796716585359gmail-MsoNoSpacing\">La marca tambi\u00e9n se comunica con las mam\u00e1s y acompa\u00f1a a los pap\u00e1s, d\u00e1ndoles herramientas para guiar a sus hijos en el conocimiento de sus emociones con informaci\u00f3n respaldada por especialistas. Jeje kids, cree que el mundo ser\u00eda mejor si todo lo que sentimos(nuestras emociones) desde peque\u00f1os logramos convertirlas en lecciones (aprendizajes), para estar bien con nosotros mismos y los dem\u00e1s, en parte porque su modelo permite la exploraci\u00f3n entre mam\u00e1s y ni\u00f1os, ya que cada elemento que se desarrolla expresa creatividad y conocimiento sobre el desarrollo emocionalmente sano del ni\u00f1o capaces de llevarse a la pr\u00e1ctica y siendo realmente \u00fatiles, enriquecedoras y tangibles.<\/p>\n<p class=\"x_m_-8681717796716585359gmail-MsoNoSpacing\">No te puedes perder \u201cJEJE KIDS &#8211; LA AVENTURA DE TUS EMOCIONES\u201d a partir del Domingo 17 de Noviembre en el Teatro Rafael Solana, ubicado en Av. Miguel Angel de Quevedo 687, en dos horarios 11:30 y 13:30 horas. Boletos a la venta en el Sistema Ticketmaster.<\/p>\n<p>[\/fusion_text][fusion_gallery layout=&#8221;&#8221; picture_size=&#8221;&#8221; columns=&#8221;&#8221; column_spacing=&#8221;10&#8243; gallery_masonry_grid_ratio=&#8221;&#8221; gallery_masonry_width_double=&#8221;&#8221; hover_type=&#8221;&#8221; lightbox=&#8221;yes&#8221; lightbox_content=&#8221;&#8221; bordersize=&#8221;&#8221; bordercolor=&#8221;&#8221; border_radius=&#8221;&#8221; hide_on_mobile=&#8221;small-visibility,medium-visibility,large-visibility&#8221; class=&#8221;&#8221; id=&#8221;&#8221;][fusion_gallery_image image=&#8221;https:\/\/www.bitacoracdmx.com\/wp-content\/uploads\/2019\/09\/JEJE-KIDS-FOTO1-300&#215;200.jpg&#8221; image_id=&#8221;29032|medium&#8221; link=&#8221;&#8221; linktarget=&#8221;_self&#8221; \/][fusion_gallery_image image=&#8221;https:\/\/www.bitacoracdmx.com\/wp-content\/uploads\/2019\/09\/JEJE-KIDS-FOTO2-300&#215;200.jpg&#8221; image_id=&#8221;29033|medium&#8221; link=&#8221;&#8221; linktarget=&#8221;_self&#8221; \/][fusion_gallery_image image=&#8221;https:\/\/www.bitacoracdmx.com\/wp-content\/uploads\/2019\/09\/JEJE-KIDS-FOTO3-200&#215;300.jpg&#8221; image_id=&#8221;29034|medium&#8221; link=&#8221;&#8221; linktarget=&#8221;_self&#8221; \/][\/fusion_gallery][\/fusion_builder_column][\/fusion_builder_row][\/fusion_builder_container]<\/p>\n","protected":false},"excerpt":{"rendered":"<p>[fusion_builder_container hundred_percent=&#8221;no&#8221; equal_height_columns=&#8221;no&#8221; menu_anchor=&#8221;&#8221; hide_on_mobile=&#8221;small-visibility,medium-visibility,large-visibility&#8221; class=&#8221;&#8221; id=&#8221;&#8221; background_color=&#8221;&#8221; background_image=&#8221;&#8221; background_position=&#8221;center center&#8221; background_repeat=&#8221;no-repeat&#8221; fade=&#8221;no&#8221; background_parallax=&#8221;none&#8221; parallax_speed=&#8221;0.3&#8243; video_mp4=&#8221;&#8221; video_webm=&#8221;&#8221; video_ogv=&#8221;&#8221; video_url=&#8221;&#8221; video_aspect_ratio=&#8221;16:9&#8243; video_loop=&#8221;yes&#8221; video_mute=&#8221;yes&#8221; overlay_color=&#8221;&#8221; video_preview_image=&#8221;&#8221; border_size=&#8221;&#8221; border_color=&#8221;&#8221; border_style=&#8221;solid&#8221; padding_top=&#8221;&#8221; padding_bottom=&#8221;&#8221; padding_left=&#8221;&#8221; padding_right=&#8221;&#8221;][fusion_builder_row][fusion_builder_column type=&#8221;1_1&#8243; layout=&#8221;1_1&#8243; background_position=&#8221;left top&#8221; background_color=&#8221;&#8221; border_size=&#8221;&#8221; border_color=&#8221;&#8221; border_style=&#8221;solid&#8221; border_position=&#8221;all&#8221; spacing=&#8221;yes&#8221; background_image=&#8221;&#8221; background_repeat=&#8221;no-repeat&#8221; padding_top=&#8221;&#8221; padding_right=&#8221;&#8221; padding_bottom=&#8221;&#8221; padding_left=&#8221;&#8221; margin_top=&#8221;0px&#8221; margin_bottom=&#8221;0px&#8221; class=&#8221;&#8221; id=&#8221;&#8221; animation_type=&#8221;&#8221; animation_speed=&#8221;0.3&#8243; animation_direction=&#8221;left&#8221; hide_on_mobile=&#8221;small-visibility,medium-visibility,large-visibility&#8221; center_content=&#8221;no&#8221; last=&#8221;no&#8221; min_height=&#8221;&#8221; hover_type=&#8221;none&#8221; link=&#8221;&#8221;][fusion_text] REDACCI\u00d3N *Se presentar\u00e1 a partir del Domingo 17 de Noviembre en el Teatro Rafael Solana, ubicado en Av. Miguel Angel de Quevedo 687, en dos horarios 11:30 y 13:30 horas *Boletos a la venta en el Sistema Ticketmaster Por primera [&hellip;]<\/p>\n","protected":false},"author":1,"featured_media":29032,"comment_status":"open","ping_status":"open","sticky":false,"template":"","format":"standard","meta":{"footnotes":""},"categories":[9,14],"tags":[],"_links":{"self":[{"href":"https:\/\/www.bitacoracdmx.com\/index.php?rest_route=\/wp\/v2\/posts\/29031"}],"collection":[{"href":"https:\/\/www.bitacoracdmx.com\/index.php?rest_route=\/wp\/v2\/posts"}],"about":[{"href":"https:\/\/www.bitacoracdmx.com\/index.php?rest_route=\/wp\/v2\/types\/post"}],"author":[{"embeddable":true,"href":"https:\/\/www.bitacoracdmx.com\/index.php?rest_route=\/wp\/v2\/users\/1"}],"replies":[{"embeddable":true,"href":"https:\/\/www.bitacoracdmx.com\/index.php?rest_route=%2Fwp%2Fv2%2Fcomments&post=29031"}],"version-history":[{"count":1,"href":"https:\/\/www.bitacoracdmx.com\/index.php?rest_route=\/wp\/v2\/posts\/29031\/revisions"}],"predecessor-version":[{"id":29035,"href":"https:\/\/www.bitacoracdmx.com\/index.php?rest_route=\/wp\/v2\/posts\/29031\/revisions\/29035"}],"wp:featuredmedia":[{"embeddable":true,"href":"https:\/\/www.bitacoracdmx.com\/index.php?rest_route=\/wp\/v2\/media\/29032"}],"wp:attachment":[{"href":"https:\/\/www.bitacoracdmx.com\/index.php?rest_route=%2Fwp%2Fv2%2Fmedia&parent=29031"}],"wp:term":[{"taxonomy":"category","embeddable":true,"href":"https:\/\/www.bitacoracdmx.com\/index.php?rest_route=%2Fwp%2Fv2%2Fcategories&post=29031"},{"taxonomy":"post_tag","embeddable":true,"href":"https:\/\/www.bitacoracdmx.com\/index.php?rest_route=%2Fwp%2Fv2%2Ftags&post=29031"}],"curies":[{"name":"wp","href":"https:\/\/api.w.org\/{rel}","templated":true}]}}