{"id":29056,"date":"2019-09-30T02:27:04","date_gmt":"2019-09-30T02:27:04","guid":{"rendered":"https:\/\/www.bitacoracdmx.com\/?p=29056"},"modified":"2019-09-30T02:27:04","modified_gmt":"2019-09-30T02:27:04","slug":"el-grupo-argentino-12-monos-presenta-en-mexico-su-disco-sonreiras","status":"publish","type":"post","link":"https:\/\/www.bitacoracdmx.com\/?p=29056","title":{"rendered":"El grupo argentino 12 MONOS presenta en M\u00e9xico su disco \u201cSONREIR\u00c1S\u201d"},"content":{"rendered":"<p>[fusion_builder_container hundred_percent=&#8221;no&#8221; equal_height_columns=&#8221;no&#8221; menu_anchor=&#8221;&#8221; hide_on_mobile=&#8221;small-visibility,medium-visibility,large-visibility&#8221; class=&#8221;&#8221; id=&#8221;&#8221; background_color=&#8221;&#8221; background_image=&#8221;&#8221; background_position=&#8221;center center&#8221; background_repeat=&#8221;no-repeat&#8221; fade=&#8221;no&#8221; background_parallax=&#8221;none&#8221; parallax_speed=&#8221;0.3&#8243; video_mp4=&#8221;&#8221; video_webm=&#8221;&#8221; video_ogv=&#8221;&#8221; video_url=&#8221;&#8221; video_aspect_ratio=&#8221;16:9&#8243; video_loop=&#8221;yes&#8221; video_mute=&#8221;yes&#8221; overlay_color=&#8221;&#8221; video_preview_image=&#8221;&#8221; border_size=&#8221;&#8221; border_color=&#8221;&#8221; border_style=&#8221;solid&#8221; padding_top=&#8221;&#8221; padding_bottom=&#8221;&#8221; padding_left=&#8221;&#8221; padding_right=&#8221;&#8221;][fusion_builder_row][fusion_builder_column type=&#8221;1_1&#8243; layout=&#8221;1_1&#8243; background_position=&#8221;left top&#8221; background_color=&#8221;&#8221; border_size=&#8221;&#8221; border_color=&#8221;&#8221; border_style=&#8221;solid&#8221; border_position=&#8221;all&#8221; spacing=&#8221;yes&#8221; background_image=&#8221;&#8221; background_repeat=&#8221;no-repeat&#8221; padding_top=&#8221;&#8221; padding_right=&#8221;&#8221; padding_bottom=&#8221;&#8221; padding_left=&#8221;&#8221; margin_top=&#8221;0px&#8221; margin_bottom=&#8221;0px&#8221; class=&#8221;&#8221; id=&#8221;&#8221; animation_type=&#8221;&#8221; animation_speed=&#8221;0.3&#8243; animation_direction=&#8221;left&#8221; hide_on_mobile=&#8221;small-visibility,medium-visibility,large-visibility&#8221; center_content=&#8221;no&#8221; last=&#8221;no&#8221; min_height=&#8221;&#8221; hover_type=&#8221;none&#8221; link=&#8221;&#8221;][fusion_text]<\/p>\n<p>REDACCI\u00d3N<\/p>\n<div class=\"x_gmail_quote\">\n<div dir=\"ltr\">\n<div>\n<p class=\"x_m_-5725342818933714776gmail-MsoNoSpacing\"><i>*Se presentan el Viernes 4 de Octubre en Bajo Circuito<\/i><\/p>\n<p class=\"x_m_-5725342818933714776gmail-MsoNoSpacing\"><i>*El s\u00e1bado 5 de Octubre llegan a la Prepa Fresno<\/i><\/p>\n<p class=\"x_m_-5725342818933714776gmail-MsoNoSpacing\"><i>*El Jueves 10 de Octubre llegan al Foro Land\u00f3, en Toluca<\/i><\/p>\n<p class=\"x_m_-5725342818933714776gmail-MsoNoSpacing\">Directamente desde su natal Argentina, la banda 12 Monos ha decidido que es hora de emprender su camino con miras a su internacionalizaci\u00f3n y ha elegido a M\u00e9xico como su siguiente destino amparados y apoyados por la reconocida productora de conciertos Rock Show Entertainment. Y es que su potente puesta en escena, el estilo y carisma de cada uno de los integrantes de la banda, as\u00ed como el sello personal que le imprimen a los conciertos los ha ubicado a trav\u00e9s de los a\u00f1os entre los favoritos del p\u00fablico. Con la salida de su obra \u201cSonreir\u00e1s\u201d aspiran con toda justicia a lograr un lugar en el gusto y la preferencia del p\u00fablico dot\u00e1ndolo de un aire de frescura que ya era necesario. En su gira mexicana se presentan el Viernes 4 de Octubre en Bajo Circuito. El s\u00e1bado 5 de Octubre llegan a la Prepa Fresno y el Jueves 10 de Octubre llegan al Foro Land\u00f3, en Toluca<\/p>\n<p class=\"x_m_-5725342818933714776gmail-MsoNoSpacing\">En estos 19 a\u00f1os de trabajo, 12 Monos realiz\u00f3 shows y giras por distintos puntos de Argentina, compartiendo escenario con artistas de renombre como Bersuit, Vicentico, Attaque 77, Los Pericos, Kapanga, Memphis, Skatalites, Jaf y Las Pelotas, Decadentes entre otros. Son autores de las canciones del M\u00e1gico Carnaval del R\u00edo Paran\u00e1, en el cual tocaron durante tres temporadas consecutivas. Presentaron su show en el Juego de Las Estrellas, ciclo televisado por TyC Sports, en directo para todo el pa\u00eds y Am\u00e9rica Latina. Invitados por Kapanga presentaron su show en el teatro Vorterix de la ciudad de Rosario. Adem\u00e1s, junto a Los Aut\u00e9nticos Decadentes se presentaron en el escenario principal del \u201cTecnopolis Federal\u201d de Santa Fe Capital.<\/p>\n<p class=\"x_m_-5725342818933714776gmail-MsoNoSpacing\">Su primer disco, Guarda que vengo!!!, editado en 2011, muestra toda la energ\u00eda y experiencia del grupo en 12 temas propios, m\u00e1s un bonus de la canci\u00f3n patria Aurora, en una versi\u00f3n particular que fue incluida en el disco Inmortal Entrerrian\u00eda. Este mismo a\u00f1o, 12 Monos profundiz\u00f3 su proyecci\u00f3n nacional con dos presentaciones con m\u00fasica en vivo y un videoclip en Canal 13 de Buenos Aires, de la mano de la productora Ideas del Sur, en el ciclo La Cocina del Show. Su \u00faltimo trabajo se llama \u201cSonreir\u00e1s\u201d, producido por Diego \u201cChapa\u201d Blanco (de Los Pericos), que adem\u00e1s cuenta con la participaci\u00f3n de Jorge Serrano (Los Aut\u00e9nticos Decadentes) y Manuel Moreti (Estelares). Sonre\u00edr\u00e1s fue presentado en el Boris Club de Palermo, Buenos Aires, en 2016; y es difundido en distintos medios de todo el pa\u00eds.<\/p>\n<p class=\"x_m_-5725342818933714776gmail-MsoNoSpacing\">En la actualidad, se encuentran trabajando en su nueva producci\u00f3n discogr\u00e1fica de la mano de \u201cMoska\u201d Lorenzo percusionista de Aut\u00e9nticos Decadentes y planificando la presentaci\u00f3n del mismo con una gira por M\u00e9xico que arrancar\u00e1 en el mes de Octubre por diversos foros del pa\u00eds. En primer lugar se presentan el Viernes 4 de Octubre en Bajo Circuito. El s\u00e1bado 5 de Octubre llegan a la Prepa Fresno y el Jueves 10 de Octubre llegan al Foro Land\u00f3, en Toluca.<\/p>\n<\/div>\n<p><img loading=\"lazy\" decoding=\"async\" class=\"x_mailtrack-img\" src=\"data:image\/gif;base64,R0lGODlhAQABAIAAAAAAAP\/\/\/yH5BAEAAAAALAAAAAABAAEAAAIBRAA7\" alt=\"\" width=\"0\" height=\"0\" data-imagetype=\"DataUri\" \/><\/p>\n<\/div>\n<\/div>\n<p>[\/fusion_text][fusion_gallery layout=&#8221;&#8221; picture_size=&#8221;&#8221; columns=&#8221;&#8221; column_spacing=&#8221;10&#8243; gallery_masonry_grid_ratio=&#8221;&#8221; gallery_masonry_width_double=&#8221;&#8221; hover_type=&#8221;&#8221; lightbox=&#8221;yes&#8221; lightbox_content=&#8221;&#8221; bordersize=&#8221;&#8221; bordercolor=&#8221;&#8221; border_radius=&#8221;&#8221; hide_on_mobile=&#8221;small-visibility,medium-visibility,large-visibility&#8221; class=&#8221;&#8221; id=&#8221;&#8221;][fusion_gallery_image image=&#8221;https:\/\/www.bitacoracdmx.com\/wp-content\/uploads\/2019\/09\/12-MONOS-FOTO-LOGO-300&#215;151.jpg&#8221; image_id=&#8221;29057|medium&#8221; link=&#8221;&#8221; linktarget=&#8221;_self&#8221; \/][fusion_gallery_image image=&#8221;https:\/\/www.bitacoracdmx.com\/wp-content\/uploads\/2019\/09\/12-MONOS-FOTO-300&#215;151.jpg&#8221; image_id=&#8221;29058|medium&#8221; link=&#8221;&#8221; linktarget=&#8221;_self&#8221; \/][\/fusion_gallery][\/fusion_builder_column][\/fusion_builder_row][\/fusion_builder_container]<\/p>\n","protected":false},"excerpt":{"rendered":"<p>[fusion_builder_container hundred_percent=&#8221;no&#8221; equal_height_columns=&#8221;no&#8221; menu_anchor=&#8221;&#8221; hide_on_mobile=&#8221;small-visibility,medium-visibility,large-visibility&#8221; class=&#8221;&#8221; id=&#8221;&#8221; background_color=&#8221;&#8221; background_image=&#8221;&#8221; background_position=&#8221;center center&#8221; background_repeat=&#8221;no-repeat&#8221; fade=&#8221;no&#8221; background_parallax=&#8221;none&#8221; parallax_speed=&#8221;0.3&#8243; video_mp4=&#8221;&#8221; video_webm=&#8221;&#8221; video_ogv=&#8221;&#8221; video_url=&#8221;&#8221; video_aspect_ratio=&#8221;16:9&#8243; video_loop=&#8221;yes&#8221; video_mute=&#8221;yes&#8221; overlay_color=&#8221;&#8221; video_preview_image=&#8221;&#8221; border_size=&#8221;&#8221; border_color=&#8221;&#8221; border_style=&#8221;solid&#8221; padding_top=&#8221;&#8221; padding_bottom=&#8221;&#8221; padding_left=&#8221;&#8221; padding_right=&#8221;&#8221;][fusion_builder_row][fusion_builder_column type=&#8221;1_1&#8243; layout=&#8221;1_1&#8243; background_position=&#8221;left top&#8221; background_color=&#8221;&#8221; border_size=&#8221;&#8221; border_color=&#8221;&#8221; border_style=&#8221;solid&#8221; border_position=&#8221;all&#8221; spacing=&#8221;yes&#8221; background_image=&#8221;&#8221; background_repeat=&#8221;no-repeat&#8221; padding_top=&#8221;&#8221; padding_right=&#8221;&#8221; padding_bottom=&#8221;&#8221; padding_left=&#8221;&#8221; margin_top=&#8221;0px&#8221; margin_bottom=&#8221;0px&#8221; class=&#8221;&#8221; id=&#8221;&#8221; animation_type=&#8221;&#8221; animation_speed=&#8221;0.3&#8243; animation_direction=&#8221;left&#8221; hide_on_mobile=&#8221;small-visibility,medium-visibility,large-visibility&#8221; center_content=&#8221;no&#8221; last=&#8221;no&#8221; min_height=&#8221;&#8221; hover_type=&#8221;none&#8221; link=&#8221;&#8221;][fusion_text] REDACCI\u00d3N *Se presentan el Viernes 4 de Octubre en Bajo Circuito *El s\u00e1bado 5 de Octubre llegan a la Prepa Fresno *El Jueves 10 de Octubre llegan al Foro Land\u00f3, en Toluca Directamente desde su natal Argentina, la banda 12 [&hellip;]<\/p>\n","protected":false},"author":1,"featured_media":29057,"comment_status":"open","ping_status":"open","sticky":false,"template":"","format":"standard","meta":{"footnotes":""},"categories":[9,11],"tags":[],"_links":{"self":[{"href":"https:\/\/www.bitacoracdmx.com\/index.php?rest_route=\/wp\/v2\/posts\/29056"}],"collection":[{"href":"https:\/\/www.bitacoracdmx.com\/index.php?rest_route=\/wp\/v2\/posts"}],"about":[{"href":"https:\/\/www.bitacoracdmx.com\/index.php?rest_route=\/wp\/v2\/types\/post"}],"author":[{"embeddable":true,"href":"https:\/\/www.bitacoracdmx.com\/index.php?rest_route=\/wp\/v2\/users\/1"}],"replies":[{"embeddable":true,"href":"https:\/\/www.bitacoracdmx.com\/index.php?rest_route=%2Fwp%2Fv2%2Fcomments&post=29056"}],"version-history":[{"count":1,"href":"https:\/\/www.bitacoracdmx.com\/index.php?rest_route=\/wp\/v2\/posts\/29056\/revisions"}],"predecessor-version":[{"id":29059,"href":"https:\/\/www.bitacoracdmx.com\/index.php?rest_route=\/wp\/v2\/posts\/29056\/revisions\/29059"}],"wp:featuredmedia":[{"embeddable":true,"href":"https:\/\/www.bitacoracdmx.com\/index.php?rest_route=\/wp\/v2\/media\/29057"}],"wp:attachment":[{"href":"https:\/\/www.bitacoracdmx.com\/index.php?rest_route=%2Fwp%2Fv2%2Fmedia&parent=29056"}],"wp:term":[{"taxonomy":"category","embeddable":true,"href":"https:\/\/www.bitacoracdmx.com\/index.php?rest_route=%2Fwp%2Fv2%2Fcategories&post=29056"},{"taxonomy":"post_tag","embeddable":true,"href":"https:\/\/www.bitacoracdmx.com\/index.php?rest_route=%2Fwp%2Fv2%2Ftags&post=29056"}],"curies":[{"name":"wp","href":"https:\/\/api.w.org\/{rel}","templated":true}]}}