{"id":29062,"date":"2019-09-30T02:43:17","date_gmt":"2019-09-30T02:43:17","guid":{"rendered":"https:\/\/www.bitacoracdmx.com\/?p=29062"},"modified":"2019-09-30T02:43:17","modified_gmt":"2019-09-30T02:43:17","slug":"el-complejo-cultural-los-pinos-alojara-teatro-penitenciario-tlamaquitiliztli-no-morira-la-palabra-no-encerraran-nuestra-voz","status":"publish","type":"post","link":"https:\/\/www.bitacoracdmx.com\/?p=29062","title":{"rendered":"El Complejo Cultural Los Pinos alojar\u00e1 Teatro Penitenciario, Tlamaquitiliztli: No morir\u00e1 la palabra, no encerrar\u00e1n nuestra voz"},"content":{"rendered":"<p>[fusion_builder_container hundred_percent=&#8221;no&#8221; equal_height_columns=&#8221;no&#8221; menu_anchor=&#8221;&#8221; hide_on_mobile=&#8221;small-visibility,medium-visibility,large-visibility&#8221; class=&#8221;&#8221; id=&#8221;&#8221; background_color=&#8221;&#8221; background_image=&#8221;&#8221; background_position=&#8221;center center&#8221; background_repeat=&#8221;no-repeat&#8221; fade=&#8221;no&#8221; background_parallax=&#8221;none&#8221; parallax_speed=&#8221;0.3&#8243; video_mp4=&#8221;&#8221; video_webm=&#8221;&#8221; video_ogv=&#8221;&#8221; video_url=&#8221;&#8221; video_aspect_ratio=&#8221;16:9&#8243; video_loop=&#8221;yes&#8221; video_mute=&#8221;yes&#8221; overlay_color=&#8221;&#8221; video_preview_image=&#8221;&#8221; border_size=&#8221;&#8221; border_color=&#8221;&#8221; border_style=&#8221;solid&#8221; padding_top=&#8221;&#8221; padding_bottom=&#8221;&#8221; padding_left=&#8221;&#8221; padding_right=&#8221;&#8221;][fusion_builder_row][fusion_builder_column type=&#8221;1_1&#8243; layout=&#8221;1_1&#8243; background_position=&#8221;left top&#8221; background_color=&#8221;&#8221; border_size=&#8221;&#8221; border_color=&#8221;&#8221; border_style=&#8221;solid&#8221; border_position=&#8221;all&#8221; spacing=&#8221;yes&#8221; background_image=&#8221;&#8221; background_repeat=&#8221;no-repeat&#8221; padding_top=&#8221;&#8221; padding_right=&#8221;&#8221; padding_bottom=&#8221;&#8221; padding_left=&#8221;&#8221; margin_top=&#8221;0px&#8221; margin_bottom=&#8221;0px&#8221; class=&#8221;&#8221; id=&#8221;&#8221; animation_type=&#8221;&#8221; animation_speed=&#8221;0.3&#8243; animation_direction=&#8221;left&#8221; hide_on_mobile=&#8221;small-visibility,medium-visibility,large-visibility&#8221; center_content=&#8221;no&#8221; last=&#8221;no&#8221; min_height=&#8221;&#8221; hover_type=&#8221;none&#8221; link=&#8221;&#8221;][fusion_text]<\/p>\n<p>REDACCI\u00d3N<\/p>\n<p>Fotos: Luis Quiroz<\/p>\n<ul>\n<li>El teatro como s\u00edmbolo de libertad<\/li>\n<li>\u00a0Autor\u00eda y direcci\u00f3n de \u00c1ngel Rubio, inspirado en las obras\u00a0<em>La conversi\u00f3n de los indios<\/em>\u00a0y\u00a0<em>Tierra libre<\/em><\/li>\n<li>\u00danica fecha, mi\u00e9rcoles 2 de octubre a las 11:00 horas,\u00a0<strong>entrada libre<\/strong><\/li>\n<\/ul>\n<p>La Secretar\u00eda de Cultura a trav\u00e9s del Complejo Cultural Los Pinos y el Centro Cultural Hel\u00e9nico, presentan:\u00a0<strong><em>Tlamaquitiliztli: no morir\u00e1 la palabra, no encerrar\u00e1n nuestra voz<\/em><\/strong>\u00a0de las compa\u00f1\u00edas Artes Esc\u00e9nicas RENO y Arte Sin Frontera, en colaboraci\u00f3n con la Secretar\u00eda de Cultura del Gobierno de la Ciudad de M\u00e9xico (PECDA 2018 y Colectivos Culturales 2019) y la Subsecretar\u00eda del Sistema Penitenciario de la Ciudad de M\u00e9xico. Escenificado por las personas privadas de su libertad residentes del Reclusorio Norte, que tendr\u00e1 una\u00a0<strong>\u00fanica funci\u00f3n<\/strong>\u00a0el pr\u00f3ximo\u00a0<strong>mi\u00e9rcoles 2 de octubre a las 11:00 horas en el sal\u00f3n Adolfo L\u00f3pez Mateos<\/strong>. La\u00a0<strong>entrada es libre y el acceso ser\u00e1 por la puerta 4<\/strong>, una vez iniciada la funci\u00f3n no hay acceso.<\/p>\n<p>La obra se sit\u00faa en el a\u00f1o 1590 durante el periodo de la colonizaci\u00f3n y la formaci\u00f3n de la Nueva Espa\u00f1a; en este contexto, soldados espa\u00f1oles apresan a guerreros mexicas con el fin de presentarlos a la corona espa\u00f1ola y recibir d\u00e1divas de rey, durante el trayecto quedan varados en una isla desierta; ah\u00ed, en ese nuevo territorio, los mexicas invitan a los espa\u00f1oles a replantearse la idea de sociedad y convivencia, los colonizadores entonces se ver\u00e1n envueltos en un dilema \u00e9tico sobre conservar su postura racista o emprender otra forma de organizaci\u00f3n y de relaciones humanas.<\/p>\n<p><strong><em>Tlamaquitiliztli<\/em><\/strong>\u00a0es un llamado a reconocer y hacer visible c\u00f3mo funcionan las estructuras de poder en el sistema, as\u00ed como generar una cr\u00edtica a la colonizaci\u00f3n y las formas de dominaci\u00f3n, mismas que permanecen vigentes despu\u00e9s de 500 a\u00f1os, a trav\u00e9s de pr\u00e1cticas como el racismo, la discriminaci\u00f3n y el clasismo.<\/p>\n<p>Este montaje se realiz\u00f3 a partir de la lectura de los textos: <em>La conversi\u00f3n de los indios\u00a0<\/em>y\u00a0<em>Tierra libre<\/em>\u00a0de Juan Grave, as\u00ed como de reflexiones sobre los conceptos de libertad y religi\u00f3n de los reclusos, ideas que contin\u00faan en construcci\u00f3n y adquieren un significado especial desde el lugar en el que cohabitan, de ah\u00ed el valor que el teatro les ofrece como medio de expresi\u00f3n a trav\u00e9s de la ficci\u00f3n.<\/p>\n<p>Para la realizaci\u00f3n de la puesta en escena se realiz\u00f3 un minucioso trabajo vocal, con este recurso se sonoriza la obra, simulando sonidos del mar, la embarcaci\u00f3n, as\u00ed como la ejecuci\u00f3n de danzas tradicionales; esto permite que el montaje obtenga un matiz m\u00e1s real y lleno de fuerza, cabe decir que tambi\u00e9n hay composiciones de <em>rap<\/em>\u00a0realizadas por los actores espec\u00edficamente para esta obra.<\/p>\n<p>En el montaje; la madera es un s\u00edmbolo presente de la deconstrucci\u00f3n de la idea de los barcos y el trabajo pesado que se realiza en ellos, tambi\u00e9n hay intervenci\u00f3n de danza a\u00e9rea, gracias a ella es posible recrear el barco, se juega con niveles para evidenciar los estratos sociales y ver la divisi\u00f3n de los mundos. La escenograf\u00eda la componen cuerdas colgantes y petates con deidades mexicas, de este modo es posible distinguir los espacios en la que se desarrolla la escena.<\/p>\n<p><strong><em>Tlamaquitiliztli: no morir\u00e1 la palabra, no encerrar\u00e1n nuestra voz<\/em><\/strong>\u00a0cuenta con las actuaciones de: Marco Vinicio D\u00e1vila Serratos, Irvin Iv\u00e1n Tapia Mart\u00ednez, Isaac Fosado \u00c1vila, Francisco Xavier Monares Baeza, Mehen yol Hehek\u00b4ni Maya Camarena, Edgar Hern\u00e1ndez Hern\u00e1ndez, Joseline Bautista Vel\u00e1zquez, Julio C\u00e9sar M\u00e9ndez Guzm\u00e1n, Rodrigo Espinoza Santiago, J.J. Gardu\u00f1o, Francisco Javier Rosales Garc\u00eda, Juli\u00e1n Flores Resendiz y Andrei Vargas Camacho, bajo la direcci\u00f3n de \u00c1ngel Rubio.<\/p>\n<p>Esta obra es el segundo previo del pr\u00f3ximo Encuentro de Teatro Penitenciario que impulsar\u00e1 el Centro Cultural Hel\u00e9nico en el 2020.<\/p>\n<p>Una obra presentada por la Secretr\u00eda de Cultura a trav\u00e9s del Centro Cultural Hel\u00e9nico y el Complejo Cultural Los Pinos, en colaboraci\u00f3n con la \u00a0Secretar\u00eda de Cultura de la Ciudad de M\u00e9xico (PECDA 2018 y Colectivos Culturales 2019), la Subsecretar\u00eda del Sistema Penitenciario y las compa\u00f1\u00edas Artes Esc\u00e9nicas RENO y Arte Sin Frontera.<\/p>\n<p>[\/fusion_text][fusion_gallery layout=&#8221;&#8221; picture_size=&#8221;&#8221; columns=&#8221;&#8221; column_spacing=&#8221;10&#8243; gallery_masonry_grid_ratio=&#8221;&#8221; gallery_masonry_width_double=&#8221;&#8221; hover_type=&#8221;&#8221; lightbox=&#8221;yes&#8221; lightbox_content=&#8221;&#8221; bordersize=&#8221;&#8221; bordercolor=&#8221;&#8221; border_radius=&#8221;&#8221; hide_on_mobile=&#8221;small-visibility,medium-visibility,large-visibility&#8221; class=&#8221;&#8221; id=&#8221;&#8221;][fusion_gallery_image image=&#8221;https:\/\/www.bitacoracdmx.com\/wp-content\/uploads\/2019\/09\/Fotograf\u00eda_Luis_Quiroz_Teatro_Penitenciario-1-300&#215;200.jpg&#8221; image_id=&#8221;29063|medium&#8221; link=&#8221;&#8221; linktarget=&#8221;_self&#8221; \/][fusion_gallery_image image=&#8221;https:\/\/www.bitacoracdmx.com\/wp-content\/uploads\/2019\/09\/Fotograf\u00eda_Luis_Quiroz_Teatro_Penitenciario-2-300&#215;200.jpg&#8221; image_id=&#8221;29064|medium&#8221; link=&#8221;&#8221; linktarget=&#8221;_self&#8221; \/][fusion_gallery_image image=&#8221;https:\/\/www.bitacoracdmx.com\/wp-content\/uploads\/2019\/09\/Fotograf\u00eda_Luis_Quiroz_Teatro_Penitenciario-3-300&#215;200.jpg&#8221; image_id=&#8221;29065|medium&#8221; link=&#8221;&#8221; linktarget=&#8221;_self&#8221; \/][fusion_gallery_image image=&#8221;https:\/\/www.bitacoracdmx.com\/wp-content\/uploads\/2019\/09\/Fotograf\u00eda_Luis_Quiroz_Teatro_Penitenciario-4-300&#215;200.jpg&#8221; image_id=&#8221;29066|medium&#8221; link=&#8221;&#8221; linktarget=&#8221;_self&#8221; \/][fusion_gallery_image image=&#8221;https:\/\/www.bitacoracdmx.com\/wp-content\/uploads\/2019\/09\/Fotograf\u00eda_Luis_Quiroz_Teatro_Penitenciario-6-300&#215;200.jpg&#8221; image_id=&#8221;29067|medium&#8221; link=&#8221;&#8221; linktarget=&#8221;_self&#8221; \/][fusion_gallery_image image=&#8221;https:\/\/www.bitacoracdmx.com\/wp-content\/uploads\/2019\/09\/Fotograf\u00eda_Luis_Quiroz_Teatro_Penitenciario-7-300&#215;200.jpg&#8221; image_id=&#8221;29068|medium&#8221; link=&#8221;&#8221; linktarget=&#8221;_self&#8221; \/][fusion_gallery_image image=&#8221;https:\/\/www.bitacoracdmx.com\/wp-content\/uploads\/2019\/09\/Fotograf\u00eda_Luis_Quiroz_Teatro_Penitenciario-8-300&#215;200.jpg&#8221; image_id=&#8221;29069|medium&#8221; link=&#8221;&#8221; linktarget=&#8221;_self&#8221; \/][fusion_gallery_image image=&#8221;https:\/\/www.bitacoracdmx.com\/wp-content\/uploads\/2019\/09\/Fotograf\u00eda_Luis_Quiroz_Teatro_Penitenciario-10-300&#215;200.jpg&#8221; image_id=&#8221;29070|medium&#8221; link=&#8221;&#8221; linktarget=&#8221;_self&#8221; \/][fusion_gallery_image image=&#8221;https:\/\/www.bitacoracdmx.com\/wp-content\/uploads\/2019\/09\/Fotograf\u00eda_Luis_Quiroz_Teatro_Penitenciario-11-300&#215;200.jpg&#8221; image_id=&#8221;29071|medium&#8221; link=&#8221;&#8221; linktarget=&#8221;_self&#8221; \/][fusion_gallery_image image=&#8221;https:\/\/www.bitacoracdmx.com\/wp-content\/uploads\/2019\/09\/Fotograf\u00eda_Luis_Quiroz_Teatro_Penitenciario-12-300&#215;200.jpg&#8221; image_id=&#8221;29072|medium&#8221; link=&#8221;&#8221; linktarget=&#8221;_self&#8221; \/][fusion_gallery_image image=&#8221;https:\/\/www.bitacoracdmx.com\/wp-content\/uploads\/2019\/09\/Fotograf\u00eda_Luis_Quiroz_Teatro_Penitenciario-13-300&#215;200.jpg&#8221; image_id=&#8221;29073|medium&#8221; link=&#8221;&#8221; linktarget=&#8221;_self&#8221; \/][fusion_gallery_image image=&#8221;https:\/\/www.bitacoracdmx.com\/wp-content\/uploads\/2019\/09\/Fotograf\u00eda_Luis_Quiroz_Teatro_Penitenciario-14-300&#215;200.jpg&#8221; image_id=&#8221;29074|medium&#8221; link=&#8221;&#8221; linktarget=&#8221;_self&#8221; \/][fusion_gallery_image image=&#8221;https:\/\/www.bitacoracdmx.com\/wp-content\/uploads\/2019\/09\/Fotograf\u00eda_Luis_Quiroz_Teatro_Penitenciario-5-300&#215;200.jpg&#8221; image_id=&#8221;29075|medium&#8221; link=&#8221;&#8221; linktarget=&#8221;_self&#8221; \/][\/fusion_gallery][\/fusion_builder_column][\/fusion_builder_row][\/fusion_builder_container]<\/p>\n","protected":false},"excerpt":{"rendered":"<p>[fusion_builder_container hundred_percent=&#8221;no&#8221; equal_height_columns=&#8221;no&#8221; menu_anchor=&#8221;&#8221; hide_on_mobile=&#8221;small-visibility,medium-visibility,large-visibility&#8221; class=&#8221;&#8221; id=&#8221;&#8221; background_color=&#8221;&#8221; background_image=&#8221;&#8221; background_position=&#8221;center center&#8221; background_repeat=&#8221;no-repeat&#8221; fade=&#8221;no&#8221; background_parallax=&#8221;none&#8221; parallax_speed=&#8221;0.3&#8243; video_mp4=&#8221;&#8221; video_webm=&#8221;&#8221; video_ogv=&#8221;&#8221; video_url=&#8221;&#8221; video_aspect_ratio=&#8221;16:9&#8243; video_loop=&#8221;yes&#8221; video_mute=&#8221;yes&#8221; overlay_color=&#8221;&#8221; video_preview_image=&#8221;&#8221; border_size=&#8221;&#8221; border_color=&#8221;&#8221; border_style=&#8221;solid&#8221; padding_top=&#8221;&#8221; padding_bottom=&#8221;&#8221; padding_left=&#8221;&#8221; padding_right=&#8221;&#8221;][fusion_builder_row][fusion_builder_column type=&#8221;1_1&#8243; layout=&#8221;1_1&#8243; background_position=&#8221;left top&#8221; background_color=&#8221;&#8221; border_size=&#8221;&#8221; border_color=&#8221;&#8221; border_style=&#8221;solid&#8221; border_position=&#8221;all&#8221; spacing=&#8221;yes&#8221; background_image=&#8221;&#8221; background_repeat=&#8221;no-repeat&#8221; padding_top=&#8221;&#8221; padding_right=&#8221;&#8221; padding_bottom=&#8221;&#8221; padding_left=&#8221;&#8221; margin_top=&#8221;0px&#8221; margin_bottom=&#8221;0px&#8221; class=&#8221;&#8221; id=&#8221;&#8221; animation_type=&#8221;&#8221; animation_speed=&#8221;0.3&#8243; animation_direction=&#8221;left&#8221; hide_on_mobile=&#8221;small-visibility,medium-visibility,large-visibility&#8221; center_content=&#8221;no&#8221; last=&#8221;no&#8221; min_height=&#8221;&#8221; hover_type=&#8221;none&#8221; link=&#8221;&#8221;][fusion_text] REDACCI\u00d3N Fotos: Luis Quiroz El teatro como s\u00edmbolo de libertad \u00a0Autor\u00eda y direcci\u00f3n de \u00c1ngel Rubio, inspirado en las obras\u00a0La conversi\u00f3n de los indios\u00a0y\u00a0Tierra libre \u00danica fecha, mi\u00e9rcoles 2 de octubre a las 11:00 horas,\u00a0entrada libre La Secretar\u00eda de Cultura [&hellip;]<\/p>\n","protected":false},"author":1,"featured_media":29075,"comment_status":"open","ping_status":"open","sticky":false,"template":"","format":"standard","meta":{"footnotes":""},"categories":[9,14],"tags":[],"_links":{"self":[{"href":"https:\/\/www.bitacoracdmx.com\/index.php?rest_route=\/wp\/v2\/posts\/29062"}],"collection":[{"href":"https:\/\/www.bitacoracdmx.com\/index.php?rest_route=\/wp\/v2\/posts"}],"about":[{"href":"https:\/\/www.bitacoracdmx.com\/index.php?rest_route=\/wp\/v2\/types\/post"}],"author":[{"embeddable":true,"href":"https:\/\/www.bitacoracdmx.com\/index.php?rest_route=\/wp\/v2\/users\/1"}],"replies":[{"embeddable":true,"href":"https:\/\/www.bitacoracdmx.com\/index.php?rest_route=%2Fwp%2Fv2%2Fcomments&post=29062"}],"version-history":[{"count":1,"href":"https:\/\/www.bitacoracdmx.com\/index.php?rest_route=\/wp\/v2\/posts\/29062\/revisions"}],"predecessor-version":[{"id":29076,"href":"https:\/\/www.bitacoracdmx.com\/index.php?rest_route=\/wp\/v2\/posts\/29062\/revisions\/29076"}],"wp:featuredmedia":[{"embeddable":true,"href":"https:\/\/www.bitacoracdmx.com\/index.php?rest_route=\/wp\/v2\/media\/29075"}],"wp:attachment":[{"href":"https:\/\/www.bitacoracdmx.com\/index.php?rest_route=%2Fwp%2Fv2%2Fmedia&parent=29062"}],"wp:term":[{"taxonomy":"category","embeddable":true,"href":"https:\/\/www.bitacoracdmx.com\/index.php?rest_route=%2Fwp%2Fv2%2Fcategories&post=29062"},{"taxonomy":"post_tag","embeddable":true,"href":"https:\/\/www.bitacoracdmx.com\/index.php?rest_route=%2Fwp%2Fv2%2Ftags&post=29062"}],"curies":[{"name":"wp","href":"https:\/\/api.w.org\/{rel}","templated":true}]}}