{"id":29300,"date":"2019-10-08T02:50:20","date_gmt":"2019-10-08T02:50:20","guid":{"rendered":"https:\/\/www.bitacoracdmx.com\/?p=29300"},"modified":"2019-10-08T02:50:20","modified_gmt":"2019-10-08T02:50:20","slug":"la-tirania-corrupcion-y-el-abuso-de-poder-en-la-reunion","status":"publish","type":"post","link":"https:\/\/www.bitacoracdmx.com\/?p=29300","title":{"rendered":"La tiran\u00eda, corrupci\u00f3n y el abuso de poder en: La Reuni\u00f3n"},"content":{"rendered":"<p>[fusion_builder_container hundred_percent=&#8221;no&#8221; equal_height_columns=&#8221;no&#8221; menu_anchor=&#8221;&#8221; hide_on_mobile=&#8221;small-visibility,medium-visibility,large-visibility&#8221; class=&#8221;&#8221; id=&#8221;&#8221; background_color=&#8221;&#8221; background_image=&#8221;&#8221; background_position=&#8221;center center&#8221; background_repeat=&#8221;no-repeat&#8221; fade=&#8221;no&#8221; background_parallax=&#8221;none&#8221; parallax_speed=&#8221;0.3&#8243; video_mp4=&#8221;&#8221; video_webm=&#8221;&#8221; video_ogv=&#8221;&#8221; video_url=&#8221;&#8221; video_aspect_ratio=&#8221;16:9&#8243; video_loop=&#8221;yes&#8221; video_mute=&#8221;yes&#8221; overlay_color=&#8221;&#8221; video_preview_image=&#8221;&#8221; border_size=&#8221;&#8221; border_color=&#8221;&#8221; border_style=&#8221;solid&#8221; padding_top=&#8221;&#8221; padding_bottom=&#8221;&#8221; padding_left=&#8221;&#8221; padding_right=&#8221;&#8221;][fusion_builder_row][fusion_builder_column type=&#8221;1_1&#8243; layout=&#8221;1_1&#8243; background_position=&#8221;left top&#8221; background_color=&#8221;&#8221; border_size=&#8221;&#8221; border_color=&#8221;&#8221; border_style=&#8221;solid&#8221; border_position=&#8221;all&#8221; spacing=&#8221;yes&#8221; background_image=&#8221;&#8221; background_repeat=&#8221;no-repeat&#8221; padding_top=&#8221;&#8221; padding_right=&#8221;&#8221; padding_bottom=&#8221;&#8221; padding_left=&#8221;&#8221; margin_top=&#8221;0px&#8221; margin_bottom=&#8221;0px&#8221; class=&#8221;&#8221; id=&#8221;&#8221; animation_type=&#8221;&#8221; animation_speed=&#8221;0.3&#8243; animation_direction=&#8221;left&#8221; hide_on_mobile=&#8221;small-visibility,medium-visibility,large-visibility&#8221; center_content=&#8221;no&#8221; last=&#8221;no&#8221; min_height=&#8221;&#8221; hover_type=&#8221;none&#8221; link=&#8221;&#8221;][fusion_text]<\/p>\n<p>REDACCI\u00d3N<\/p>\n<p>Fotos: Leany Tejeda<\/p>\n<ul>\n<li>Una \u00edntima conversaci\u00f3n entre la Reina Isabel la Cat\u00f3lica y Cristobal Col\u00f3n<\/li>\n<li>Co- producci\u00f3n Fonca, Ana Karina Guevara y Sempiterno Theatrum<\/li>\n<\/ul>\n<div>\u00bfHasta d\u00f3nde es capaz de llegar un ser humano cuando est\u00e1 en el poder? Esta es la pregunta que se plantea en\u00a0<strong><em>La Reuni\u00f3n<\/em><\/strong>, obra de teatro escrita por la dramaturga chilena Trinidad Gonz\u00e1lez, en la cual se reflexiona acerca de las tir\u00e1nicas formas de poder que han aquejado a Am\u00e9rica Latina a partir de un hecho hist\u00f3rico: la audiencia que tuvo Crist\u00f3bal Col\u00f3n con la Reina Isabel I de Castilla en el siglo XVI para tratar de justificar sus abusos en Las Indias.<\/div>\n<div><\/div>\n<div>El Foro La Gruta hospedar\u00e1<strong>:\u00a0<em>La Reuni\u00f3n\u00a0<\/em><\/strong>bajo la direcci\u00f3n de Pilar Boliver, protagonizada por Ana Karina Guevara y Juan Carlos Beyer, con la participaci\u00f3n de Sara Ju\u00e1rez. La puesta en escena cumplir\u00e1\u00a0<strong>temporada de viernes a domingo a partir del 11 de octubre al 1 de diciembre.<\/strong><\/div>\n<div><\/div>\n<div><strong><em>La Reuni\u00f3n<\/em><\/strong>\u00a0es una conversaci\u00f3n entre la Reina Isabel la Cat\u00f3lica y Cristobal Col\u00f3n en donde podemos ser testigos de c\u00f3mo unos pocos deciden el destino de millones. La obra se sit\u00faa en el momento en que Col\u00f3n fue tomado preso por la reina por haber abusado de los indios en extremo. Ella lo culpa de tirano e intenta expiar sus culpas a trav\u00e9s de \u00e9l. Col\u00f3n la presiona para que reconozca que siempre fueron c\u00f3mplices y que le devuelva el gobierno. Ambos intentan quitarse la culpa y cargar toda responsabilidad en los hombros del otro, sin embargo, son parte de una misma cosa: se necesitan, cada uno quiere algo del otro y su complicidad, marca su destino.<\/div>\n<div><\/div>\n<div>Escrita originalmente para la compa\u00f1\u00eda Teatro en el Blanco en 2012, <strong><em>La Reuni\u00f3n<\/em><\/strong>\u00a0pone el dedo en la llaga en una de las heridas m\u00e1s dolorosas de Am\u00e9rica Latina y que todav\u00eda no termina de sanar: el abuso de poder. De esta manera, cuestiona y conmueve al espectador para que se reinterpreten problem\u00e1ticas hist\u00f3ricas de la regi\u00f3n, como la injusticia social, el racismo y rezago de los pueblos originarios.<\/div>\n<div><\/div>\n<div><strong><em>La Reuni\u00f3n <\/em><\/strong>se presentar\u00e1 del\u00a0<strong>11 de octubre al 1 de diciembre<\/strong>, con funciones los: viernes a las 20:30 horas, s\u00e1bado 19:00 horas y domingo 18:00 horas. El costo del boleto es de $300, actualmente hay una\u00a0<strong>venta especial del 50% hasta el 8 de octubre<\/strong>. Las localidades est\u00e1n disponibles en la taquilla del Centro Cultural Hel\u00e9nico ubicado en avenida Revoluci\u00f3n 1500 y en la p\u00e1gina de internet www.helenico.gob.mx<\/div>\n<p>[\/fusion_text][fusion_gallery layout=&#8221;&#8221; picture_size=&#8221;&#8221; columns=&#8221;&#8221; column_spacing=&#8221;10&#8243; gallery_masonry_grid_ratio=&#8221;&#8221; gallery_masonry_width_double=&#8221;&#8221; hover_type=&#8221;&#8221; lightbox=&#8221;yes&#8221; lightbox_content=&#8221;&#8221; bordersize=&#8221;&#8221; bordercolor=&#8221;&#8221; border_radius=&#8221;&#8221; hide_on_mobile=&#8221;small-visibility,medium-visibility,large-visibility&#8221; class=&#8221;&#8221; id=&#8221;&#8221;][fusion_gallery_image image=&#8221;https:\/\/www.bitacoracdmx.com\/wp-content\/uploads\/2019\/10\/Fotograf\u00eda_Cortes\u00edaDeLa_Producci\u00f3n-1.tif&#8221; image_id=&#8221;29301|medium&#8221; link=&#8221;&#8221; linktarget=&#8221;_self&#8221; \/][fusion_gallery_image image=&#8221;https:\/\/www.bitacoracdmx.com\/wp-content\/uploads\/2019\/10\/Fotograf\u00eda_Cortes\u00edaDeLa_Producci\u00f3n-3.tif&#8221; image_id=&#8221;29302|medium&#8221; link=&#8221;&#8221; linktarget=&#8221;_self&#8221; \/][fusion_gallery_image image=&#8221;https:\/\/www.bitacoracdmx.com\/wp-content\/uploads\/2019\/10\/Fotograf\u00eda_Cortes\u00edaDeLa_Producci\u00f3n-5.tif&#8221; image_id=&#8221;29303|medium&#8221; link=&#8221;&#8221; linktarget=&#8221;_self&#8221; \/][fusion_gallery_image image=&#8221;https:\/\/www.bitacoracdmx.com\/wp-content\/uploads\/2019\/10\/LeanyTejeda_LaReunion-2-300&#215;205.jpg&#8221; image_id=&#8221;29304|medium&#8221; link=&#8221;&#8221; linktarget=&#8221;_self&#8221; \/][fusion_gallery_image image=&#8221;https:\/\/www.bitacoracdmx.com\/wp-content\/uploads\/2019\/10\/LeanyTejeda_LaReunion-12-300&#215;200.jpg&#8221; image_id=&#8221;29305|medium&#8221; link=&#8221;&#8221; linktarget=&#8221;_self&#8221; \/][fusion_gallery_image image=&#8221;https:\/\/www.bitacoracdmx.com\/wp-content\/uploads\/2019\/10\/LeanyTejeda_LaReunion-13-300&#215;200.jpg&#8221; image_id=&#8221;29306|medium&#8221; link=&#8221;&#8221; linktarget=&#8221;_self&#8221; \/][fusion_gallery_image image=&#8221;https:\/\/www.bitacoracdmx.com\/wp-content\/uploads\/2019\/10\/LeanyTejeda_LaReunion-15-300&#215;208.jpg&#8221; image_id=&#8221;29307|medium&#8221; link=&#8221;&#8221; linktarget=&#8221;_self&#8221; \/][fusion_gallery_image image=&#8221;https:\/\/www.bitacoracdmx.com\/wp-content\/uploads\/2019\/10\/LeanyTejeda_LaReunion-17-300&#215;272.jpg&#8221; image_id=&#8221;29308|medium&#8221; link=&#8221;&#8221; linktarget=&#8221;_self&#8221; \/][fusion_gallery_image image=&#8221;https:\/\/www.bitacoracdmx.com\/wp-content\/uploads\/2019\/10\/LeanyTejeda_LaReunion-18-300&#215;274.jpg&#8221; image_id=&#8221;29309|medium&#8221; link=&#8221;&#8221; linktarget=&#8221;_self&#8221; \/][fusion_gallery_image image=&#8221;https:\/\/www.bitacoracdmx.com\/wp-content\/uploads\/2019\/10\/LeanyTejeda_LaReunion-19-300&#215;270.jpg&#8221; image_id=&#8221;29310|medium&#8221; link=&#8221;&#8221; linktarget=&#8221;_self&#8221; \/][fusion_gallery_image image=&#8221;https:\/\/www.bitacoracdmx.com\/wp-content\/uploads\/2019\/10\/LeanyTejeda_LaReunion-20-300&#215;213.jpg&#8221; image_id=&#8221;29311|medium&#8221; link=&#8221;&#8221; linktarget=&#8221;_self&#8221; \/][fusion_gallery_image image=&#8221;https:\/\/www.bitacoracdmx.com\/wp-content\/uploads\/2019\/10\/La-reuni\u00f3n374973-190&#215;300.jpg&#8221; image_id=&#8221;29312|medium&#8221; link=&#8221;&#8221; linktarget=&#8221;_self&#8221; \/][\/fusion_gallery][\/fusion_builder_column][\/fusion_builder_row][\/fusion_builder_container]<\/p>\n","protected":false},"excerpt":{"rendered":"<p>[fusion_builder_container hundred_percent=&#8221;no&#8221; equal_height_columns=&#8221;no&#8221; menu_anchor=&#8221;&#8221; hide_on_mobile=&#8221;small-visibility,medium-visibility,large-visibility&#8221; class=&#8221;&#8221; id=&#8221;&#8221; background_color=&#8221;&#8221; background_image=&#8221;&#8221; background_position=&#8221;center center&#8221; background_repeat=&#8221;no-repeat&#8221; fade=&#8221;no&#8221; background_parallax=&#8221;none&#8221; parallax_speed=&#8221;0.3&#8243; video_mp4=&#8221;&#8221; video_webm=&#8221;&#8221; video_ogv=&#8221;&#8221; video_url=&#8221;&#8221; video_aspect_ratio=&#8221;16:9&#8243; video_loop=&#8221;yes&#8221; video_mute=&#8221;yes&#8221; overlay_color=&#8221;&#8221; video_preview_image=&#8221;&#8221; border_size=&#8221;&#8221; border_color=&#8221;&#8221; border_style=&#8221;solid&#8221; padding_top=&#8221;&#8221; padding_bottom=&#8221;&#8221; padding_left=&#8221;&#8221; padding_right=&#8221;&#8221;][fusion_builder_row][fusion_builder_column type=&#8221;1_1&#8243; layout=&#8221;1_1&#8243; background_position=&#8221;left top&#8221; background_color=&#8221;&#8221; border_size=&#8221;&#8221; border_color=&#8221;&#8221; border_style=&#8221;solid&#8221; border_position=&#8221;all&#8221; spacing=&#8221;yes&#8221; background_image=&#8221;&#8221; background_repeat=&#8221;no-repeat&#8221; padding_top=&#8221;&#8221; padding_right=&#8221;&#8221; padding_bottom=&#8221;&#8221; padding_left=&#8221;&#8221; margin_top=&#8221;0px&#8221; margin_bottom=&#8221;0px&#8221; class=&#8221;&#8221; id=&#8221;&#8221; animation_type=&#8221;&#8221; animation_speed=&#8221;0.3&#8243; animation_direction=&#8221;left&#8221; hide_on_mobile=&#8221;small-visibility,medium-visibility,large-visibility&#8221; center_content=&#8221;no&#8221; last=&#8221;no&#8221; min_height=&#8221;&#8221; hover_type=&#8221;none&#8221; link=&#8221;&#8221;][fusion_text] REDACCI\u00d3N Fotos: Leany Tejeda Una \u00edntima conversaci\u00f3n entre la Reina Isabel la Cat\u00f3lica y Cristobal Col\u00f3n Co- producci\u00f3n Fonca, Ana Karina Guevara y Sempiterno Theatrum \u00bfHasta d\u00f3nde es capaz de llegar un ser humano cuando est\u00e1 en el poder? Esta [&hellip;]<\/p>\n","protected":false},"author":1,"featured_media":29312,"comment_status":"open","ping_status":"open","sticky":false,"template":"","format":"standard","meta":{"footnotes":""},"categories":[9,14],"tags":[],"_links":{"self":[{"href":"https:\/\/www.bitacoracdmx.com\/index.php?rest_route=\/wp\/v2\/posts\/29300"}],"collection":[{"href":"https:\/\/www.bitacoracdmx.com\/index.php?rest_route=\/wp\/v2\/posts"}],"about":[{"href":"https:\/\/www.bitacoracdmx.com\/index.php?rest_route=\/wp\/v2\/types\/post"}],"author":[{"embeddable":true,"href":"https:\/\/www.bitacoracdmx.com\/index.php?rest_route=\/wp\/v2\/users\/1"}],"replies":[{"embeddable":true,"href":"https:\/\/www.bitacoracdmx.com\/index.php?rest_route=%2Fwp%2Fv2%2Fcomments&post=29300"}],"version-history":[{"count":1,"href":"https:\/\/www.bitacoracdmx.com\/index.php?rest_route=\/wp\/v2\/posts\/29300\/revisions"}],"predecessor-version":[{"id":29313,"href":"https:\/\/www.bitacoracdmx.com\/index.php?rest_route=\/wp\/v2\/posts\/29300\/revisions\/29313"}],"wp:featuredmedia":[{"embeddable":true,"href":"https:\/\/www.bitacoracdmx.com\/index.php?rest_route=\/wp\/v2\/media\/29312"}],"wp:attachment":[{"href":"https:\/\/www.bitacoracdmx.com\/index.php?rest_route=%2Fwp%2Fv2%2Fmedia&parent=29300"}],"wp:term":[{"taxonomy":"category","embeddable":true,"href":"https:\/\/www.bitacoracdmx.com\/index.php?rest_route=%2Fwp%2Fv2%2Fcategories&post=29300"},{"taxonomy":"post_tag","embeddable":true,"href":"https:\/\/www.bitacoracdmx.com\/index.php?rest_route=%2Fwp%2Fv2%2Ftags&post=29300"}],"curies":[{"name":"wp","href":"https:\/\/api.w.org\/{rel}","templated":true}]}}