{"id":29324,"date":"2019-10-08T03:23:13","date_gmt":"2019-10-08T03:23:13","guid":{"rendered":"https:\/\/www.bitacoracdmx.com\/?p=29324"},"modified":"2019-10-08T03:23:13","modified_gmt":"2019-10-08T03:23:13","slug":"la-descomposicion-social-que-obliga-a-dejar-el-lugar-de-origen-en-el-olvido-para-sobrevivir-en-los-caminantes-2","status":"publish","type":"post","link":"https:\/\/www.bitacoracdmx.com\/?p=29324","title":{"rendered":"La descomposici\u00f3n social que obliga a dejar el lugar de origen en el olvido para sobrevivir en: LOS CAMINANTES"},"content":{"rendered":"<p>[fusion_builder_container hundred_percent=&#8221;no&#8221; equal_height_columns=&#8221;no&#8221; menu_anchor=&#8221;&#8221; hide_on_mobile=&#8221;small-visibility,medium-visibility,large-visibility&#8221; class=&#8221;&#8221; id=&#8221;&#8221; background_color=&#8221;&#8221; background_image=&#8221;&#8221; background_position=&#8221;center center&#8221; background_repeat=&#8221;no-repeat&#8221; fade=&#8221;no&#8221; background_parallax=&#8221;none&#8221; parallax_speed=&#8221;0.3&#8243; video_mp4=&#8221;&#8221; video_webm=&#8221;&#8221; video_ogv=&#8221;&#8221; video_url=&#8221;&#8221; video_aspect_ratio=&#8221;16:9&#8243; video_loop=&#8221;yes&#8221; video_mute=&#8221;yes&#8221; overlay_color=&#8221;&#8221; video_preview_image=&#8221;&#8221; border_size=&#8221;&#8221; border_color=&#8221;&#8221; border_style=&#8221;solid&#8221; padding_top=&#8221;&#8221; padding_bottom=&#8221;&#8221; padding_left=&#8221;&#8221; padding_right=&#8221;&#8221;][fusion_builder_row][fusion_builder_column type=&#8221;1_1&#8243; layout=&#8221;1_1&#8243; background_position=&#8221;left top&#8221; background_color=&#8221;&#8221; border_size=&#8221;&#8221; border_color=&#8221;&#8221; border_style=&#8221;solid&#8221; border_position=&#8221;all&#8221; spacing=&#8221;yes&#8221; background_image=&#8221;&#8221; background_repeat=&#8221;no-repeat&#8221; padding_top=&#8221;&#8221; padding_right=&#8221;&#8221; padding_bottom=&#8221;&#8221; padding_left=&#8221;&#8221; margin_top=&#8221;0px&#8221; margin_bottom=&#8221;0px&#8221; class=&#8221;&#8221; id=&#8221;&#8221; animation_type=&#8221;&#8221; animation_speed=&#8221;0.3&#8243; animation_direction=&#8221;left&#8221; hide_on_mobile=&#8221;small-visibility,medium-visibility,large-visibility&#8221; center_content=&#8221;no&#8221; last=&#8221;no&#8221; min_height=&#8221;&#8221; hover_type=&#8221;none&#8221; link=&#8221;&#8221;][fusion_text]<\/p>\n<p>REDACCI\u00d3N<\/p>\n<p class=\"x_gmail-MsoListParagraphCxSpFirst\">\u00b7 <b>Reflexi\u00f3n sobre la desolaci\u00f3n y la migraci\u00f3n debido a la violencia en Los Caminantes<\/b><\/p>\n<p class=\"x_gmail-MsoListParagraphCxSpLast\">\u00b7 <b>La descomposici\u00f3n social como un tema que se cuestiona cotidianamente la dramaturga y directora Ver\u00f3nica Musalem<\/b><\/p>\n<p class=\"x_MsoNormal\">Un lugar que no tiene ya nada que ofrecer a sus habitantes, envuelto en el exceso y la injusticia es donde surge\u00a0<b>Los caminantes<\/b>, una obra bajo la autor\u00eda y direcci\u00f3n de Ver\u00f3nica Musalem, quien cumpli\u00f3 26 a\u00f1os de trayectoria art\u00edstica como dramaturga, m\u00e1s de 30 como mujer de teatro y con ello regresa como directora esc\u00e9nica, al origen para realizar una reflexi\u00f3n sobre los lugares en absoluta desolaci\u00f3n debido a la violencia que obliga a la poblaci\u00f3n a migrar por sobrevivencia.<\/p>\n<p class=\"x_MsoNormal\">En\u00a0<b>Los caminantes,\u00a0<\/b>se busca hacer visible esta problem\u00e1tica y cuestionar el por qu\u00e9 est\u00e1 sucediendo toda esta descomposici\u00f3n social que lleva al l\u00edmite al ser humano para despu\u00e9s emprender la huida del lugar sin un rumbo, sin tranquilidad y dejando su morada en abandono.<\/p>\n<p class=\"x_MsoNormal\">La puesta en escena, en palabras de Lydia Margules es \u201cuna traducci\u00f3n de los universos interiores de los personajes, mismos que se encuentran en el l\u00edmite de sus propios trayectos de vida. Universos on\u00edricos, donde se hace presente la magia, conforman un mundo misterioso construido en la frontera de lo finito\u201d.<\/p>\n<p class=\"x_MsoNormal\">La historia se desarrolla en un mundo devastado por la violencia, donde los caminos est\u00e1n llenos de delincuentes y M\u00e9xico colapsa.\u00a0Dos ind\u00edgenas salen a cazar un venado, uno de ellos, Rom\u00e1n, es mordido por un alacr\u00e1n y entra en\u00a0delirio, cree que viene otra nueva \u201cconquista\u201d y preparan las armas para el combate. Su compa\u00f1ero Ernesto, le sigue el\u00a0juego.<\/p>\n<p class=\"x_MsoNormal\">La supuesta conquista contra los ind\u00edgenas ser\u00e1 liderara por tres personajes que huyen de la ley, pero, sobre todo, de ellos mismos: Anabela, una ex bailarina de un bar, Mauricio y Juli\u00e1n, dos matones a sueldo. Como los invasores no tienen nada que perder, decidir\u00e1n crear un \u201cnuevo mundo\u201d.<\/p>\n<p class=\"x_MsoNormal\">Ver\u00f3nica Musalem declara haber vivido un momento de dolor emocional como mujer y ser humano, al observar la devastaci\u00f3n del tejido social por la que atraviesa el pa\u00eds, en particular la ocurrida en la lejan\u00eda de las sierras.<\/p>\n<p class=\"x_MsoNormal\">El elenco est\u00e1 conformado por lo conforma\u00a0Karen Daneida, Luis Ernesto Verd\u00edn, Javier S\u00e1nchez, Alberto Santiago y David Sicars. La composici\u00f3n y m\u00fasica es de Alejandro Andonaegui. Producci\u00f3n general de Musa-Colibr\u00ed-Producci\u00f3n y Producci\u00f3n Esc\u00e9nica S.E., y en coproducci\u00f3n con la Universidad Aut\u00f3noma Metropolitana.<\/p>\n<p class=\"x_MsoNormal\"><b>Los caminantes<\/b>, una obra violenta y a la vez llena de magia, donde la naturaleza es un personaje m\u00e1s que enloquece y cuestiona las creencias del resto de los protagonistas, se llevar\u00e1 a cabo del 14 de octubre al 10 de diciembre todos los lunes y martes\u00a0a las 20:00 horas, excepto 18 de noviembre,\u00a0en el S\u00f3tano del Teatro Julio Castillo, del Centro Cultural del Bosque con un costo de $150 entrada general. Cupo limitado.<\/p>\n<p>[\/fusion_text][fusion_gallery layout=&#8221;&#8221; picture_size=&#8221;&#8221; columns=&#8221;&#8221; column_spacing=&#8221;10&#8243; gallery_masonry_grid_ratio=&#8221;&#8221; gallery_masonry_width_double=&#8221;&#8221; hover_type=&#8221;&#8221; lightbox=&#8221;yes&#8221; lightbox_content=&#8221;&#8221; bordersize=&#8221;&#8221; bordercolor=&#8221;&#8221; border_radius=&#8221;&#8221; hide_on_mobile=&#8221;small-visibility,medium-visibility,large-visibility&#8221; class=&#8221;&#8221; id=&#8221;&#8221;][fusion_gallery_image image=&#8221;https:\/\/www.bitacoracdmx.com\/wp-content\/uploads\/2019\/10\/alberto-y-david-bn-universo-300&#215;200.jpg&#8221; image_id=&#8221;29325|medium&#8221; link=&#8221;&#8221; linktarget=&#8221;_self&#8221; \/][fusion_gallery_image image=&#8221;https:\/\/www.bitacoracdmx.com\/wp-content\/uploads\/2019\/10\/javier-bn-con-universo-300&#215;200.jpg&#8221; image_id=&#8221;29326|medium&#8221; link=&#8221;&#8221; linktarget=&#8221;_self&#8221; \/][fusion_gallery_image image=&#8221;https:\/\/www.bitacoracdmx.com\/wp-content\/uploads\/2019\/10\/javier-y-verdin-bn-y-universo-300&#215;200.jpg&#8221; image_id=&#8221;29327|medium&#8221; link=&#8221;&#8221; linktarget=&#8221;_self&#8221; \/][fusion_gallery_image image=&#8221;https:\/\/www.bitacoracdmx.com\/wp-content\/uploads\/2019\/10\/todos-edit-bn-color-universo-300&#215;258.jpg&#8221; image_id=&#8221;29328|medium&#8221; link=&#8221;&#8221; linktarget=&#8221;_self&#8221; \/][fusion_gallery_image image=&#8221;https:\/\/www.bitacoracdmx.com\/wp-content\/uploads\/2019\/10\/verdin-bn-con-universo-300&#215;200.jpg&#8221; image_id=&#8221;29329|medium&#8221; link=&#8221;&#8221; linktarget=&#8221;_self&#8221; \/][fusion_gallery_image image=&#8221;https:\/\/www.bitacoracdmx.com\/wp-content\/uploads\/2019\/10\/LOS-CAMINANTES-1-300&#215;142.jpg&#8221; image_id=&#8221;29330|medium&#8221; link=&#8221;&#8221; linktarget=&#8221;_self&#8221; \/][\/fusion_gallery][\/fusion_builder_column][\/fusion_builder_row][\/fusion_builder_container]<\/p>\n","protected":false},"excerpt":{"rendered":"<p>[fusion_builder_container hundred_percent=&#8221;no&#8221; equal_height_columns=&#8221;no&#8221; menu_anchor=&#8221;&#8221; hide_on_mobile=&#8221;small-visibility,medium-visibility,large-visibility&#8221; class=&#8221;&#8221; id=&#8221;&#8221; background_color=&#8221;&#8221; background_image=&#8221;&#8221; background_position=&#8221;center center&#8221; background_repeat=&#8221;no-repeat&#8221; fade=&#8221;no&#8221; background_parallax=&#8221;none&#8221; parallax_speed=&#8221;0.3&#8243; video_mp4=&#8221;&#8221; video_webm=&#8221;&#8221; video_ogv=&#8221;&#8221; video_url=&#8221;&#8221; video_aspect_ratio=&#8221;16:9&#8243; video_loop=&#8221;yes&#8221; video_mute=&#8221;yes&#8221; overlay_color=&#8221;&#8221; video_preview_image=&#8221;&#8221; border_size=&#8221;&#8221; border_color=&#8221;&#8221; border_style=&#8221;solid&#8221; padding_top=&#8221;&#8221; padding_bottom=&#8221;&#8221; padding_left=&#8221;&#8221; padding_right=&#8221;&#8221;][fusion_builder_row][fusion_builder_column type=&#8221;1_1&#8243; layout=&#8221;1_1&#8243; background_position=&#8221;left top&#8221; background_color=&#8221;&#8221; border_size=&#8221;&#8221; border_color=&#8221;&#8221; border_style=&#8221;solid&#8221; border_position=&#8221;all&#8221; spacing=&#8221;yes&#8221; background_image=&#8221;&#8221; background_repeat=&#8221;no-repeat&#8221; padding_top=&#8221;&#8221; padding_right=&#8221;&#8221; padding_bottom=&#8221;&#8221; padding_left=&#8221;&#8221; margin_top=&#8221;0px&#8221; margin_bottom=&#8221;0px&#8221; class=&#8221;&#8221; id=&#8221;&#8221; animation_type=&#8221;&#8221; animation_speed=&#8221;0.3&#8243; animation_direction=&#8221;left&#8221; hide_on_mobile=&#8221;small-visibility,medium-visibility,large-visibility&#8221; center_content=&#8221;no&#8221; last=&#8221;no&#8221; min_height=&#8221;&#8221; hover_type=&#8221;none&#8221; link=&#8221;&#8221;][fusion_text] REDACCI\u00d3N \u00b7 Reflexi\u00f3n sobre la desolaci\u00f3n y la migraci\u00f3n debido a la violencia en Los Caminantes \u00b7 La descomposici\u00f3n social como un tema que se cuestiona cotidianamente la dramaturga y directora Ver\u00f3nica Musalem Un lugar que no tiene ya nada [&hellip;]<\/p>\n","protected":false},"author":1,"featured_media":29330,"comment_status":"open","ping_status":"open","sticky":false,"template":"","format":"standard","meta":{"footnotes":""},"categories":[9,14],"tags":[],"_links":{"self":[{"href":"https:\/\/www.bitacoracdmx.com\/index.php?rest_route=\/wp\/v2\/posts\/29324"}],"collection":[{"href":"https:\/\/www.bitacoracdmx.com\/index.php?rest_route=\/wp\/v2\/posts"}],"about":[{"href":"https:\/\/www.bitacoracdmx.com\/index.php?rest_route=\/wp\/v2\/types\/post"}],"author":[{"embeddable":true,"href":"https:\/\/www.bitacoracdmx.com\/index.php?rest_route=\/wp\/v2\/users\/1"}],"replies":[{"embeddable":true,"href":"https:\/\/www.bitacoracdmx.com\/index.php?rest_route=%2Fwp%2Fv2%2Fcomments&post=29324"}],"version-history":[{"count":1,"href":"https:\/\/www.bitacoracdmx.com\/index.php?rest_route=\/wp\/v2\/posts\/29324\/revisions"}],"predecessor-version":[{"id":29331,"href":"https:\/\/www.bitacoracdmx.com\/index.php?rest_route=\/wp\/v2\/posts\/29324\/revisions\/29331"}],"wp:featuredmedia":[{"embeddable":true,"href":"https:\/\/www.bitacoracdmx.com\/index.php?rest_route=\/wp\/v2\/media\/29330"}],"wp:attachment":[{"href":"https:\/\/www.bitacoracdmx.com\/index.php?rest_route=%2Fwp%2Fv2%2Fmedia&parent=29324"}],"wp:term":[{"taxonomy":"category","embeddable":true,"href":"https:\/\/www.bitacoracdmx.com\/index.php?rest_route=%2Fwp%2Fv2%2Fcategories&post=29324"},{"taxonomy":"post_tag","embeddable":true,"href":"https:\/\/www.bitacoracdmx.com\/index.php?rest_route=%2Fwp%2Fv2%2Ftags&post=29324"}],"curies":[{"name":"wp","href":"https:\/\/api.w.org\/{rel}","templated":true}]}}