{"id":30457,"date":"2019-10-29T02:33:44","date_gmt":"2019-10-29T02:33:44","guid":{"rendered":"https:\/\/www.bitacoracdmx.com\/?p=30457"},"modified":"2019-10-29T02:33:44","modified_gmt":"2019-10-29T02:33:44","slug":"el-cuarteto-latinoamericano-festeja-el-decimo-aniversario-de-las-jornadas-inbal-sacm","status":"publish","type":"post","link":"https:\/\/www.bitacoracdmx.com\/?p=30457","title":{"rendered":"El Cuarteto Latinoamericano festeja el d\u00e9cimo aniversario de las jornadas INBAL-SACM"},"content":{"rendered":"<p>[fusion_builder_container hundred_percent=&#8221;no&#8221; equal_height_columns=&#8221;no&#8221; menu_anchor=&#8221;&#8221; hide_on_mobile=&#8221;small-visibility,medium-visibility,large-visibility&#8221; class=&#8221;&#8221; id=&#8221;&#8221; background_color=&#8221;&#8221; background_image=&#8221;&#8221; background_position=&#8221;center center&#8221; background_repeat=&#8221;no-repeat&#8221; fade=&#8221;no&#8221; background_parallax=&#8221;none&#8221; parallax_speed=&#8221;0.3&#8243; video_mp4=&#8221;&#8221; video_webm=&#8221;&#8221; video_ogv=&#8221;&#8221; video_url=&#8221;&#8221; video_aspect_ratio=&#8221;16:9&#8243; video_loop=&#8221;yes&#8221; video_mute=&#8221;yes&#8221; overlay_color=&#8221;&#8221; video_preview_image=&#8221;&#8221; border_size=&#8221;&#8221; border_color=&#8221;&#8221; border_style=&#8221;solid&#8221; padding_top=&#8221;&#8221; padding_bottom=&#8221;&#8221; padding_left=&#8221;&#8221; padding_right=&#8221;&#8221;][fusion_builder_row][fusion_builder_column type=&#8221;1_1&#8243; layout=&#8221;1_1&#8243; background_position=&#8221;left top&#8221; background_color=&#8221;&#8221; border_size=&#8221;&#8221; border_color=&#8221;&#8221; border_style=&#8221;solid&#8221; border_position=&#8221;all&#8221; spacing=&#8221;yes&#8221; background_image=&#8221;&#8221; background_repeat=&#8221;no-repeat&#8221; padding_top=&#8221;&#8221; padding_right=&#8221;&#8221; padding_bottom=&#8221;&#8221; padding_left=&#8221;&#8221; margin_top=&#8221;0px&#8221; margin_bottom=&#8221;0px&#8221; class=&#8221;&#8221; id=&#8221;&#8221; animation_type=&#8221;&#8221; animation_speed=&#8221;0.3&#8243; animation_direction=&#8221;left&#8221; hide_on_mobile=&#8221;small-visibility,medium-visibility,large-visibility&#8221; center_content=&#8221;no&#8221; last=&#8221;no&#8221; min_height=&#8221;&#8221; hover_type=&#8221;none&#8221; link=&#8221;&#8221;][fusion_text]<\/p>\n<p>REDACCI\u00d3N<\/p>\n<p>Durante su presentaci\u00f3n en el 10 aniversario de las Jornadas INBAL-SACM, el Cuarteto Latinoamericano iniciar\u00e1 con la pieza\u00a0<i>Mictl\u00e1n\u00a0<\/i>de Jes\u00fas Echevarr\u00eda, inspirada en los mitos y creencias de los antiguos mexicanos. La obra est\u00e1 concebida en cuatro partes.\u00a0<i>Duelo\u00a0<\/i>habla del dolor de la muerte, del lamento de dejar el mundo de los vivos.\u00a0<i>El viaje<\/i>\u00a0representa la creencia mexica de que el alma ten\u00eda que recorrer un prolongado camino antes de llegar al Mictl\u00e1n.\u00a0<i>Calaveritas<\/i>\u00a0intenta reflejar la manera en que los mexicanos vemos la muerte, m\u00e1s como una fiesta que como una ceremonia luctuosa.\u00a0<i>C\u00f3atl<\/i>\u00a0aborda la noci\u00f3n de eternidad y es el nombre nahua para serpiente. La serpiente simboliza la fertilidad, el ciclo agr\u00edcola que renueva la vida constantemente, encarna, pues, la idea de la resurrecci\u00f3n, de lo eterno.<\/p>\n<p><i>Dualitas<\/i>\u00a0de Pablo Olaya, muestra a dos seres humanos que, compartiendo el fen\u00f3meno de dualidad, lucharon y se resignaron. Uno luch\u00f3 por sobrevivir, al mismo tiempo que el otro lucha por mantener; uno se resign\u00f3 a la inesquivable acogida sobrenatural y otro se resigna al caminar pendiente.\u00a0<i>Dualitas<\/i>\u00a0presenta los contrastes y degradados que conviven entre los dos espejos.<\/p>\n<p>De Benjam\u00edn Mira Becerra interpretar\u00e1n\u00a0<i>Tres apuntes del Quijote,\u00a0<\/i>la m\u00fasica desea comunicar la mezcla, del texto con la visi\u00f3n del entorno inmediato (violento y desolado, donde la gente a\u00fan sonr\u00ede con impotencia y esperanza), del mundo, del Universo. T\u00e9cnicamente, es una escala modal, con funciones arm\u00f3nicas derivadas de la escala, con giros crom\u00e1ticos, forma libre en cada movimiento, predominando los ritmos ternarios, suficientes cambios de comp\u00e1s con abundancia de acentos.<\/p>\n<p>Luego, continuar\u00e1n con\u00a0<i>Incertae\u00a0<\/i>de Adri\u00e1n Echeverr\u00eda, la cual es una historia sonora, un viaje al interior de la mente, se basa en el conflicto que se vive al sentir la incertidumbre, de ah\u00ed el t\u00edtulo. Una sensaci\u00f3n que se vive al no tener certeza de nuestra realidad o de nuestro futuro. Justo eso retrata la obra: los conflictos internos que suceden por nuestra mente cuando esa sensaci\u00f3n nos invade, pasando por la desesperaci\u00f3n, la ansiedad e incluso la depresi\u00f3n.<\/p>\n<p>Para culminar, esta velada escucharemos de \u00d3scar Alcal\u00e1\u00a0<i>Polinuro en la escalera, un\u00a0<\/i>Homenaje p\u00f3stumo a Fernando del Paso, este cuarteto toma su t\u00edtulo del cap\u00edtulo XXIV de\u00a0<i>Palinuro de M\u00e9xico<\/i>, novela c\u00faspide del escritor mexicano, donde se narran sat\u00edrica y carnavalescamente los acontecimientos de Tlatelolco en 1968.<\/p>\n<p>[\/fusion_text][fusion_imageframe image_id=&#8221;30458|full&#8221; max_width=&#8221;&#8221; style_type=&#8221;&#8221; blur=&#8221;&#8221; stylecolor=&#8221;&#8221; hover_type=&#8221;none&#8221; bordersize=&#8221;&#8221; bordercolor=&#8221;&#8221; borderradius=&#8221;&#8221; align=&#8221;none&#8221; lightbox=&#8221;no&#8221; gallery_id=&#8221;&#8221; lightbox_image=&#8221;&#8221; lightbox_image_id=&#8221;&#8221; alt=&#8221;&#8221; link=&#8221;&#8221; linktarget=&#8221;_self&#8221; hide_on_mobile=&#8221;small-visibility,medium-visibility,large-visibility&#8221; class=&#8221;&#8221; id=&#8221;&#8221; animation_type=&#8221;&#8221; animation_direction=&#8221;left&#8221; animation_speed=&#8221;0.3&#8243; animation_offset=&#8221;&#8221;]https:\/\/www.bitacoracdmx.com\/wp-content\/uploads\/2019\/10\/Cuarteto-Latinoamericano-1.jpg[\/fusion_imageframe][\/fusion_builder_column][\/fusion_builder_row][\/fusion_builder_container]<\/p>\n","protected":false},"excerpt":{"rendered":"<p>[fusion_builder_container hundred_percent=&#8221;no&#8221; equal_height_columns=&#8221;no&#8221; menu_anchor=&#8221;&#8221; hide_on_mobile=&#8221;small-visibility,medium-visibility,large-visibility&#8221; class=&#8221;&#8221; id=&#8221;&#8221; background_color=&#8221;&#8221; background_image=&#8221;&#8221; background_position=&#8221;center center&#8221; background_repeat=&#8221;no-repeat&#8221; fade=&#8221;no&#8221; background_parallax=&#8221;none&#8221; parallax_speed=&#8221;0.3&#8243; video_mp4=&#8221;&#8221; video_webm=&#8221;&#8221; video_ogv=&#8221;&#8221; video_url=&#8221;&#8221; video_aspect_ratio=&#8221;16:9&#8243; video_loop=&#8221;yes&#8221; video_mute=&#8221;yes&#8221; overlay_color=&#8221;&#8221; video_preview_image=&#8221;&#8221; border_size=&#8221;&#8221; border_color=&#8221;&#8221; border_style=&#8221;solid&#8221; padding_top=&#8221;&#8221; padding_bottom=&#8221;&#8221; padding_left=&#8221;&#8221; padding_right=&#8221;&#8221;][fusion_builder_row][fusion_builder_column type=&#8221;1_1&#8243; layout=&#8221;1_1&#8243; background_position=&#8221;left top&#8221; background_color=&#8221;&#8221; border_size=&#8221;&#8221; border_color=&#8221;&#8221; border_style=&#8221;solid&#8221; border_position=&#8221;all&#8221; spacing=&#8221;yes&#8221; background_image=&#8221;&#8221; background_repeat=&#8221;no-repeat&#8221; padding_top=&#8221;&#8221; padding_right=&#8221;&#8221; padding_bottom=&#8221;&#8221; padding_left=&#8221;&#8221; margin_top=&#8221;0px&#8221; margin_bottom=&#8221;0px&#8221; class=&#8221;&#8221; id=&#8221;&#8221; animation_type=&#8221;&#8221; animation_speed=&#8221;0.3&#8243; animation_direction=&#8221;left&#8221; hide_on_mobile=&#8221;small-visibility,medium-visibility,large-visibility&#8221; center_content=&#8221;no&#8221; last=&#8221;no&#8221; min_height=&#8221;&#8221; hover_type=&#8221;none&#8221; link=&#8221;&#8221;][fusion_text] REDACCI\u00d3N Durante su presentaci\u00f3n en el 10 aniversario de las Jornadas INBAL-SACM, el Cuarteto Latinoamericano iniciar\u00e1 con la pieza\u00a0Mictl\u00e1n\u00a0de Jes\u00fas Echevarr\u00eda, inspirada en los mitos y creencias de los antiguos mexicanos. La obra est\u00e1 concebida en cuatro partes.\u00a0Duelo\u00a0habla del dolor [&hellip;]<\/p>\n","protected":false},"author":1,"featured_media":30458,"comment_status":"open","ping_status":"open","sticky":false,"template":"","format":"standard","meta":{"footnotes":""},"categories":[9,11],"tags":[],"_links":{"self":[{"href":"https:\/\/www.bitacoracdmx.com\/index.php?rest_route=\/wp\/v2\/posts\/30457"}],"collection":[{"href":"https:\/\/www.bitacoracdmx.com\/index.php?rest_route=\/wp\/v2\/posts"}],"about":[{"href":"https:\/\/www.bitacoracdmx.com\/index.php?rest_route=\/wp\/v2\/types\/post"}],"author":[{"embeddable":true,"href":"https:\/\/www.bitacoracdmx.com\/index.php?rest_route=\/wp\/v2\/users\/1"}],"replies":[{"embeddable":true,"href":"https:\/\/www.bitacoracdmx.com\/index.php?rest_route=%2Fwp%2Fv2%2Fcomments&post=30457"}],"version-history":[{"count":1,"href":"https:\/\/www.bitacoracdmx.com\/index.php?rest_route=\/wp\/v2\/posts\/30457\/revisions"}],"predecessor-version":[{"id":30459,"href":"https:\/\/www.bitacoracdmx.com\/index.php?rest_route=\/wp\/v2\/posts\/30457\/revisions\/30459"}],"wp:featuredmedia":[{"embeddable":true,"href":"https:\/\/www.bitacoracdmx.com\/index.php?rest_route=\/wp\/v2\/media\/30458"}],"wp:attachment":[{"href":"https:\/\/www.bitacoracdmx.com\/index.php?rest_route=%2Fwp%2Fv2%2Fmedia&parent=30457"}],"wp:term":[{"taxonomy":"category","embeddable":true,"href":"https:\/\/www.bitacoracdmx.com\/index.php?rest_route=%2Fwp%2Fv2%2Fcategories&post=30457"},{"taxonomy":"post_tag","embeddable":true,"href":"https:\/\/www.bitacoracdmx.com\/index.php?rest_route=%2Fwp%2Fv2%2Ftags&post=30457"}],"curies":[{"name":"wp","href":"https:\/\/api.w.org\/{rel}","templated":true}]}}