{"id":30541,"date":"2019-10-30T02:33:05","date_gmt":"2019-10-30T02:33:05","guid":{"rendered":"https:\/\/www.bitacoracdmx.com\/?p=30541"},"modified":"2019-10-30T02:33:05","modified_gmt":"2019-10-30T02:33:05","slug":"almac-continuara-impulsando-la-iniciativa-tasa-cero-para-beneficiar-a-todas-las-librerias-de-mexico","status":"publish","type":"post","link":"https:\/\/www.bitacoracdmx.com\/?p=30541","title":{"rendered":"ALMAC continuar\u00e1 impulsando la iniciativa Tasa Cero para beneficiar a todas las librer\u00edas de M\u00e9xico"},"content":{"rendered":"<p>[fusion_builder_container hundred_percent=&#8221;no&#8221; equal_height_columns=&#8221;no&#8221; menu_anchor=&#8221;&#8221; hide_on_mobile=&#8221;small-visibility,medium-visibility,large-visibility&#8221; class=&#8221;&#8221; id=&#8221;&#8221; background_color=&#8221;&#8221; background_image=&#8221;&#8221; background_position=&#8221;center center&#8221; background_repeat=&#8221;no-repeat&#8221; fade=&#8221;no&#8221; background_parallax=&#8221;none&#8221; parallax_speed=&#8221;0.3&#8243; video_mp4=&#8221;&#8221; video_webm=&#8221;&#8221; video_ogv=&#8221;&#8221; video_url=&#8221;&#8221; video_aspect_ratio=&#8221;16:9&#8243; video_loop=&#8221;yes&#8221; video_mute=&#8221;yes&#8221; overlay_color=&#8221;&#8221; video_preview_image=&#8221;&#8221; border_size=&#8221;&#8221; border_color=&#8221;&#8221; border_style=&#8221;solid&#8221; padding_top=&#8221;&#8221; padding_bottom=&#8221;&#8221; padding_left=&#8221;&#8221; padding_right=&#8221;&#8221;][fusion_builder_row][fusion_builder_column type=&#8221;1_1&#8243; layout=&#8221;1_1&#8243; background_position=&#8221;left top&#8221; background_color=&#8221;&#8221; border_size=&#8221;&#8221; border_color=&#8221;&#8221; border_style=&#8221;solid&#8221; border_position=&#8221;all&#8221; spacing=&#8221;yes&#8221; background_image=&#8221;&#8221; background_repeat=&#8221;no-repeat&#8221; padding_top=&#8221;&#8221; padding_right=&#8221;&#8221; padding_bottom=&#8221;&#8221; padding_left=&#8221;&#8221; margin_top=&#8221;0px&#8221; margin_bottom=&#8221;0px&#8221; class=&#8221;&#8221; id=&#8221;&#8221; animation_type=&#8221;&#8221; animation_speed=&#8221;0.3&#8243; animation_direction=&#8221;left&#8221; hide_on_mobile=&#8221;small-visibility,medium-visibility,large-visibility&#8221; center_content=&#8221;no&#8221; last=&#8221;no&#8221; min_height=&#8221;&#8221; hover_type=&#8221;none&#8221; link=&#8221;&#8221;][fusion_text]<\/p>\n<p>REDACCI\u00d3N<\/p>\n<ul>\n<li><span lang=\"ES\">Se continuar\u00e1 con la b\u00fasqueda del r\u00e9gimen fiscal Tasa Cero.<\/span><\/li>\n<\/ul>\n<p><span lang=\"ES\">La Asociaci\u00f3n de Librer\u00edas de M\u00e9xico (ALMAC) reconoce que la aprobaci\u00f3n para modificar el art\u00edculo 16 Apartado A de la Ley\u00a0\u00a0de Ingresos de la Federaci\u00f3n para el Ejercicio Fiscal de 2020 y la adici\u00f3n de la\u00a0\u00a0fracci\u00f3n VIII, beneficiar\u00e1 a las peque\u00f1as librer\u00edas mexicanas, pero continuar\u00e1 trabajando para impulsar la iniciativa Tasa Cero, que no solo apoya a todas las librer\u00edas del pa\u00eds, sino que asegura la divulgaci\u00f3n y promoci\u00f3n de la lectura y el libro a favor de todos los mexicanos.<\/span><\/p>\n<p><span lang=\"ES\">En esencia, este peque\u00f1o logro de los lectores, de la industria y del pa\u00eds, otorga a las personas f\u00edsicas y morales dedicadas al comercio de libros, revistas y peri\u00f3dicos y cuyo ingreso anual no exceda los 6 millones de pesos, una deducci\u00f3n adicional para el Impuesto Sobre la Renta (ISR).<\/span><\/p>\n<p><span lang=\"ES\">En este sentido, el diputado Meyer Bret\u00f3n, presidente de la Comisi\u00f3n de Cultura y Cinematograf\u00eda de la C\u00e1mara de Diputados, se\u00f1al\u00f3 que \u201clas librer\u00edas deben ser consideradas como un centro estrat\u00e9gico de desarrollo cultural y social, porque cumplen una funci\u00f3n esencial en el proceso formativo de las personas y convierten espacios de cohesi\u00f3n, convivencia y la ampliaci\u00f3n del conocimiento\u201d.<\/span><\/p>\n<p><span lang=\"ES\">La ALMAC impulsar\u00e1 que en el 2020 se apruebe el r\u00e9gimen fiscal Tasa Cero, porque en M\u00e9xico todos los productos que se necesitan para que un libro llegue a los lectores, como combustible, luz, internet, papel, cajas de cart\u00f3n, renta, entre otros, tienen IVA; sin embargo, los libros no, esto quiere decir que la inversi\u00f3n hecha por el due\u00f1o de la librer\u00eda no se puede compensar como en el resto de los comercios. Por esta raz\u00f3n, muchas han cerrado sus puertas y continuar\u00e1n haci\u00e9ndolo de no tomarse las medidas hacendarias necesarias.<\/span><\/p>\n<p><span lang=\"ES\">La librer\u00eda es el \u00fanico giro comercial con estas condiciones fiscales; sin embargo, tienen consecuencias adversas para el sector cultural, porque priva de la convivencia a lectores, editores, escritores. Adem\u00e1s, debilitan los lazos interpersonales porque en estos espacios, personas de todas las edades conviven, comparten experiencias y conocimiento.<\/span><\/p>\n<p><b><span lang=\"ES\">Sobre la Asociaci\u00f3n de Librer\u00edas de M\u00e9xico<\/span><\/b><\/p>\n<p><span lang=\"ES-MX\">Las librer\u00edas somos\u00a0\u00a0centros culturales en los que se comparte el conocimiento. No solo vendemos libros, distribuimos aventuras, esperanza, reflexiones e ilusiones. A trav\u00e9s de los libros ayudamos al engrandecimiento del esp\u00edritu y a hacer de este un mundo m\u00e1s amable, un mundo mejor. Talleres, presentaciones, charlas, lecturas en voz alta, actividades para ni\u00f1os, firmas y encuentros, son algunos de los esfuerzos que hacemos para acercar la palabra escrita a las personas.<\/span><\/p>\n<p><span lang=\"ES-MX\">Adem\u00e1s, nuestra labor diaria beneficia a autores, editores,\u00a0\u00a0impresores y todos los que de una u otra forma, est\u00e1n relacionados con el ciclo del libro. En la ALMAC llevamos tres a\u00f1os buscando acuerdos y condiciones fiscales que nos favorezcan. Al d\u00eda de hoy cuentamos con 65 afiliados, lo que se traduce en m\u00e1s de 400 puntos de venta. Tiene como misi\u00f3n consolidar, en un solo frente y espacio de convivencia, a la empresa dedicada a la comercializaci\u00f3n del libro en sus diferentes formatos, con el fin de se\u00f1alar y promover la observancia de sus intereses y derechos.<\/span><\/p>\n<p>[\/fusion_text][fusion_imageframe image_id=&#8221;30009|full&#8221; max_width=&#8221;&#8221; style_type=&#8221;&#8221; blur=&#8221;&#8221; stylecolor=&#8221;&#8221; hover_type=&#8221;none&#8221; bordersize=&#8221;&#8221; bordercolor=&#8221;&#8221; borderradius=&#8221;&#8221; align=&#8221;none&#8221; lightbox=&#8221;no&#8221; gallery_id=&#8221;&#8221; lightbox_image=&#8221;&#8221; lightbox_image_id=&#8221;&#8221; alt=&#8221;&#8221; link=&#8221;&#8221; linktarget=&#8221;_self&#8221; hide_on_mobile=&#8221;small-visibility,medium-visibility,large-visibility&#8221; class=&#8221;&#8221; id=&#8221;&#8221; animation_type=&#8221;&#8221; animation_direction=&#8221;left&#8221; animation_speed=&#8221;0.3&#8243; animation_offset=&#8221;&#8221;]https:\/\/www.bitacoracdmx.com\/wp-content\/uploads\/2019\/10\/DSC_6126.jpg[\/fusion_imageframe][\/fusion_builder_column][\/fusion_builder_row][\/fusion_builder_container]<\/p>\n","protected":false},"excerpt":{"rendered":"<p>[fusion_builder_container hundred_percent=&#8221;no&#8221; equal_height_columns=&#8221;no&#8221; menu_anchor=&#8221;&#8221; hide_on_mobile=&#8221;small-visibility,medium-visibility,large-visibility&#8221; class=&#8221;&#8221; id=&#8221;&#8221; background_color=&#8221;&#8221; background_image=&#8221;&#8221; background_position=&#8221;center center&#8221; background_repeat=&#8221;no-repeat&#8221; fade=&#8221;no&#8221; background_parallax=&#8221;none&#8221; parallax_speed=&#8221;0.3&#8243; video_mp4=&#8221;&#8221; video_webm=&#8221;&#8221; video_ogv=&#8221;&#8221; video_url=&#8221;&#8221; video_aspect_ratio=&#8221;16:9&#8243; video_loop=&#8221;yes&#8221; video_mute=&#8221;yes&#8221; overlay_color=&#8221;&#8221; video_preview_image=&#8221;&#8221; border_size=&#8221;&#8221; border_color=&#8221;&#8221; border_style=&#8221;solid&#8221; padding_top=&#8221;&#8221; padding_bottom=&#8221;&#8221; padding_left=&#8221;&#8221; padding_right=&#8221;&#8221;][fusion_builder_row][fusion_builder_column type=&#8221;1_1&#8243; layout=&#8221;1_1&#8243; background_position=&#8221;left top&#8221; background_color=&#8221;&#8221; border_size=&#8221;&#8221; border_color=&#8221;&#8221; border_style=&#8221;solid&#8221; border_position=&#8221;all&#8221; spacing=&#8221;yes&#8221; background_image=&#8221;&#8221; background_repeat=&#8221;no-repeat&#8221; padding_top=&#8221;&#8221; padding_right=&#8221;&#8221; padding_bottom=&#8221;&#8221; padding_left=&#8221;&#8221; margin_top=&#8221;0px&#8221; margin_bottom=&#8221;0px&#8221; class=&#8221;&#8221; id=&#8221;&#8221; animation_type=&#8221;&#8221; animation_speed=&#8221;0.3&#8243; animation_direction=&#8221;left&#8221; hide_on_mobile=&#8221;small-visibility,medium-visibility,large-visibility&#8221; center_content=&#8221;no&#8221; last=&#8221;no&#8221; min_height=&#8221;&#8221; hover_type=&#8221;none&#8221; link=&#8221;&#8221;][fusion_text] REDACCI\u00d3N Se continuar\u00e1 con la b\u00fasqueda del r\u00e9gimen fiscal Tasa Cero. La Asociaci\u00f3n de Librer\u00edas de M\u00e9xico (ALMAC) reconoce que la aprobaci\u00f3n para modificar el art\u00edculo 16 Apartado A de la Ley\u00a0\u00a0de Ingresos de la Federaci\u00f3n para el Ejercicio Fiscal [&hellip;]<\/p>\n","protected":false},"author":1,"featured_media":30009,"comment_status":"open","ping_status":"open","sticky":false,"template":"","format":"standard","meta":{"footnotes":""},"categories":[9,10],"tags":[],"_links":{"self":[{"href":"https:\/\/www.bitacoracdmx.com\/index.php?rest_route=\/wp\/v2\/posts\/30541"}],"collection":[{"href":"https:\/\/www.bitacoracdmx.com\/index.php?rest_route=\/wp\/v2\/posts"}],"about":[{"href":"https:\/\/www.bitacoracdmx.com\/index.php?rest_route=\/wp\/v2\/types\/post"}],"author":[{"embeddable":true,"href":"https:\/\/www.bitacoracdmx.com\/index.php?rest_route=\/wp\/v2\/users\/1"}],"replies":[{"embeddable":true,"href":"https:\/\/www.bitacoracdmx.com\/index.php?rest_route=%2Fwp%2Fv2%2Fcomments&post=30541"}],"version-history":[{"count":1,"href":"https:\/\/www.bitacoracdmx.com\/index.php?rest_route=\/wp\/v2\/posts\/30541\/revisions"}],"predecessor-version":[{"id":30542,"href":"https:\/\/www.bitacoracdmx.com\/index.php?rest_route=\/wp\/v2\/posts\/30541\/revisions\/30542"}],"wp:featuredmedia":[{"embeddable":true,"href":"https:\/\/www.bitacoracdmx.com\/index.php?rest_route=\/wp\/v2\/media\/30009"}],"wp:attachment":[{"href":"https:\/\/www.bitacoracdmx.com\/index.php?rest_route=%2Fwp%2Fv2%2Fmedia&parent=30541"}],"wp:term":[{"taxonomy":"category","embeddable":true,"href":"https:\/\/www.bitacoracdmx.com\/index.php?rest_route=%2Fwp%2Fv2%2Fcategories&post=30541"},{"taxonomy":"post_tag","embeddable":true,"href":"https:\/\/www.bitacoracdmx.com\/index.php?rest_route=%2Fwp%2Fv2%2Ftags&post=30541"}],"curies":[{"name":"wp","href":"https:\/\/api.w.org\/{rel}","templated":true}]}}