{"id":30544,"date":"2019-10-30T02:45:22","date_gmt":"2019-10-30T02:45:22","guid":{"rendered":"https:\/\/www.bitacoracdmx.com\/?p=30544"},"modified":"2019-10-30T02:45:22","modified_gmt":"2019-10-30T02:45:22","slug":"programacion-de-la-coordinacion-nacional-de-musica-y-opera-del-1-al-6-de-noviembre","status":"publish","type":"post","link":"https:\/\/www.bitacoracdmx.com\/?p=30544","title":{"rendered":"Programaci\u00f3n de la Coordinaci\u00f3n Nacional de M\u00fasica y Opera del 1 al 6 de noviembre"},"content":{"rendered":"<p>[fusion_builder_container hundred_percent=&#8221;no&#8221; equal_height_columns=&#8221;no&#8221; menu_anchor=&#8221;&#8221; hide_on_mobile=&#8221;small-visibility,medium-visibility,large-visibility&#8221; class=&#8221;&#8221; id=&#8221;&#8221; background_color=&#8221;&#8221; background_image=&#8221;&#8221; background_position=&#8221;center center&#8221; background_repeat=&#8221;no-repeat&#8221; fade=&#8221;no&#8221; background_parallax=&#8221;none&#8221; parallax_speed=&#8221;0.3&#8243; video_mp4=&#8221;&#8221; video_webm=&#8221;&#8221; video_ogv=&#8221;&#8221; video_url=&#8221;&#8221; video_aspect_ratio=&#8221;16:9&#8243; video_loop=&#8221;yes&#8221; video_mute=&#8221;yes&#8221; overlay_color=&#8221;&#8221; video_preview_image=&#8221;&#8221; border_size=&#8221;&#8221; border_color=&#8221;&#8221; border_style=&#8221;solid&#8221; padding_top=&#8221;&#8221; padding_bottom=&#8221;&#8221; padding_left=&#8221;&#8221; padding_right=&#8221;&#8221;][fusion_builder_row][fusion_builder_column type=&#8221;1_1&#8243; layout=&#8221;1_1&#8243; background_position=&#8221;left top&#8221; background_color=&#8221;&#8221; border_size=&#8221;&#8221; border_color=&#8221;&#8221; border_style=&#8221;solid&#8221; border_position=&#8221;all&#8221; spacing=&#8221;yes&#8221; background_image=&#8221;&#8221; background_repeat=&#8221;no-repeat&#8221; padding_top=&#8221;&#8221; padding_right=&#8221;&#8221; padding_bottom=&#8221;&#8221; padding_left=&#8221;&#8221; margin_top=&#8221;0px&#8221; margin_bottom=&#8221;0px&#8221; class=&#8221;&#8221; id=&#8221;&#8221; animation_type=&#8221;&#8221; animation_speed=&#8221;0.3&#8243; animation_direction=&#8221;left&#8221; hide_on_mobile=&#8221;small-visibility,medium-visibility,large-visibility&#8221; center_content=&#8221;no&#8221; last=&#8221;no&#8221; min_height=&#8221;&#8221; hover_type=&#8221;none&#8221; link=&#8221;&#8221;][fusion_text]<\/p>\n<p>REDACCI\u00d3N<\/p>\n<div>\n<p><b><span lang=\"ES-TRAD\">JORNADAS INBAL &#8211; SACM<\/span><\/b><b><\/b><\/p>\n<p><b><span lang=\"ES-TRAD\">Domingo 3, 11:30 horas<\/span><\/b><\/p>\n<p><span lang=\"ES-TRAD\">Sal\u00f3n de Recepciones, Museo Nacional de Arte (MUNAL)<\/span><\/p>\n<p><span lang=\"ES-TRAD\">Tacuba 8, Centro hist\u00f3rico, CDMX<\/span><\/p>\n<p><b><span lang=\"ES-TRAD\">Cello Alterno<\/span><\/b><b><\/b><\/p>\n<p>Iracema de Andrade, violonchelo\u00a0<b>\u2022\u00a0<\/b>Edgardo Espinosa, violonchelo\u00a0<b>\u2022\u00a0<\/b>Edith Ruiz, piano<\/p>\n<p><b>Juan Carlos Laguna, guitarra<\/b><\/p>\n<p><b><span lang=\"IT\">Tonalli Rufino Nakamura,\u00a0<\/span><\/b><i><span lang=\"IT\">Beginning<\/span><\/i><span lang=\"IT\">, para dos violonchelos y piano<\/span><\/p>\n<p><b>Manuel Enr\u00edquez,\u00a0<\/b><i>A l\u00e1piz<\/i>\u00a0para piano solo<\/p>\n<p><b>Salvador Torr\u00e9<\/b>,\u00a0<i>preludios libres<\/i><\/p>\n<p><b>Guillermo Flores M\u00e9ndez<\/b>, Fantas\u00eda\u00a0<i>So\u00f1ando en Manzanares,\u00a0<\/i>para guitarra y violonchelo<\/p>\n<p><b>Jorge Calleja<\/b>,\u00a0<i>Mis signos morfol\u00f3gicos de tu necrosis,<\/i>\u00a0para violonchelo y piano<\/p>\n<p><b>Mar\u00eda Granillo<\/b>,<b>\u00a0<\/b><i>Im\u00e1genes on\u00edricas,<\/i>\u00a0para dos violonchelos y piano<b><\/b><\/p>\n<p><span lang=\"ES-TRAD\">Entrada libre | Boleto de control de acceso<\/span><\/p>\n<p><b><span lang=\"ES-TRAD\">M\u00daSICA DE C\u00c1MARA<\/span><\/b><b><\/b><\/p>\n<p><b><span lang=\"ES-TRAD\">Domingo 3, 17:00 horas<\/span><\/b><\/p>\n<p><span lang=\"ES-TRAD\">Sala Manuel M. Ponce, Palacio de Bellas Artes<\/span><\/p>\n<p><span lang=\"ES-TRAD\">Avenida Ju\u00e1rez y Eje Central L\u00e1zaro C\u00e1rdenas, Centro hist\u00f3rico, CDMX<\/span><\/p>\n<p><i><span lang=\"ES-TRAD\">Festejando 55 a\u00f1os en el Arte del Canto<\/span><\/i><\/p>\n<p><b><span lang=\"ES-TRAD\">Cristina Ortega, soprano\u00a0<\/span><\/b><b><span lang=\"ES-TRAD\">\u2022<\/span><\/b><b><span lang=\"ES-TRAD\">\u00a0Carlos Alberto Pecero, piano<\/span><\/b><\/p>\n<p><span lang=\"ES-TRAD\">Interpretar\u00e1n obras de<\/span><span lang=\"ES-TRAD\">\u00a0<\/span><span lang=\"ES-TRAD\">Ignacio Fern\u00e1ndez Esper\u00f3n \u201cTata Nacho\u201d, Manuel M. Ponce, Ruperto Chap\u00ed, Franz Leh\u00e1r, Giacomo Puccini, Giuseppe Verdi, Ruggero Leoncavallo, Sammy Cahn y Nicholas Brodszky<\/span><\/p>\n<p><span lang=\"ES-TRAD\">Entrada $20<\/span><\/p>\n<p><b><span lang=\"ES-TRAD\">CONCIERTOS DE BELLAS ARTES<\/span><\/b><\/p>\n<p><b><span lang=\"ES-TRAD\">Domingo 3, 12:00 horas<\/span><\/b><\/p>\n<p><span lang=\"ES-TRAD\">Centro Cultural Universitario Tlatelolco, UNAM<\/span><\/p>\n<p><span lang=\"ES-TRAD\">Ricardo Flores Mag\u00f3n 1, Tlatelolco, CDMX<\/span><\/p>\n<p><b><span lang=\"ES-TRAD\">Consuelo Negrete, flauta | Alejandro Motta, fagot | Consuelo Luna, piano<\/span><\/b><\/p>\n<p><span lang=\"ES-TRAD\">Interpretar\u00e1n obras de Ernesto Becucci, Antonio Vivaldi, Franz Joseph Haydn, Gaetano Donizetti, Eduard Poldini, Hans Engelman, Edward Elgar y M. L. Preston<\/span><\/p>\n<p><span lang=\"ES-TRAD\">Entrada libre<\/span><\/p>\n<p><b><span lang=\"ES-TRAD\">Domingo 3, 12:00 horas<\/span><\/b><\/p>\n<p><span lang=\"ES-TRAD\">Biblioteca Miguel Lerdo de Tejada, SHCP<\/span><\/p>\n<p><span lang=\"ES-TRAD\">Rep\u00fablica de El Salvador 49, Centro Hist\u00f3rico, CDMX<\/span><\/p>\n<p><b><span lang=\"ES-TRAD\">Claudio Herrera, piano<\/span><\/b><span lang=\"ES-TRAD\">\u00a0\u00a0\u00a0\u00a0\u00a0\u00a0\u00a0\u00a0\u00a0\u00a0<\/span><\/p>\n<p><span lang=\"ES-TRAD\">Interpretar\u00e1n obras de<\/span><span lang=\"ES-TRAD\">\u00a0<\/span><span lang=\"ES-TRAD\">Maurice Ravel, Piotr Ilich Chaikovski y Sergei Rajmaninov<\/span><\/p>\n<p><span lang=\"ES-TRAD\">Entrada libre<\/span><\/p>\n<p><b><span lang=\"ES-TRAD\">Domingo 3, 13:30 horas<\/span><\/b><\/p>\n<p><span lang=\"ES-TRAD\">Museo Jos\u00e9 Luis Cuevas<\/span><\/p>\n<p><span lang=\"ES-TRAD\">Academia 13, Centro hist\u00f3rico, CDMX<\/span><\/p>\n<p><b><span lang=\"ES-TRAD\">Alicia Cascante, soprano | Svetlana Logounova, piano<\/span><\/b><\/p>\n<p><span lang=\"ES-TRAD\">Interpretar\u00e1n obras de Francesco Durante, Cesare Cesarini, Georges Bizet, Robert Schumann,<\/span><span lang=\"ES-TRAD\">\u00a0<\/span><span lang=\"ES-TRAD\">Johannes Brahms, Giacomo Puccini, Ruperto Chap\u00ed, Leonard Bernstein, N. Brodszky, Jorge del Moral, Manuel M. Ponce y Alfonso Esparza Oteo<\/span><\/p>\n<p><span lang=\"ES-TRAD\">Entrada libre<\/span><\/p>\n<p><b><span lang=\"ES-TRAD\">Mi\u00e9rcoles 6, 12:00 horas<\/span><\/b><\/p>\n<p><span lang=\"ES-TRAD\">Centro Cultural Rafael Solana IMSS<\/span><\/p>\n<p><span lang=\"ES-TRAD\">Avenida Instituto Polit\u00e9cnico Nacional s\/n Magdalena de las Salinas, Gustavo A Madero<\/span><\/p>\n<p><b><span lang=\"ES-TRAD\">Vladimir Ibarra, guitarra<\/span><\/b><\/p>\n<p><span lang=\"ES-TRAD\">Fernando Sor,\u00a0<i>Fanatasie et variations brillantes<\/i>\u00a0n\u00fam. 7, Op. 30<\/span><\/p>\n<p><span lang=\"ES-TRAD\">Carlos Ch\u00e1vez, Tres piezas para guitarra<\/span><\/p>\n<p><span lang=\"ES-TRAD\">Simone Iannarelli, Tonada del Xoloitzcuintle<\/span><\/p>\n<p><span lang=\"ES-TRAD\">Giovanni Zamboni Romano, Sonata IX, Op. 1<\/span><\/p>\n<p><span lang=\"ES-TRAD\">Francisco T\u00e1rrega, Cuatro mazurkas<\/span><\/p>\n<p><span lang=\"ES-TRAD\">Stephen Goss,\u00a0<i>Oxen of the Sun<\/i>, para guitarra de 10 y 6 seis cuerdas<\/span><\/p>\n<p><span lang=\"ES-TRAD\">Entrada libre<\/span><\/p>\n<p><b><span lang=\"ES-TRAD\">Mi\u00e9rcoles 6, 18:00 horas<\/span><\/b><\/p>\n<p><span lang=\"ES-TRAD\">Museo Mural Diego Rivera<\/span><\/p>\n<p><span lang=\"ES-TRAD\">Balderas y Colon S\/N, Centro hist\u00f3rico, CDMX<\/span><\/p>\n<p><b><span lang=\"ES-TRAD\">Matthew Schubring, viola<\/span><\/b><\/p>\n<p><span lang=\"ES-TRAD\">Interpretar\u00e1 obras de Johann Sebastian Bach, Luis Augusto da Fonseca, Hugo Kauder y Benjamin Britten<\/span><\/p>\n<p><span lang=\"ES-TRAD\">Entrada libre<\/span><\/p>\n<p><b><span lang=\"ES-TRAD\">Mi\u00e9rcoles 6, 19:00 horas<\/span><\/b><\/p>\n<p><span lang=\"ES-TRAD\">Fonoteca Nacional<\/span><\/p>\n<p><span lang=\"ES-TRAD\">Francisco Sosa 383, Barrio de Santa Catarina. Coyoac\u00e1n, CDMX<\/span><\/p>\n<p><b><span lang=\"ES-TRAD\">Juan Carlos Laguna, guitarra<\/span><\/b><\/p>\n<p><span lang=\"ES-TRAD\">Interpretar\u00e1 obras de Manuel M. Ponce, Guillermo Flores M\u00e9ndez, Sergio Ocampo, Leo Brouwer, Roland Dyens,<\/span><span lang=\"ES-TRAD\">\u00a0<\/span><span lang=\"ES-TRAD\">Q. Sinesi, A. Chazarreta y G. Kantor<\/span><\/p>\n<p><span lang=\"ES-TRAD\">Entrada libre<\/span><\/p>\n<p><b><span lang=\"ES-TRAD\">BELLAS ARTES A TODAS PARTES<\/span><\/b><\/p>\n<p><b><span lang=\"ES-TRAD\">Lunes 4, \u00bf? horas\u00a0\u00a0\u00a0\u00a0<\/span><\/b><\/p>\n<p><span lang=\"ES-TRAD\">Teatro Ju\u00e1rez<\/span><\/p>\n<p><span lang=\"ES-TRAD\">De Sopena 10, Zona Centro, Guanajuato, Guanajuato<\/span><\/p>\n<p><b><span lang=\"ES-TRAD\">Alejandro Barra\u00f1\u00f3n, piano<\/span><\/b><span lang=\"ES-TRAD\">\u00a0<\/span><\/p>\n<p><span lang=\"ES-TRAD\">Interpretar\u00e1 obras de Julio Ituarte, Guadalupe Olmedo, Giuseppe Verdi, Franz Liszt, Richard Wagner y Ludwig van Beethoven<\/span><\/p>\n<p><span lang=\"ES-TRAD\">Entrada libre<\/span><\/p>\n<p><b><span lang=\"ES-TRAD\">Martes 5, 19:00 horas<\/span><\/b><\/p>\n<p><span lang=\"ES-TRAD\">Colegio San Juan Siglo XXI, Escuela Superior de M\u00fasica<\/span><\/p>\n<p><span lang=\"ES-TRAD\">Gonz\u00e1lez 57, Centro, Matamoros, Tamaulipas<i><\/i><\/span><\/p>\n<p><i><span lang=\"ES-TRAD\">Color y m\u00fasica &#8211; resultado de una relaci\u00f3n<\/span><\/i><\/p>\n<p><b><span lang=\"ES-TRAD\">Daniel Rodr\u00edguez, piano<\/span><\/b><\/p>\n<p><span lang=\"ES-TRAD\">Interpretar\u00e1 obras de Claude Debussy,\u00a0\u00a0\u00a0\u00a0\u00a0\u00a0\u00a0\u00a0\u00a0Isa\u00edas Noriega de la Vega y Jorge Gonz\u00e1lez \u00c1vila<\/span><\/p>\n<p><span lang=\"ES-TRAD\">Entrada libre\u00a0<\/span><\/p>\n<p><b><span lang=\"ES-TRAD\">Mi\u00e9rcoles 6, \u00bf? horas<\/span><\/b><\/p>\n<p><span lang=\"ES-TRAD\">Auditorio Renacimiento, Academia de Artes y Oficios<\/span><\/p>\n<p><span lang=\"ES-TRAD\">La Trinidad 101, Carretera a Santa Ana del Conde Los Ram\u00edrez, Le\u00f3n, Guanajuato<\/span><\/p>\n<p><b><span lang=\"ES-TRAD\">Abraham Sa\u00e9nz, flauta | Carmen Thierry, oboe\u00a0\u00a0<\/span><\/b><\/p>\n<p><span lang=\"ES-TRAD\">Interpretar\u00e1n obras de Georg Philipp Telemann, Pietro Locatelli, Michel Corrette, Joseph Haydn y Ludwig van Beethoven<\/span><span lang=\"ES-TRAD\">\u00a0<\/span><\/p>\n<p><span lang=\"ES-TRAD\">Entrada libre\u00a0<\/span><\/p>\n<\/div>\n<p>[\/fusion_text][fusion_gallery layout=&#8221;&#8221; picture_size=&#8221;&#8221; columns=&#8221;&#8221; column_spacing=&#8221;10&#8243; gallery_masonry_grid_ratio=&#8221;&#8221; gallery_masonry_width_double=&#8221;&#8221; hover_type=&#8221;&#8221; lightbox=&#8221;yes&#8221; lightbox_content=&#8221;&#8221; bordersize=&#8221;&#8221; bordercolor=&#8221;&#8221; border_radius=&#8221;&#8221; hide_on_mobile=&#8221;small-visibility,medium-visibility,large-visibility&#8221; class=&#8221;&#8221; id=&#8221;&#8221;][fusion_gallery_image image=&#8221;https:\/\/www.bitacoracdmx.com\/wp-content\/uploads\/2019\/10\/Cello-Alterno.jpg&#8221; image_id=&#8221;30545|full&#8221; link=&#8221;&#8221; linktarget=&#8221;_self&#8221; \/][fusion_gallery_image image=&#8221;https:\/\/www.bitacoracdmx.com\/wp-content\/uploads\/2019\/10\/Alberto-Pecero-1.jpg&#8221; image_id=&#8221;30546|full&#8221; link=&#8221;&#8221; linktarget=&#8221;_self&#8221; \/][fusion_gallery_image image=&#8221;https:\/\/www.bitacoracdmx.com\/wp-content\/uploads\/2019\/10\/Juan-Carlos-Laguna.jpg&#8221; image_id=&#8221;30547|full&#8221; link=&#8221;&#8221; linktarget=&#8221;_self&#8221; \/][fusion_gallery_image image=&#8221;https:\/\/www.bitacoracdmx.com\/wp-content\/uploads\/2019\/10\/Cristina-Ortega-2018-2.jpg&#8221; image_id=&#8221;30548|full&#8221; link=&#8221;&#8221; linktarget=&#8221;_self&#8221; \/][\/fusion_gallery][\/fusion_builder_column][\/fusion_builder_row][\/fusion_builder_container]<\/p>\n","protected":false},"excerpt":{"rendered":"<p>[fusion_builder_container hundred_percent=&#8221;no&#8221; equal_height_columns=&#8221;no&#8221; menu_anchor=&#8221;&#8221; hide_on_mobile=&#8221;small-visibility,medium-visibility,large-visibility&#8221; class=&#8221;&#8221; id=&#8221;&#8221; background_color=&#8221;&#8221; background_image=&#8221;&#8221; background_position=&#8221;center center&#8221; background_repeat=&#8221;no-repeat&#8221; fade=&#8221;no&#8221; background_parallax=&#8221;none&#8221; parallax_speed=&#8221;0.3&#8243; video_mp4=&#8221;&#8221; video_webm=&#8221;&#8221; video_ogv=&#8221;&#8221; video_url=&#8221;&#8221; video_aspect_ratio=&#8221;16:9&#8243; video_loop=&#8221;yes&#8221; video_mute=&#8221;yes&#8221; overlay_color=&#8221;&#8221; video_preview_image=&#8221;&#8221; border_size=&#8221;&#8221; border_color=&#8221;&#8221; border_style=&#8221;solid&#8221; padding_top=&#8221;&#8221; padding_bottom=&#8221;&#8221; padding_left=&#8221;&#8221; padding_right=&#8221;&#8221;][fusion_builder_row][fusion_builder_column type=&#8221;1_1&#8243; layout=&#8221;1_1&#8243; background_position=&#8221;left top&#8221; background_color=&#8221;&#8221; border_size=&#8221;&#8221; border_color=&#8221;&#8221; border_style=&#8221;solid&#8221; border_position=&#8221;all&#8221; spacing=&#8221;yes&#8221; background_image=&#8221;&#8221; background_repeat=&#8221;no-repeat&#8221; padding_top=&#8221;&#8221; padding_right=&#8221;&#8221; padding_bottom=&#8221;&#8221; padding_left=&#8221;&#8221; margin_top=&#8221;0px&#8221; margin_bottom=&#8221;0px&#8221; class=&#8221;&#8221; id=&#8221;&#8221; animation_type=&#8221;&#8221; animation_speed=&#8221;0.3&#8243; animation_direction=&#8221;left&#8221; hide_on_mobile=&#8221;small-visibility,medium-visibility,large-visibility&#8221; center_content=&#8221;no&#8221; last=&#8221;no&#8221; min_height=&#8221;&#8221; hover_type=&#8221;none&#8221; link=&#8221;&#8221;][fusion_text] REDACCI\u00d3N JORNADAS INBAL &#8211; SACM Domingo 3, 11:30 horas Sal\u00f3n de Recepciones, Museo Nacional de Arte (MUNAL) Tacuba 8, Centro hist\u00f3rico, CDMX Cello Alterno Iracema de Andrade, violonchelo\u00a0\u2022\u00a0Edgardo Espinosa, violonchelo\u00a0\u2022\u00a0Edith Ruiz, piano Juan Carlos Laguna, guitarra Tonalli Rufino Nakamura,\u00a0Beginning, para [&hellip;]<\/p>\n","protected":false},"author":1,"featured_media":30546,"comment_status":"open","ping_status":"open","sticky":false,"template":"","format":"standard","meta":{"footnotes":""},"categories":[9,11],"tags":[],"_links":{"self":[{"href":"https:\/\/www.bitacoracdmx.com\/index.php?rest_route=\/wp\/v2\/posts\/30544"}],"collection":[{"href":"https:\/\/www.bitacoracdmx.com\/index.php?rest_route=\/wp\/v2\/posts"}],"about":[{"href":"https:\/\/www.bitacoracdmx.com\/index.php?rest_route=\/wp\/v2\/types\/post"}],"author":[{"embeddable":true,"href":"https:\/\/www.bitacoracdmx.com\/index.php?rest_route=\/wp\/v2\/users\/1"}],"replies":[{"embeddable":true,"href":"https:\/\/www.bitacoracdmx.com\/index.php?rest_route=%2Fwp%2Fv2%2Fcomments&post=30544"}],"version-history":[{"count":1,"href":"https:\/\/www.bitacoracdmx.com\/index.php?rest_route=\/wp\/v2\/posts\/30544\/revisions"}],"predecessor-version":[{"id":30549,"href":"https:\/\/www.bitacoracdmx.com\/index.php?rest_route=\/wp\/v2\/posts\/30544\/revisions\/30549"}],"wp:featuredmedia":[{"embeddable":true,"href":"https:\/\/www.bitacoracdmx.com\/index.php?rest_route=\/wp\/v2\/media\/30546"}],"wp:attachment":[{"href":"https:\/\/www.bitacoracdmx.com\/index.php?rest_route=%2Fwp%2Fv2%2Fmedia&parent=30544"}],"wp:term":[{"taxonomy":"category","embeddable":true,"href":"https:\/\/www.bitacoracdmx.com\/index.php?rest_route=%2Fwp%2Fv2%2Fcategories&post=30544"},{"taxonomy":"post_tag","embeddable":true,"href":"https:\/\/www.bitacoracdmx.com\/index.php?rest_route=%2Fwp%2Fv2%2Ftags&post=30544"}],"curies":[{"name":"wp","href":"https:\/\/api.w.org\/{rel}","templated":true}]}}