{"id":31501,"date":"2019-12-15T07:33:11","date_gmt":"2019-12-15T07:33:11","guid":{"rendered":"https:\/\/www.bitacoracdmx.com\/?p=31501"},"modified":"2019-12-15T07:33:11","modified_gmt":"2019-12-15T07:33:11","slug":"en-ocho-meses-11-mil-947-personas-trabajadoras-del-hogar-ya-cuentan-con-derechos-de-salud-y-seguridad-social","status":"publish","type":"post","link":"https:\/\/www.bitacoracdmx.com\/?p=31501","title":{"rendered":"En ocho meses, 11 mil 947 personas trabajadoras del hogar ya  cuentan con derechos de salud y seguridad social"},"content":{"rendered":"<p>[fusion_builder_container hundred_percent=&#8221;no&#8221; equal_height_columns=&#8221;no&#8221; menu_anchor=&#8221;&#8221; hide_on_mobile=&#8221;small-visibility,medium-visibility,large-visibility&#8221; class=&#8221;&#8221; id=&#8221;&#8221; background_color=&#8221;&#8221; background_image=&#8221;&#8221; background_position=&#8221;center center&#8221; background_repeat=&#8221;no-repeat&#8221; fade=&#8221;no&#8221; background_parallax=&#8221;none&#8221; parallax_speed=&#8221;0.3&#8243; video_mp4=&#8221;&#8221; video_webm=&#8221;&#8221; video_ogv=&#8221;&#8221; video_url=&#8221;&#8221; video_aspect_ratio=&#8221;16:9&#8243; video_loop=&#8221;yes&#8221; video_mute=&#8221;yes&#8221; overlay_color=&#8221;&#8221; video_preview_image=&#8221;&#8221; border_size=&#8221;&#8221; border_color=&#8221;&#8221; border_style=&#8221;solid&#8221; padding_top=&#8221;&#8221; padding_bottom=&#8221;&#8221; padding_left=&#8221;&#8221; padding_right=&#8221;&#8221;][fusion_builder_row][fusion_builder_column type=&#8221;1_1&#8243; layout=&#8221;1_1&#8243; background_position=&#8221;left top&#8221; background_color=&#8221;&#8221; border_size=&#8221;&#8221; border_color=&#8221;&#8221; border_style=&#8221;solid&#8221; border_position=&#8221;all&#8221; spacing=&#8221;yes&#8221; background_image=&#8221;&#8221; background_repeat=&#8221;no-repeat&#8221; padding_top=&#8221;&#8221; padding_right=&#8221;&#8221; padding_bottom=&#8221;&#8221; padding_left=&#8221;&#8221; margin_top=&#8221;0px&#8221; margin_bottom=&#8221;0px&#8221; class=&#8221;&#8221; id=&#8221;&#8221; animation_type=&#8221;&#8221; animation_speed=&#8221;0.3&#8243; animation_direction=&#8221;left&#8221; hide_on_mobile=&#8221;small-visibility,medium-visibility,large-visibility&#8221; center_content=&#8221;no&#8221; last=&#8221;no&#8221; min_height=&#8221;&#8221; hover_type=&#8221;none&#8221; link=&#8221;&#8221;][fusion_text]<\/p>\n<p>REDACCI\u00d3N<\/p>\n<p class=\"x_MsoListParagraph\">\u00b7 <b>IMSS presenta spot para ofrecer seguridad social a personas trabajadoras del hogar, con la participaci\u00f3n del cineasta Alfonso Cuar\u00f3n y la direcci\u00f3n de Rodrigo Prieto.<\/b><\/p>\n<p class=\"x_MsoListParagraph\">\u00b7 <b>Inscribir al Seguro Social a estas personas, una obligaci\u00f3n moral y \u00e9tica: Zo\u00e9 Robledo.<\/b><\/p>\n<p class=\"x_MsoListParagraph\">\u00b7 <b>Es importante que trabajadores y empleadores visualicen la importancia de inscribirse al Seguro Social, como una manera de brindar seguridad y dignidad a ambas partes: Marcelina Bautista.<\/b><\/p>\n<p class=\"x_MsoNormal\"><b>\u00a0<\/b>A ocho meses de la puesta en marcha del programa piloto de incorporaci\u00f3n de Personas Trabajadoras del Hogar al Instituto Mexicano del Seguro Social (IMSS), 11 mil 947 personas han sido afiliadas y ahora cuentan con derecho a servicios de salud y prestaciones sociales como guarder\u00edas, adem\u00e1s de ahorro para el retiro, inform\u00f3 el director general, Maestro Zo\u00e9 Robledo.<\/p>\n<p class=\"x_MsoNormal\">Durante la conferencia de prensa que encabez\u00f3 el presidente de la Rep\u00fablica, Andr\u00e9s Manuel L\u00f3pez Obrador, el titular del Seguro Social present\u00f3 el spot oficial para la cobertura de seguridad social que brinda el IMSS a las y los trabajadores del hogar, en coordinaci\u00f3n con Marcelina Bautista, fundadora del Centro de Apoyo y Capacitaci\u00f3n para Empleadas del Hogar (CACEH).<\/p>\n<p class=\"x_MsoNormal\">Explic\u00f3 que se trabaj\u00f3 con un equipo de acci\u00f3n social de la productora de la pel\u00edcula Roma, con la participaci\u00f3n del cineasta Alfonso Cuar\u00f3n, la direcci\u00f3n del Rodrigo Prieto, y\u00a0<i>Participant Media<\/i>\u00a0con\u00a0<i>Wieden + Kennedy<\/i>, quienes donaron su creatividad y talento para este spot de 30 segundos que ser\u00e1 trasmitido en tiempos oficiales de radio y televisi\u00f3n, y un cineminuto en redes sociales.<\/p>\n<p class=\"x_MsoNormal\">\u201cSe han buscado muchos aliados, unos muy importantes que est\u00e1n hoy aqu\u00ed con nosotros: Marcelina Bautista, que encabeza el Centro de Capacitaci\u00f3n para Trabajadoras del Hogar, que ha encabezado esta causa durante muchos a\u00f1os, y tambi\u00e9n a alguien que todo mundo conoce: Alfonso Cuar\u00f3n y a todo un equipo de trabajo que a partir de la pel\u00edcula Roma empez\u00f3 a visibilizar desde otra aproximaci\u00f3n, en particular desde el arte y la cinematograf\u00eda, a este grupo que estuvo tantos a\u00f1os abandonado e invisible\u201d, coment\u00f3 el director del IMSS.<\/p>\n<p class=\"x_MsoNormal\">Se\u00f1al\u00f3 que la realizaci\u00f3n de este trabajo se hizo de manera conjunta entre el Gobierno Federal y diferentes instancias del activismo social y del mundo del arte de la cultura.<\/p>\n<p class=\"x_MsoNormal\">\u201cDice Cuar\u00f3n que cuando el arte en la mejor de sus facetas se encuentra con el activismo, puede ayudar a que la transformaci\u00f3n, el cambio, se acelere y eso es lo que pretendemos ahora con esta difusi\u00f3n del\u00a0 programa, que lleguemos a un n\u00famero mayor, que todo mundo sepa que hay un derecho nuevo en nuestro pa\u00eds que se tiene que cumplir\u201d, indic\u00f3.<\/p>\n<p class=\"x_MsoNormal\">Zo\u00e9 Robledo coment\u00f3 que existe un total de 2.4 millones de personas trabajadoras del hogar en el pa\u00eds, seg\u00fan datos de la Encuesta Nacional de Ocupaci\u00f3n y Empleo, al tercer trimestre de 2019, de las cuales 90 por ciento son mujeres y cuyo salario promedio es de tres mil 151 pesos mensuales.<\/p>\n<p class=\"x_MsoNormal\">Record\u00f3 que hace exactamente un a\u00f1o la Suprema Corte de Justicia de la Naci\u00f3n (SCJN) emiti\u00f3 una sentencia por la cual declar\u00f3 discriminatorio excluir a las empleadas dom\u00e9sticas del r\u00e9gimen obligatorio del IMSS.<\/p>\n<p class=\"x_MsoNormal\">Destac\u00f3 que m\u00e1s all\u00e1 de un mandato jur\u00eddico, \u201ces una obligaci\u00f3n moral y \u00e9tica que una persona que trabaja en el hogar tenga estos derechos que ya mandat\u00f3 la Corte\u201d.<\/p>\n<p class=\"x_MsoNormal\">Mencion\u00f3 que de las 11 mil 947 personas inscritas, el 76 por ciento son mujeres, el resto hombres; 26 por ciento se ubican en la Ciudad de M\u00e9xico y Estado de M\u00e9xico, y el rango de edad est\u00e1 concentrado en el grupo de m\u00e1s de 50 a\u00f1os, con el 57 por ciento.<\/p>\n<p class=\"x_MsoNormal\">A\u00f1adi\u00f3 que el salario promedio es de 5 mil pesos mensuales y se han presentado cada vez m\u00e1s afiliaciones.<\/p>\n<p class=\"x_MsoNormal\">Refiri\u00f3 que de 1997 a la fecha solamente se inscribieron a 3 mil 848 personas a la modalidad 34 del Seguro Social, \u201ceso hablaba de una reforma a la ley que era nada m\u00e1s una suerte de simulaci\u00f3n, en m\u00e1s de 20 a\u00f1os solamente estas personas se afiliaron porque no ten\u00eda los mecanismos para que realmente se salvaguardaran derechos\u201d.<\/p>\n<p class=\"x_MsoNormal\">El director general del Seguro Social indic\u00f3 que tambi\u00e9n se ir\u00e1n realizando las adecuaciones necesarias tanto en la plataforma\u00a0<a id=\"LPlnk799694\" href=\"http:\/\/www.trabajadorasdelhogar.gob.mx\/\" target=\"_blank\" rel=\"noopener noreferrer\" data-auth=\"NotApplicable\">www.trabajadorasdelhogar.gob.mx<\/a><\/p>\n<p>[\/fusion_text][fusion_gallery layout=&#8221;&#8221; picture_size=&#8221;&#8221; columns=&#8221;&#8221; column_spacing=&#8221;10&#8243; gallery_masonry_grid_ratio=&#8221;&#8221; gallery_masonry_width_double=&#8221;&#8221; hover_type=&#8221;&#8221; lightbox=&#8221;yes&#8221; lightbox_content=&#8221;&#8221; bordersize=&#8221;&#8221; bordercolor=&#8221;&#8221; border_radius=&#8221;&#8221; hide_on_mobile=&#8221;small-visibility,medium-visibility,large-visibility&#8221; class=&#8221;&#8221; id=&#8221;&#8221;][fusion_gallery_image image=&#8221;https:\/\/www.bitacoracdmx.com\/wp-content\/uploads\/2019\/12\/2019-11-05-Conferencia-IMSS-01527.jpg&#8221; image_id=&#8221;31502|full&#8221; link=&#8221;&#8221; linktarget=&#8221;_self&#8221; \/][fusion_gallery_image image=&#8221;https:\/\/www.bitacoracdmx.com\/wp-content\/uploads\/2019\/12\/3.-Spot-Trabajadoras-del-Hogar.jpeg&#8221; image_id=&#8221;31503|full&#8221; link=&#8221;&#8221; linktarget=&#8221;_self&#8221; \/][fusion_gallery_image image=&#8221;https:\/\/www.bitacoracdmx.com\/wp-content\/uploads\/2019\/12\/2.-Spot-Trabajadoras-del-Hogar.jpeg&#8221; image_id=&#8221;31504|full&#8221; link=&#8221;&#8221; linktarget=&#8221;_self&#8221; \/][fusion_gallery_image image=&#8221;https:\/\/www.bitacoracdmx.com\/wp-content\/uploads\/2019\/12\/1.-Spot-Trabajadoras-del-Hogar.jpeg&#8221; image_id=&#8221;31505|full&#8221; link=&#8221;&#8221; linktarget=&#8221;_self&#8221; \/][\/fusion_gallery][\/fusion_builder_column][\/fusion_builder_row][\/fusion_builder_container]<\/p>\n","protected":false},"excerpt":{"rendered":"<p>[fusion_builder_container hundred_percent=&#8221;no&#8221; equal_height_columns=&#8221;no&#8221; menu_anchor=&#8221;&#8221; hide_on_mobile=&#8221;small-visibility,medium-visibility,large-visibility&#8221; class=&#8221;&#8221; id=&#8221;&#8221; background_color=&#8221;&#8221; background_image=&#8221;&#8221; background_position=&#8221;center center&#8221; background_repeat=&#8221;no-repeat&#8221; fade=&#8221;no&#8221; background_parallax=&#8221;none&#8221; parallax_speed=&#8221;0.3&#8243; video_mp4=&#8221;&#8221; video_webm=&#8221;&#8221; video_ogv=&#8221;&#8221; video_url=&#8221;&#8221; video_aspect_ratio=&#8221;16:9&#8243; video_loop=&#8221;yes&#8221; video_mute=&#8221;yes&#8221; overlay_color=&#8221;&#8221; video_preview_image=&#8221;&#8221; border_size=&#8221;&#8221; border_color=&#8221;&#8221; border_style=&#8221;solid&#8221; padding_top=&#8221;&#8221; padding_bottom=&#8221;&#8221; padding_left=&#8221;&#8221; padding_right=&#8221;&#8221;][fusion_builder_row][fusion_builder_column type=&#8221;1_1&#8243; layout=&#8221;1_1&#8243; background_position=&#8221;left top&#8221; background_color=&#8221;&#8221; border_size=&#8221;&#8221; border_color=&#8221;&#8221; border_style=&#8221;solid&#8221; border_position=&#8221;all&#8221; spacing=&#8221;yes&#8221; background_image=&#8221;&#8221; background_repeat=&#8221;no-repeat&#8221; padding_top=&#8221;&#8221; padding_right=&#8221;&#8221; padding_bottom=&#8221;&#8221; padding_left=&#8221;&#8221; margin_top=&#8221;0px&#8221; margin_bottom=&#8221;0px&#8221; class=&#8221;&#8221; id=&#8221;&#8221; animation_type=&#8221;&#8221; animation_speed=&#8221;0.3&#8243; animation_direction=&#8221;left&#8221; hide_on_mobile=&#8221;small-visibility,medium-visibility,large-visibility&#8221; center_content=&#8221;no&#8221; last=&#8221;no&#8221; min_height=&#8221;&#8221; hover_type=&#8221;none&#8221; link=&#8221;&#8221;][fusion_text] REDACCI\u00d3N \u00b7 IMSS presenta spot para ofrecer seguridad social a personas trabajadoras del hogar, con la participaci\u00f3n del cineasta Alfonso Cuar\u00f3n y la direcci\u00f3n de Rodrigo Prieto. \u00b7 Inscribir al Seguro Social a estas personas, una obligaci\u00f3n moral y \u00e9tica: [&hellip;]<\/p>\n","protected":false},"author":1,"featured_media":0,"comment_status":"open","ping_status":"open","sticky":false,"template":"","format":"standard","meta":{"footnotes":""},"categories":[4,9],"tags":[],"_links":{"self":[{"href":"https:\/\/www.bitacoracdmx.com\/index.php?rest_route=\/wp\/v2\/posts\/31501"}],"collection":[{"href":"https:\/\/www.bitacoracdmx.com\/index.php?rest_route=\/wp\/v2\/posts"}],"about":[{"href":"https:\/\/www.bitacoracdmx.com\/index.php?rest_route=\/wp\/v2\/types\/post"}],"author":[{"embeddable":true,"href":"https:\/\/www.bitacoracdmx.com\/index.php?rest_route=\/wp\/v2\/users\/1"}],"replies":[{"embeddable":true,"href":"https:\/\/www.bitacoracdmx.com\/index.php?rest_route=%2Fwp%2Fv2%2Fcomments&post=31501"}],"version-history":[{"count":1,"href":"https:\/\/www.bitacoracdmx.com\/index.php?rest_route=\/wp\/v2\/posts\/31501\/revisions"}],"predecessor-version":[{"id":31506,"href":"https:\/\/www.bitacoracdmx.com\/index.php?rest_route=\/wp\/v2\/posts\/31501\/revisions\/31506"}],"wp:attachment":[{"href":"https:\/\/www.bitacoracdmx.com\/index.php?rest_route=%2Fwp%2Fv2%2Fmedia&parent=31501"}],"wp:term":[{"taxonomy":"category","embeddable":true,"href":"https:\/\/www.bitacoracdmx.com\/index.php?rest_route=%2Fwp%2Fv2%2Fcategories&post=31501"},{"taxonomy":"post_tag","embeddable":true,"href":"https:\/\/www.bitacoracdmx.com\/index.php?rest_route=%2Fwp%2Fv2%2Ftags&post=31501"}],"curies":[{"name":"wp","href":"https:\/\/api.w.org\/{rel}","templated":true}]}}