{"id":31847,"date":"2020-01-16T03:28:53","date_gmt":"2020-01-16T03:28:53","guid":{"rendered":"https:\/\/www.bitacoracdmx.com\/?p=31847"},"modified":"2020-01-16T03:30:31","modified_gmt":"2020-01-16T03:30:31","slug":"el-helenico-recibe-la-entranable-historia-el-viaje-del-corazon-apta-para-toda-la-familia","status":"publish","type":"post","link":"https:\/\/www.bitacoracdmx.com\/?p=31847","title":{"rendered":"El Hel\u00e9nico recibe la entra\u00f1able historia: El viaje del coraz\u00f3n, apta para toda la familia"},"content":{"rendered":"<p>[fusion_builder_container hundred_percent=&#8221;no&#8221; equal_height_columns=&#8221;no&#8221; menu_anchor=&#8221;&#8221; hide_on_mobile=&#8221;small-visibility,medium-visibility,large-visibility&#8221; class=&#8221;&#8221; id=&#8221;&#8221; background_color=&#8221;&#8221; background_image=&#8221;&#8221; background_position=&#8221;center center&#8221; background_repeat=&#8221;no-repeat&#8221; fade=&#8221;no&#8221; background_parallax=&#8221;none&#8221; parallax_speed=&#8221;0.3&#8243; video_mp4=&#8221;&#8221; video_webm=&#8221;&#8221; video_ogv=&#8221;&#8221; video_url=&#8221;&#8221; video_aspect_ratio=&#8221;16:9&#8243; video_loop=&#8221;yes&#8221; video_mute=&#8221;yes&#8221; overlay_color=&#8221;&#8221; video_preview_image=&#8221;&#8221; border_size=&#8221;&#8221; border_color=&#8221;&#8221; border_style=&#8221;solid&#8221; padding_top=&#8221;&#8221; padding_bottom=&#8221;&#8221; padding_left=&#8221;&#8221; padding_right=&#8221;&#8221;][fusion_builder_row][fusion_builder_column type=&#8221;1_1&#8243; layout=&#8221;1_1&#8243; background_position=&#8221;left top&#8221; background_color=&#8221;&#8221; border_size=&#8221;&#8221; border_color=&#8221;&#8221; border_style=&#8221;solid&#8221; border_position=&#8221;all&#8221; spacing=&#8221;yes&#8221; background_image=&#8221;&#8221; background_repeat=&#8221;no-repeat&#8221; padding_top=&#8221;&#8221; padding_right=&#8221;&#8221; padding_bottom=&#8221;&#8221; padding_left=&#8221;&#8221; margin_top=&#8221;0px&#8221; margin_bottom=&#8221;0px&#8221; class=&#8221;&#8221; id=&#8221;&#8221; animation_type=&#8221;&#8221; animation_speed=&#8221;0.3&#8243; animation_direction=&#8221;left&#8221; hide_on_mobile=&#8221;small-visibility,medium-visibility,large-visibility&#8221; center_content=&#8221;no&#8221; last=&#8221;no&#8221; min_height=&#8221;&#8221; hover_type=&#8221;none&#8221; link=&#8221;&#8221;][fusion_text]<\/p>\n<p>REDACCI\u00d3N<\/p>\n<ul>\n<li>Inspirada en \u00cdcaro en el coraz\u00f3n de D\u00e9dalo, de Chiara Lossani<\/li>\n<li>Del 18 de enero al 12 de abril en el Foro La Gruta<\/li>\n<\/ul>\n<p>Tal vez la prueba m\u00e1s dura para un padre sea desprenderse de su hijo, luchar contra el desapego, vencer el miedo, luego simplemente dejarlo ir y mirar con amor c\u00f3mo emprende el vuelo libre. Tom\u00e1s Rojas y Paulina Arriaga presentan:\u00a0<strong><em>El viaje del coraz\u00f3n<\/em><\/strong>, una obra para padres e hijos dirigida por Ireli V\u00e1zquez, con temporada del 18 de enero al 12 de abril en el Foro La Gruta, los s\u00e1bados y domingos a las 13:00 horas.<\/p>\n<p>La obra es una creaci\u00f3n colaborativa del Colectivo Sal Si Puedes, en ella Tom y Pau nos cuentan la historia de D\u00e9dalo e \u00cdcaro dos seres de la mitolog\u00eda griega. El relato describe c\u00f3mo estos personajes deambulan errantes en el Laberinto, un lugar creado por D\u00e9dalo a orden del rey Minos para esconder a su hijo Minotauro. El lugar se asemeja a la mente humana, dise\u00f1ado para que todo aquel que entre se pierda y nunca logre escapar. Tras enredos y tergiversaciones Teseo logra penetrar en el sitio y ultimar al Minotauro; furioso, Minos castiga a D\u00e9dalo arroj\u00e1ndolo en el laberinto al lado de su peque\u00f1o hijo \u00cdcaro, as\u00ed padre e hijo tendr\u00e1n que buscar la salida a toda costa.<\/p>\n<p><strong><em>El viaje del coraz\u00f3n<\/em><\/strong>\u00a0habla sobre el amor filial de un padre a su hijo, de lo bien que se siente la calidez de un abrazo, de la sonrisa tierna que ilumina como un pedacito de sol, de la complicidad de una mirada traviesa, y tambi\u00e9n del temor de perder a quien m\u00e1s amamos; pero, sobre todo, de cerrar los ojos y confiar con todo el coraz\u00f3n que todo estar\u00e1 bien y de la importancia de aprender a \u00a0soltar con amor.<\/p>\n<p>El montaje utiliza elementos m\u00ednimos de utiler\u00eda, siendo la capacidad interpretativa el instrumento que gu\u00ede a los espectadores a los lugares referidos. El dise\u00f1o sonoro e iluminaci\u00f3n juegan un papel preponderante, a trav\u00e9s de ellos percibimos aromas, atm\u00f3sferas y lugares, desde la remota Creta hasta el m\u00e1s rec\u00f3ndito de los laberintos. Esta \u00edntima convenci\u00f3n esc\u00e9nica es posible gracias a la minuciosa direcci\u00f3n de Ireli V\u00e1zquez, quien a trav\u00e9s de su experiencia, hace de esta pieza, una obra entra\u00f1able ideal para toda la familia.<\/p>\n<div><strong><em>El viaje del coraz\u00f3n<\/em><\/strong>\u00a0se presentar\u00e1 los s\u00e1bados y domingos a las 13:00 horas a partir\u00a0<strong>del 18 de enero hasta 12 de abril<\/strong>\u00a0en el\u00a0<strong>Foro La Gruta<\/strong>. Los boletos tienen un costo de\u00a0<strong>$200<\/strong>. Actualmente hay una preventa del\u00a0<strong>50% hasta el 18 de enero<\/strong>. Las localidades est\u00e1n disponibles en la taquilla del Centro Cultural Hel\u00e9nico, ubicado en avenida Revoluci\u00f3n 1500 y en la p\u00e1gina de internet\u00a0<a href=\"https:\/\/gob.us13.list-manage.com\/track\/click?u=84fc56425b30470caff981e24&amp;id=6e1798a1a8&amp;e=fa665d1362\" target=\"_blank\" rel=\"noopener noreferrer\" data-auth=\"NotApplicable\">www.helenico.gob.mx<\/a><\/div>\n<p>[\/fusion_text][fusion_gallery layout=&#8221;&#8221; picture_size=&#8221;&#8221; columns=&#8221;&#8221; column_spacing=&#8221;10&#8243; gallery_masonry_grid_ratio=&#8221;&#8221; gallery_masonry_width_double=&#8221;&#8221; hover_type=&#8221;&#8221; lightbox=&#8221;yes&#8221; lightbox_content=&#8221;&#8221; bordersize=&#8221;&#8221; bordercolor=&#8221;&#8221; border_radius=&#8221;&#8221; hide_on_mobile=&#8221;small-visibility,medium-visibility,large-visibility&#8221; class=&#8221;&#8221; id=&#8221;&#8221;][fusion_gallery_image image=&#8221;https:\/\/www.bitacoracdmx.com\/wp-content\/uploads\/2020\/01\/elviajedelcorazon1.jpg&#8221; image_id=&#8221;31761|full&#8221; link=&#8221;&#8221; linktarget=&#8221;_self&#8221; \/][fusion_gallery_image image=&#8221;https:\/\/www.bitacoracdmx.com\/wp-content\/uploads\/2020\/01\/Foto-de-Simone-DAlterio-El-Viaje-del-Corazon-2.jpg&#8221; image_id=&#8221;31760|full&#8221; link=&#8221;&#8221; linktarget=&#8221;_self&#8221; \/][fusion_gallery_image image=&#8221;https:\/\/www.bitacoracdmx.com\/wp-content\/uploads\/2020\/01\/Foto-de-Simone-DAlterio-7.jpg&#8221; image_id=&#8221;31759|full&#8221; link=&#8221;&#8221; linktarget=&#8221;_self&#8221; \/][fusion_gallery_image image=&#8221;https:\/\/www.bitacoracdmx.com\/wp-content\/uploads\/2020\/01\/Foto-de-Simone-DAlterio-El-Viaje-del-Corazon.jpg&#8221; image_id=&#8221;31758|full&#8221; link=&#8221;&#8221; linktarget=&#8221;_self&#8221; \/][fusion_gallery_image image=&#8221;https:\/\/www.bitacoracdmx.com\/wp-content\/uploads\/2020\/01\/VDC_0021.jpg&#8221; image_id=&#8221;31757|full&#8221; link=&#8221;&#8221; linktarget=&#8221;_self&#8221; \/][fusion_gallery_image image=&#8221;https:\/\/www.bitacoracdmx.com\/wp-content\/uploads\/2020\/01\/VDC_0102.jpg&#8221; image_id=&#8221;31756|full&#8221; link=&#8221;&#8221; linktarget=&#8221;_self&#8221; \/][\/fusion_gallery][\/fusion_builder_column][\/fusion_builder_row][\/fusion_builder_container]<\/p>\n","protected":false},"excerpt":{"rendered":"<p>[fusion_builder_container hundred_percent=&#8221;no&#8221; equal_height_columns=&#8221;no&#8221; menu_anchor=&#8221;&#8221; hide_on_mobile=&#8221;small-visibility,medium-visibility,large-visibility&#8221; class=&#8221;&#8221; id=&#8221;&#8221; background_color=&#8221;&#8221; background_image=&#8221;&#8221; background_position=&#8221;center center&#8221; background_repeat=&#8221;no-repeat&#8221; fade=&#8221;no&#8221; background_parallax=&#8221;none&#8221; parallax_speed=&#8221;0.3&#8243; video_mp4=&#8221;&#8221; video_webm=&#8221;&#8221; video_ogv=&#8221;&#8221; video_url=&#8221;&#8221; video_aspect_ratio=&#8221;16:9&#8243; video_loop=&#8221;yes&#8221; video_mute=&#8221;yes&#8221; overlay_color=&#8221;&#8221; video_preview_image=&#8221;&#8221; border_size=&#8221;&#8221; border_color=&#8221;&#8221; border_style=&#8221;solid&#8221; padding_top=&#8221;&#8221; padding_bottom=&#8221;&#8221; padding_left=&#8221;&#8221; padding_right=&#8221;&#8221;][fusion_builder_row][fusion_builder_column type=&#8221;1_1&#8243; layout=&#8221;1_1&#8243; background_position=&#8221;left top&#8221; background_color=&#8221;&#8221; border_size=&#8221;&#8221; border_color=&#8221;&#8221; border_style=&#8221;solid&#8221; border_position=&#8221;all&#8221; spacing=&#8221;yes&#8221; background_image=&#8221;&#8221; background_repeat=&#8221;no-repeat&#8221; padding_top=&#8221;&#8221; padding_right=&#8221;&#8221; padding_bottom=&#8221;&#8221; padding_left=&#8221;&#8221; margin_top=&#8221;0px&#8221; margin_bottom=&#8221;0px&#8221; class=&#8221;&#8221; id=&#8221;&#8221; animation_type=&#8221;&#8221; animation_speed=&#8221;0.3&#8243; animation_direction=&#8221;left&#8221; hide_on_mobile=&#8221;small-visibility,medium-visibility,large-visibility&#8221; center_content=&#8221;no&#8221; last=&#8221;no&#8221; min_height=&#8221;&#8221; hover_type=&#8221;none&#8221; link=&#8221;&#8221;][fusion_text] REDACCI\u00d3N Inspirada en \u00cdcaro en el coraz\u00f3n de D\u00e9dalo, de Chiara Lossani Del 18 de enero al 12 de abril en el Foro La Gruta Tal vez la prueba m\u00e1s dura para un padre sea desprenderse de su hijo, luchar [&hellip;]<\/p>\n","protected":false},"author":1,"featured_media":31761,"comment_status":"open","ping_status":"open","sticky":false,"template":"","format":"standard","meta":{"footnotes":""},"categories":[9,14],"tags":[],"_links":{"self":[{"href":"https:\/\/www.bitacoracdmx.com\/index.php?rest_route=\/wp\/v2\/posts\/31847"}],"collection":[{"href":"https:\/\/www.bitacoracdmx.com\/index.php?rest_route=\/wp\/v2\/posts"}],"about":[{"href":"https:\/\/www.bitacoracdmx.com\/index.php?rest_route=\/wp\/v2\/types\/post"}],"author":[{"embeddable":true,"href":"https:\/\/www.bitacoracdmx.com\/index.php?rest_route=\/wp\/v2\/users\/1"}],"replies":[{"embeddable":true,"href":"https:\/\/www.bitacoracdmx.com\/index.php?rest_route=%2Fwp%2Fv2%2Fcomments&post=31847"}],"version-history":[{"count":1,"href":"https:\/\/www.bitacoracdmx.com\/index.php?rest_route=\/wp\/v2\/posts\/31847\/revisions"}],"predecessor-version":[{"id":31848,"href":"https:\/\/www.bitacoracdmx.com\/index.php?rest_route=\/wp\/v2\/posts\/31847\/revisions\/31848"}],"wp:featuredmedia":[{"embeddable":true,"href":"https:\/\/www.bitacoracdmx.com\/index.php?rest_route=\/wp\/v2\/media\/31761"}],"wp:attachment":[{"href":"https:\/\/www.bitacoracdmx.com\/index.php?rest_route=%2Fwp%2Fv2%2Fmedia&parent=31847"}],"wp:term":[{"taxonomy":"category","embeddable":true,"href":"https:\/\/www.bitacoracdmx.com\/index.php?rest_route=%2Fwp%2Fv2%2Fcategories&post=31847"},{"taxonomy":"post_tag","embeddable":true,"href":"https:\/\/www.bitacoracdmx.com\/index.php?rest_route=%2Fwp%2Fv2%2Ftags&post=31847"}],"curies":[{"name":"wp","href":"https:\/\/api.w.org\/{rel}","templated":true}]}}