{"id":32003,"date":"2020-01-28T02:05:38","date_gmt":"2020-01-28T02:05:38","guid":{"rendered":"https:\/\/www.bitacoracdmx.com\/?p=32003"},"modified":"2020-01-28T02:07:31","modified_gmt":"2020-01-28T02:07:31","slug":"mikael-silvestre-kylian-mbappe-ganara-un-balon-de-oro-en-el-futuro","status":"publish","type":"post","link":"https:\/\/www.bitacoracdmx.com\/?p=32003","title":{"rendered":"Mika\u00ebl Silvestre: &#8220;Kylian Mbapp\u00e9 ganar\u00e1 un Bal\u00f3n de Oro en el futuro&#8221;"},"content":{"rendered":"<p>[fusion_builder_container hundred_percent=&#8221;no&#8221; equal_height_columns=&#8221;no&#8221; menu_anchor=&#8221;&#8221; hide_on_mobile=&#8221;small-visibility,medium-visibility,large-visibility&#8221; class=&#8221;&#8221; id=&#8221;&#8221; background_color=&#8221;&#8221; background_image=&#8221;&#8221; background_position=&#8221;center center&#8221; background_repeat=&#8221;no-repeat&#8221; fade=&#8221;no&#8221; background_parallax=&#8221;none&#8221; parallax_speed=&#8221;0.3&#8243; video_mp4=&#8221;&#8221; video_webm=&#8221;&#8221; video_ogv=&#8221;&#8221; video_url=&#8221;&#8221; video_aspect_ratio=&#8221;16:9&#8243; video_loop=&#8221;yes&#8221; video_mute=&#8221;yes&#8221; overlay_color=&#8221;&#8221; video_preview_image=&#8221;&#8221; border_size=&#8221;&#8221; border_color=&#8221;&#8221; border_style=&#8221;solid&#8221; padding_top=&#8221;&#8221; padding_bottom=&#8221;&#8221; padding_left=&#8221;&#8221; padding_right=&#8221;&#8221;][fusion_builder_row][fusion_builder_column type=&#8221;1_1&#8243; layout=&#8221;1_1&#8243; background_position=&#8221;left top&#8221; background_color=&#8221;&#8221; border_size=&#8221;&#8221; border_color=&#8221;&#8221; border_style=&#8221;solid&#8221; border_position=&#8221;all&#8221; spacing=&#8221;yes&#8221; background_image=&#8221;&#8221; background_repeat=&#8221;no-repeat&#8221; padding_top=&#8221;&#8221; padding_right=&#8221;&#8221; padding_bottom=&#8221;&#8221; padding_left=&#8221;&#8221; margin_top=&#8221;0px&#8221; margin_bottom=&#8221;0px&#8221; class=&#8221;&#8221; id=&#8221;&#8221; animation_type=&#8221;&#8221; animation_speed=&#8221;0.3&#8243; animation_direction=&#8221;left&#8221; hide_on_mobile=&#8221;small-visibility,medium-visibility,large-visibility&#8221; center_content=&#8221;no&#8221; last=&#8221;no&#8221; min_height=&#8221;&#8221; hover_type=&#8221;none&#8221; link=&#8221;&#8221;][fusion_text]<\/p>\n<p>REDACCI\u00d3N<\/p>\n<p><strong>El embajador de la Ligue 1 Conforama,\u00a0Mika\u00ebl Silvestre, habl\u00f3 sobre el presente y el futuro de uno de los mejores jugadores actuales de Francia, Kylian Mbapp\u00e9, y pronostic\u00f3 que &#8220;<em>ganar\u00e1 un Bal\u00f3n de Oro<\/em>&#8220;.<\/strong><\/p>\n<p>En una charla exclusiva con David Crossan del podcast &#8220;<em>Le Beau Jeu<\/em>&#8220;, Silvestre destac\u00f3 las cualidades del joven de 21 a\u00f1os que en 2018 fue una pieza clave para que<em>\u00a0Les Bleus\u00a0<\/em>se coronaran campeones del Mundo en Rusia 2018.<\/p>\n<p><em>&#8220;Es muy \u00e1gil y es capaz de mantener su velocidad. Creo que tiene los atributos para competir en una carrera de 100 metros. En el pasado, Djibril Ciss\u00e9 era un velocista fant\u00e1stico, pero\u00a0<strong>yo dir\u00eda que Kylian me recuerda m\u00e1s a Thierry Henry<\/strong>. Ambos son como jaguares, muy sutiles y \u00e1giles. Creo que Kylian ha visto algunos videos de Henry en YouTube. S\u00e9 que Henry no es tan viejo -es de mi edad- pero no creo que lo haya visto mucho en vivo. Salido de M\u00f3naco, tiene sentido que Kylian sea capaz de jugar como extremo o como punta, as\u00ed que es el t\u00edpico delantero moderno&#8221;<\/em>, coment\u00f3 el ex jugador del Rennes, Inter Milan, Manchester United y Arsenal.<\/p>\n<p><em>\u201cKylian no tard\u00f3 en obsesionarse con los remates y lo trae, pero los entrenadores han hecho su parte. Ha mostrado la habilidad de burlar a los defensores desde joven, pero la consolidaci\u00f3n como atacante llega con los goles. En el pasado, muchos equipos jugaban con dos delanteros, pero ahora est\u00e1s solo y debes saber rematar. Ha mejorado mucho en comparaci\u00f3n a la Copa Mundial con Francia. Ah\u00ed fue muy importante&#8221;<\/em>.<\/p>\n<p>Silvestre adem\u00e1s se anim\u00f3 a vaticinar el futuro de Mbapp\u00e9:\u00a0<em>&#8220;<strong>Podr\u00eda romper la marca de goles de Cristiano Ronaldo<\/strong>, pero Cristiano fij\u00f3 un est\u00e1ndar muy alto, as\u00ed que tardar\u00e1 en alcanzarlo. Kylian estar\u00e1 en la carrera del Ballon d&#8217;O y creo que lo ganar\u00e1 en alg\u00fan punto&#8221;.<\/em><\/p>\n<p>[\/fusion_text][fusion_imageframe image_id=&#8221;32004|full&#8221; max_width=&#8221;&#8221; style_type=&#8221;&#8221; blur=&#8221;&#8221; stylecolor=&#8221;&#8221; hover_type=&#8221;none&#8221; bordersize=&#8221;&#8221; bordercolor=&#8221;&#8221; borderradius=&#8221;&#8221; align=&#8221;none&#8221; lightbox=&#8221;no&#8221; gallery_id=&#8221;&#8221; lightbox_image=&#8221;&#8221; lightbox_image_id=&#8221;&#8221; alt=&#8221;&#8221; link=&#8221;&#8221; linktarget=&#8221;_self&#8221; hide_on_mobile=&#8221;small-visibility,medium-visibility,large-visibility&#8221; class=&#8221;&#8221; id=&#8221;&#8221; animation_type=&#8221;&#8221; animation_direction=&#8221;left&#8221; animation_speed=&#8221;0.3&#8243; animation_offset=&#8221;&#8221;]https:\/\/www.bitacoracdmx.com\/wp-content\/uploads\/2020\/01\/MBAPPE.jpeg[\/fusion_imageframe][\/fusion_builder_column][\/fusion_builder_row][\/fusion_builder_container]<\/p>\n","protected":false},"excerpt":{"rendered":"<p>[fusion_builder_container hundred_percent=&#8221;no&#8221; equal_height_columns=&#8221;no&#8221; menu_anchor=&#8221;&#8221; hide_on_mobile=&#8221;small-visibility,medium-visibility,large-visibility&#8221; class=&#8221;&#8221; id=&#8221;&#8221; background_color=&#8221;&#8221; background_image=&#8221;&#8221; background_position=&#8221;center center&#8221; background_repeat=&#8221;no-repeat&#8221; fade=&#8221;no&#8221; background_parallax=&#8221;none&#8221; parallax_speed=&#8221;0.3&#8243; video_mp4=&#8221;&#8221; video_webm=&#8221;&#8221; video_ogv=&#8221;&#8221; video_url=&#8221;&#8221; video_aspect_ratio=&#8221;16:9&#8243; video_loop=&#8221;yes&#8221; video_mute=&#8221;yes&#8221; overlay_color=&#8221;&#8221; video_preview_image=&#8221;&#8221; border_size=&#8221;&#8221; border_color=&#8221;&#8221; border_style=&#8221;solid&#8221; padding_top=&#8221;&#8221; padding_bottom=&#8221;&#8221; padding_left=&#8221;&#8221; padding_right=&#8221;&#8221;][fusion_builder_row][fusion_builder_column type=&#8221;1_1&#8243; layout=&#8221;1_1&#8243; background_position=&#8221;left top&#8221; background_color=&#8221;&#8221; border_size=&#8221;&#8221; border_color=&#8221;&#8221; border_style=&#8221;solid&#8221; border_position=&#8221;all&#8221; spacing=&#8221;yes&#8221; background_image=&#8221;&#8221; background_repeat=&#8221;no-repeat&#8221; padding_top=&#8221;&#8221; padding_right=&#8221;&#8221; padding_bottom=&#8221;&#8221; padding_left=&#8221;&#8221; margin_top=&#8221;0px&#8221; margin_bottom=&#8221;0px&#8221; class=&#8221;&#8221; id=&#8221;&#8221; animation_type=&#8221;&#8221; animation_speed=&#8221;0.3&#8243; animation_direction=&#8221;left&#8221; hide_on_mobile=&#8221;small-visibility,medium-visibility,large-visibility&#8221; center_content=&#8221;no&#8221; last=&#8221;no&#8221; min_height=&#8221;&#8221; hover_type=&#8221;none&#8221; link=&#8221;&#8221;][fusion_text] REDACCI\u00d3N El embajador de la Ligue 1 Conforama,\u00a0Mika\u00ebl Silvestre, habl\u00f3 sobre el presente y el futuro de uno de los mejores jugadores actuales de Francia, Kylian Mbapp\u00e9, y pronostic\u00f3 que &#8220;ganar\u00e1 un Bal\u00f3n de Oro&#8220;. En una charla exclusiva con [&hellip;]<\/p>\n","protected":false},"author":1,"featured_media":32004,"comment_status":"open","ping_status":"open","sticky":false,"template":"","format":"standard","meta":{"footnotes":""},"categories":[6,9],"tags":[],"_links":{"self":[{"href":"https:\/\/www.bitacoracdmx.com\/index.php?rest_route=\/wp\/v2\/posts\/32003"}],"collection":[{"href":"https:\/\/www.bitacoracdmx.com\/index.php?rest_route=\/wp\/v2\/posts"}],"about":[{"href":"https:\/\/www.bitacoracdmx.com\/index.php?rest_route=\/wp\/v2\/types\/post"}],"author":[{"embeddable":true,"href":"https:\/\/www.bitacoracdmx.com\/index.php?rest_route=\/wp\/v2\/users\/1"}],"replies":[{"embeddable":true,"href":"https:\/\/www.bitacoracdmx.com\/index.php?rest_route=%2Fwp%2Fv2%2Fcomments&post=32003"}],"version-history":[{"count":1,"href":"https:\/\/www.bitacoracdmx.com\/index.php?rest_route=\/wp\/v2\/posts\/32003\/revisions"}],"predecessor-version":[{"id":32005,"href":"https:\/\/www.bitacoracdmx.com\/index.php?rest_route=\/wp\/v2\/posts\/32003\/revisions\/32005"}],"wp:featuredmedia":[{"embeddable":true,"href":"https:\/\/www.bitacoracdmx.com\/index.php?rest_route=\/wp\/v2\/media\/32004"}],"wp:attachment":[{"href":"https:\/\/www.bitacoracdmx.com\/index.php?rest_route=%2Fwp%2Fv2%2Fmedia&parent=32003"}],"wp:term":[{"taxonomy":"category","embeddable":true,"href":"https:\/\/www.bitacoracdmx.com\/index.php?rest_route=%2Fwp%2Fv2%2Fcategories&post=32003"},{"taxonomy":"post_tag","embeddable":true,"href":"https:\/\/www.bitacoracdmx.com\/index.php?rest_route=%2Fwp%2Fv2%2Ftags&post=32003"}],"curies":[{"name":"wp","href":"https:\/\/api.w.org\/{rel}","templated":true}]}}