{"id":32007,"date":"2020-01-28T02:17:15","date_gmt":"2020-01-28T02:17:15","guid":{"rendered":"https:\/\/www.bitacoracdmx.com\/?p=32007"},"modified":"2020-01-28T02:17:15","modified_gmt":"2020-01-28T02:17:15","slug":"la-cuarta-sinfonia-de-beethoven-sera-interpretada-por-la-ofcm","status":"publish","type":"post","link":"https:\/\/www.bitacoracdmx.com\/?p=32007","title":{"rendered":"La Cuarta Sinfon\u00eda de Beethoven ser\u00e1 interpretada por la OFCM"},"content":{"rendered":"<p>[fusion_builder_container hundred_percent=&#8221;no&#8221; equal_height_columns=&#8221;no&#8221; menu_anchor=&#8221;&#8221; hide_on_mobile=&#8221;small-visibility,medium-visibility,large-visibility&#8221; class=&#8221;&#8221; id=&#8221;&#8221; background_color=&#8221;&#8221; background_image=&#8221;&#8221; background_position=&#8221;center center&#8221; background_repeat=&#8221;no-repeat&#8221; fade=&#8221;no&#8221; background_parallax=&#8221;none&#8221; parallax_speed=&#8221;0.3&#8243; video_mp4=&#8221;&#8221; video_webm=&#8221;&#8221; video_ogv=&#8221;&#8221; video_url=&#8221;&#8221; video_aspect_ratio=&#8221;16:9&#8243; video_loop=&#8221;yes&#8221; video_mute=&#8221;yes&#8221; overlay_color=&#8221;&#8221; video_preview_image=&#8221;&#8221; border_size=&#8221;&#8221; border_color=&#8221;&#8221; border_style=&#8221;solid&#8221; padding_top=&#8221;&#8221; padding_bottom=&#8221;&#8221; padding_left=&#8221;&#8221; padding_right=&#8221;&#8221;][fusion_builder_row][fusion_builder_column type=&#8221;1_1&#8243; layout=&#8221;1_1&#8243; background_position=&#8221;left top&#8221; background_color=&#8221;&#8221; border_size=&#8221;&#8221; border_color=&#8221;&#8221; border_style=&#8221;solid&#8221; border_position=&#8221;all&#8221; spacing=&#8221;yes&#8221; background_image=&#8221;&#8221; background_repeat=&#8221;no-repeat&#8221; padding_top=&#8221;&#8221; padding_right=&#8221;&#8221; padding_bottom=&#8221;&#8221; padding_left=&#8221;&#8221; margin_top=&#8221;0px&#8221; margin_bottom=&#8221;0px&#8221; class=&#8221;&#8221; id=&#8221;&#8221; animation_type=&#8221;&#8221; animation_speed=&#8221;0.3&#8243; animation_direction=&#8221;left&#8221; hide_on_mobile=&#8221;small-visibility,medium-visibility,large-visibility&#8221; center_content=&#8221;no&#8221; last=&#8221;no&#8221; min_height=&#8221;&#8221; hover_type=&#8221;none&#8221; link=&#8221;&#8221;][fusion_text]<\/p>\n<p>REDACCI\u00d3N<\/p>\n<p>Para iniciar los festejos por el\u00a0<b>250 aniversario del natalicio de Ludwig van Beethoven<\/b>\u00a0(1770-1827), la\u00a0<b>Orquesta Filarm\u00f3nica de la Ciudad de M\u00e9xico<\/b>\u00a0(OFCM), bajo la direcci\u00f3n titular y art\u00edstica de\u00a0<b>Scott Yoo<\/b>, interpretar\u00e1 la\u00a0<i>Sinfon\u00eda No. 4<\/i>\u00a0en si bemol mayor, Op. 60, una de las piezas m\u00e1s conocidas del visionario compositor alem\u00e1n, que sonar\u00e1 el\u00a0<b>s\u00e1bado 25<\/b>\u00a0y\u00a0<b>domingo 26 enero<\/b>\u00a0en la\u00a0<b>Sala Silvestre Revueltas<\/b>\u00a0del\u00a0<b>Centro Cultural Ollin Yoliztli<\/b>.<\/p>\n<p>Respecto al segundo programa del a\u00f1o, Scott Yoo destac\u00f3 que la\u00a0<i>Sinfon\u00eda No. 4<\/i>\u00a0de Beethoven estar\u00e1 antecedida por la\u00a0<i>Sinfon\u00eda No. 32<\/i>\u00a0en sol mayor, K. 318, de Wolfgang Amadeus Mozart (1756-1791), as\u00ed como por\u00a0<i>Cuatro interludios mar\u00edtimos y Passacaglia de Peter Grimes<\/i>, op. 33, composici\u00f3n oper\u00edstica de Benjamin Britten (1913-1976). \u201cSin Mozart no habr\u00eda Beethoven y me gusta el contraste de lo ligero de Beethoven con lo serio de Britten, creo que hacen un buen conjunto\u201d, opin\u00f3.<\/p>\n<p>El tambi\u00e9n violinista expres\u00f3 la importancia de escuchar con la agrupaci\u00f3n art\u00edstica de la\u00a0<b>Secretar\u00eda de Cultura capitalina<\/b>, a uno de los genios musicales m\u00e1s importantes en el mundo que marc\u00f3 los inicios del romanticismo. El esp\u00edritu del autor se evoca a trav\u00e9s de esta pieza, al igual que con la\u00a0<i>Sinfon\u00eda No. 9<\/i>, la cual interpretar\u00e1 la OFCM el domingo 2 de febrero en un concierto de entrada libre en la Arena Ciudad de M\u00e9xico.<\/p>\n<p>\u201cAmbas sinfon\u00edas hablan de la condici\u00f3n humana de este siglo, de la hermandad y la libertad, las cuales seguimos necesitando, tanto como cuando Beethoven estaba vivo\u201d, describi\u00f3 el director art\u00edstico, productor ejecutivo de la nueva serie de PBS\u00a0<i>Now Hear This<\/i>, enfocada a la m\u00fasica cl\u00e1sica en la televisi\u00f3n estadounidense.<\/p>\n<p>Para Scott Yoo, la funci\u00f3n social de la Filarm\u00f3nica de la Ciudad de M\u00e9xico, adem\u00e1s de acercar al p\u00fablico a la m\u00fasica cl\u00e1sica, es mantener con vida el patrimonio cultural sonoro. \u201cVivimos (los m\u00fasicos) para interpretar estas piezas, as\u00ed como la gente vive para estar con su familia o para disfrutar de su ciudad o de sus amigos\u201d, asegur\u00f3 el director art\u00edstico, quien exhort\u00f3 a capitalinos y visitantes a asistir a los conciertos.<\/p>\n<p>La audiencia del fin de semana podr\u00e1 escuchar en la sala, que tiene un tiempo de reverberaci\u00f3n sonora de 1.8 segundos, equiparable a la Symphony Hall de Boston, una de las sinfon\u00edas m\u00e1s ligeras de Beethoven, sobre la cual el compositor franc\u00e9s del romanticismo H\u00e9ctor Berlioz, citado en las notas al programa de Juan Arturo Brennan, destac\u00f3 su car\u00e1cter \u201cgeneralmente vivaz, ligero, alegre, de una dulzura celestial\u201d.<\/p>\n<p>Una hora antes de las presentaciones estelares, en el\u00a0<i>lobby<\/i>\u00a0de la Sala Silvestre Revueltas integrantes de la orquesta interpretar\u00e1n el\u00a0<i>Cuarteto para flauta<\/i>\u00a0en re mayor, K.285, de Wolfgang Amadeus Mozart. Participan la flautista Mar\u00eda Esther Garc\u00eda, Farathnaz Danele Gonz\u00e1lez al viol\u00edn, \u00c1ngel Medina en la viola y Carmen Uribe Moreno en el violonchelo.<\/p>\n<p>Los conciertos de la\u00a0<b>Orquesta Filarm\u00f3nica de la Ciudad de M\u00e9xico<\/b>\u00a0se realizar\u00e1n el s\u00e1bado 25, a las 18:00 horas, y domingo 26 de enero, a las 12:30 horas, en la Sala Silvestre Revueltas del Centro Cultural Ollin Yoliztli, ubicado en Perif\u00e9rico Sur 5141, colonia Isidro Fabela, alcald\u00eda Tlalpan.<\/p>\n<p>La admisi\u00f3n general es de 157 pesos, con descuento del 50 por ciento a estudiantes y maestros con credencial vigente y miembros del INAPAM. Para conocer m\u00e1s acerca de la Temporada 2020 de la OFCM, consulte la p\u00e1gina\u00a0<a id=\"LPlnk554927\" href=\"http:\/\/ofcm.cultura.cdmx.gob.mx\/\" target=\"_blank\" rel=\"noopener noreferrer\" data-auth=\"NotApplicable\">http:\/\/ofcm.cultura.cdmx.gob.mx\/<\/a><\/p>\n<p>[\/fusion_text][fusion_gallery layout=&#8221;&#8221; picture_size=&#8221;&#8221; columns=&#8221;&#8221; column_spacing=&#8221;10&#8243; gallery_masonry_grid_ratio=&#8221;&#8221; gallery_masonry_width_double=&#8221;&#8221; hover_type=&#8221;&#8221; lightbox=&#8221;yes&#8221; lightbox_content=&#8221;&#8221; bordersize=&#8221;&#8221; bordercolor=&#8221;&#8221; border_radius=&#8221;&#8221; hide_on_mobile=&#8221;small-visibility,medium-visibility,large-visibility&#8221; class=&#8221;&#8221; id=&#8221;&#8221;][fusion_gallery_image image=&#8221;https:\/\/www.bitacoracdmx.com\/wp-content\/uploads\/2020\/01\/BETO1.jpg&#8221; image_id=&#8221;32008|full&#8221; link=&#8221;&#8221; linktarget=&#8221;_self&#8221; \/][fusion_gallery_image image=&#8221;https:\/\/www.bitacoracdmx.com\/wp-content\/uploads\/2020\/01\/BETO.jpg&#8221; image_id=&#8221;32009|full&#8221; link=&#8221;&#8221; linktarget=&#8221;_self&#8221; \/][\/fusion_gallery][\/fusion_builder_column][\/fusion_builder_row][\/fusion_builder_container]<\/p>\n","protected":false},"excerpt":{"rendered":"<p>[fusion_builder_container hundred_percent=&#8221;no&#8221; equal_height_columns=&#8221;no&#8221; menu_anchor=&#8221;&#8221; hide_on_mobile=&#8221;small-visibility,medium-visibility,large-visibility&#8221; class=&#8221;&#8221; id=&#8221;&#8221; background_color=&#8221;&#8221; background_image=&#8221;&#8221; background_position=&#8221;center center&#8221; background_repeat=&#8221;no-repeat&#8221; fade=&#8221;no&#8221; background_parallax=&#8221;none&#8221; parallax_speed=&#8221;0.3&#8243; video_mp4=&#8221;&#8221; video_webm=&#8221;&#8221; video_ogv=&#8221;&#8221; video_url=&#8221;&#8221; video_aspect_ratio=&#8221;16:9&#8243; video_loop=&#8221;yes&#8221; video_mute=&#8221;yes&#8221; overlay_color=&#8221;&#8221; video_preview_image=&#8221;&#8221; border_size=&#8221;&#8221; border_color=&#8221;&#8221; border_style=&#8221;solid&#8221; padding_top=&#8221;&#8221; padding_bottom=&#8221;&#8221; padding_left=&#8221;&#8221; padding_right=&#8221;&#8221;][fusion_builder_row][fusion_builder_column type=&#8221;1_1&#8243; layout=&#8221;1_1&#8243; background_position=&#8221;left top&#8221; background_color=&#8221;&#8221; border_size=&#8221;&#8221; border_color=&#8221;&#8221; border_style=&#8221;solid&#8221; border_position=&#8221;all&#8221; spacing=&#8221;yes&#8221; background_image=&#8221;&#8221; background_repeat=&#8221;no-repeat&#8221; padding_top=&#8221;&#8221; padding_right=&#8221;&#8221; padding_bottom=&#8221;&#8221; padding_left=&#8221;&#8221; margin_top=&#8221;0px&#8221; margin_bottom=&#8221;0px&#8221; class=&#8221;&#8221; id=&#8221;&#8221; animation_type=&#8221;&#8221; animation_speed=&#8221;0.3&#8243; animation_direction=&#8221;left&#8221; hide_on_mobile=&#8221;small-visibility,medium-visibility,large-visibility&#8221; center_content=&#8221;no&#8221; last=&#8221;no&#8221; min_height=&#8221;&#8221; hover_type=&#8221;none&#8221; link=&#8221;&#8221;][fusion_text] REDACCI\u00d3N Para iniciar los festejos por el\u00a0250 aniversario del natalicio de Ludwig van Beethoven\u00a0(1770-1827), la\u00a0Orquesta Filarm\u00f3nica de la Ciudad de M\u00e9xico\u00a0(OFCM), bajo la direcci\u00f3n titular y art\u00edstica de\u00a0Scott Yoo, interpretar\u00e1 la\u00a0Sinfon\u00eda No. 4\u00a0en si bemol mayor, Op. 60, una de [&hellip;]<\/p>\n","protected":false},"author":1,"featured_media":32009,"comment_status":"open","ping_status":"open","sticky":false,"template":"","format":"standard","meta":{"footnotes":""},"categories":[9,11],"tags":[],"_links":{"self":[{"href":"https:\/\/www.bitacoracdmx.com\/index.php?rest_route=\/wp\/v2\/posts\/32007"}],"collection":[{"href":"https:\/\/www.bitacoracdmx.com\/index.php?rest_route=\/wp\/v2\/posts"}],"about":[{"href":"https:\/\/www.bitacoracdmx.com\/index.php?rest_route=\/wp\/v2\/types\/post"}],"author":[{"embeddable":true,"href":"https:\/\/www.bitacoracdmx.com\/index.php?rest_route=\/wp\/v2\/users\/1"}],"replies":[{"embeddable":true,"href":"https:\/\/www.bitacoracdmx.com\/index.php?rest_route=%2Fwp%2Fv2%2Fcomments&post=32007"}],"version-history":[{"count":1,"href":"https:\/\/www.bitacoracdmx.com\/index.php?rest_route=\/wp\/v2\/posts\/32007\/revisions"}],"predecessor-version":[{"id":32010,"href":"https:\/\/www.bitacoracdmx.com\/index.php?rest_route=\/wp\/v2\/posts\/32007\/revisions\/32010"}],"wp:featuredmedia":[{"embeddable":true,"href":"https:\/\/www.bitacoracdmx.com\/index.php?rest_route=\/wp\/v2\/media\/32009"}],"wp:attachment":[{"href":"https:\/\/www.bitacoracdmx.com\/index.php?rest_route=%2Fwp%2Fv2%2Fmedia&parent=32007"}],"wp:term":[{"taxonomy":"category","embeddable":true,"href":"https:\/\/www.bitacoracdmx.com\/index.php?rest_route=%2Fwp%2Fv2%2Fcategories&post=32007"},{"taxonomy":"post_tag","embeddable":true,"href":"https:\/\/www.bitacoracdmx.com\/index.php?rest_route=%2Fwp%2Fv2%2Ftags&post=32007"}],"curies":[{"name":"wp","href":"https:\/\/api.w.org\/{rel}","templated":true}]}}