{"id":32011,"date":"2020-01-28T02:34:55","date_gmt":"2020-01-28T02:34:55","guid":{"rendered":"https:\/\/www.bitacoracdmx.com\/?p=32011"},"modified":"2020-01-28T02:34:55","modified_gmt":"2020-01-28T02:34:55","slug":"banda-machos-gana-juicio-de-nulidad-a-banda-mach","status":"publish","type":"post","link":"https:\/\/www.bitacoracdmx.com\/?p=32011","title":{"rendered":"BANDA MACHOS gana juicio de nulidad a BANDA MACH"},"content":{"rendered":"<p>[fusion_builder_container hundred_percent=&#8221;no&#8221; equal_height_columns=&#8221;no&#8221; menu_anchor=&#8221;&#8221; hide_on_mobile=&#8221;small-visibility,medium-visibility,large-visibility&#8221; class=&#8221;&#8221; id=&#8221;&#8221; background_color=&#8221;&#8221; background_image=&#8221;&#8221; background_position=&#8221;center center&#8221; background_repeat=&#8221;no-repeat&#8221; fade=&#8221;no&#8221; background_parallax=&#8221;none&#8221; parallax_speed=&#8221;0.3&#8243; video_mp4=&#8221;&#8221; video_webm=&#8221;&#8221; video_ogv=&#8221;&#8221; video_url=&#8221;&#8221; video_aspect_ratio=&#8221;16:9&#8243; video_loop=&#8221;yes&#8221; video_mute=&#8221;yes&#8221; overlay_color=&#8221;&#8221; video_preview_image=&#8221;&#8221; border_size=&#8221;&#8221; border_color=&#8221;&#8221; border_style=&#8221;solid&#8221; padding_top=&#8221;&#8221; padding_bottom=&#8221;&#8221; padding_left=&#8221;&#8221; padding_right=&#8221;&#8221;][fusion_builder_row][fusion_builder_column type=&#8221;1_1&#8243; layout=&#8221;1_1&#8243; background_position=&#8221;left top&#8221; background_color=&#8221;&#8221; border_size=&#8221;&#8221; border_color=&#8221;&#8221; border_style=&#8221;solid&#8221; border_position=&#8221;all&#8221; spacing=&#8221;yes&#8221; background_image=&#8221;&#8221; background_repeat=&#8221;no-repeat&#8221; padding_top=&#8221;&#8221; padding_right=&#8221;&#8221; padding_bottom=&#8221;&#8221; padding_left=&#8221;&#8221; margin_top=&#8221;0px&#8221; margin_bottom=&#8221;0px&#8221; class=&#8221;&#8221; id=&#8221;&#8221; animation_type=&#8221;&#8221; animation_speed=&#8221;0.3&#8243; animation_direction=&#8221;left&#8221; hide_on_mobile=&#8221;small-visibility,medium-visibility,large-visibility&#8221; center_content=&#8221;no&#8221; last=&#8221;no&#8221; min_height=&#8221;&#8221; hover_type=&#8221;none&#8221; link=&#8221;&#8221;][fusion_text]<\/p>\n<p>REDACCI\u00d3N<\/p>\n<p><b>\u25cbBANDA MACHOS CELEBRAR\u00c1 ESTE A\u00d1O 30 A\u00d1OS DE TRAYECTORIA<\/b><\/p>\n<p><b>\u25cbCON ESTE FALLO LA BANDA MACH EST\u00c1 OBLIGADA A DESAPARECER O CAMBIAR DE NOMBRE Y A NO USAR CANCIONES DE BANDA MACHOS<\/b><\/p>\n<p><b>\u25cbPERSEGUIR\u00c1N AHORA POR LA V\u00cdA PENAL A BANDA MACH SI CONTIN\u00daAN EN REBELD\u00cdA USANDO ESE NOMBRE<\/b><\/p>\n<p><b>La legendaria e influyente Banda Machos contin\u00faa su andar de forma imparable, luego de cerrar un a\u00f1o plagado de giras y recitales por M\u00e9xico y Estados Unidos tras el buen recibimiento que tuvo su disco anterior \u201cLa Huella de mis besos\u201d y el anuncio de lo que ser\u00e1 un nuevo disco que se lanzar\u00e1 este 2020, para seguir reventando todo el territorio nacional con su m\u00fasica y sus \u00e9xitos que ya son parte de la cultura popular. Algo extramusical se ha sumado a esta lista de logros, pues ya han ganado el juicio de nulidad contra la Banda Mach de Jos\u00e9 Juan Guardado, por lo que, a partir de este momento, la que era conocida como Banda Mach deber\u00e1 dejar de usar \u00e9se nombre y no podr\u00e1 cantar canciones de la Banda Machos ni hacer ninguna alusi\u00f3n a riesgo de perder su libertad, pues estar\u00eda cometiendo el delito de plagio. Esto luego de que los tribunales le dieran la raz\u00f3n a Banda Machos y que el grupo de Jos\u00e9 Juan Guardado haya perdido todas sus apelaciones.<\/b><\/p>\n<p><b>Tras haber ganado un primer juicio de nulidad que obligaba a Banda Mach a desistir de seguir usando \u00e9se nombre y ante la negligencia de \u00e9stos para acatar esa disposici\u00f3n a la que est\u00e1n obligados por la ley, la original Banda Machos est\u00e1 facultada para denunciar penalmente a los integrantes de la Banda Mach si contin\u00faan trabajando ilegalmente usando un nombre y canciones que no son suyos, ya que en ninguna de las canciones que se tienen registradas figura el nombre de ninguno de los integrantes de la extinta Banda Mach, ni en autor\u00eda o en coautor\u00eda.<\/b><\/p>\n<p><b>Seg\u00fan ha dado a conocer la reconocida abogada Ana Mar\u00eda Navarro y el licenciado Antonio Barrios Barrera, debido a una serie de incumplimientos y anomal\u00edas en que ha estado incurriendo Banda Mach desde hace al menos cinco a\u00f1os, causando un grave perjuicio a Banda machos y tras una serie de procedicimientos legales que en todos los casos le han dado la raz\u00f3n a sus representados, con esta resoluci\u00f3n se da fin a una controversia que hab\u00eda encabezado Jos\u00e9 Juan Guardado Rosales, quien s\u00ed perteneci\u00f3 a la agrupaci\u00f3n, pero que sali\u00f3 de la misma y que desde entonces hab\u00eda estado usurpando una identidad y canciones que, sin ser de su autor\u00eda, pretendi\u00f3 adjudicarse de forma indebida.<\/b><\/p>\n<p><b>Es relevante recordar que Jos\u00e9 Juan Guardado Rosales fue miembro de la banda y tras tener l\u00edos severos en Estados Unidos fu\u00e9 deportado y justo ah\u00ed comenz\u00f3 a tener problemas con sus compa\u00f1eros, lo que deriv\u00f3 en su posterior salida. Por \u00e9sa raz\u00f3n, Guardado fu\u00e9 liquidado y fund\u00f3 Banda Mach, en una clara y dolosa alegor\u00eda que se presta a la confusi\u00f3n tanto en el nombre, como en la interpretaci\u00f3n de canciones que no le pertenecen y que el asume como propias, lo cual es falso y para comprobarlo solo basta revisar los autorales que aparecen en cada disco y que sirvi\u00f3 como pruebas para decretar el dict\u00e1men final.<\/b><\/p>\n<p><b>La denuncia proseguir\u00e1 ahora por la v\u00eda penal en el caso de que Banda Mach siga en rebeld\u00eda, pese a que ha sido ya notificada que debe dejar de usar ese nombre y ese repertorio. La Banda Machos se reserva por ello el derecho de ejercer acciones penales contra Banda Mach al tener todo registrado ante el Instituto Nacional del Derecho de Autor (INDAUTOR), desde su cl\u00e1sico grito &#8220;\u00a1Arre Machos!&#8221;, hasta su imagen, canciones y vestimenta, todo ello clonados de forma descarada por Banda Mach. Adem\u00e1s de Jos\u00e9 Juan Guardado, la denuncia involucra a Ra\u00fal Ortega Aguayo, Rosal\u00edo Palafox y Eduardo Noriega P\u00e9rez, todos ellos se\u00f1alados por usurpar nombre, canciones, vestuario y una serie de elementos registrados que no tienen derecho de usar para su beneficio al no ser de su propiedad.<\/b><\/p>\n<p><b>La lista completa de imputados es la siguiente: Jos\u00e9 Juan Guardado Rosales, Ra\u00fal Ortega Aguayo, Jos\u00e9 Elpidio Morf\u00edn Rojas, Rosal\u00edo Palafox Rojas, Osvaldo Rosales Maciel, Javier L\u00f3pez Sald\u00edvar, Juan \u00c1lvarez Ch\u00e1vez, Carlos Rosales Ixtlahuac, LUis Pablo Robles, Angel Aguayo Plascencia, Eduardo Noriega P\u00e9rez, Alfonso Noriega P\u00e9rez, Eduardo Sevilla Cabrera, Javier \u00c1lvarez Ch\u00e1vez, Luis Gerardo Montelongo Mart\u00ednez y Oscar Alexis Ruiz Garc\u00eda, todos ellos integrantes de Banda Mach.<\/b><\/p>\n<p><b>Banda Machos naci\u00f3 en 1990, en el poblado de Villa Corona, Jalisco. La formaron 12 j\u00f3venes, dispuestos a lanzarse a la conquista del mercado grupero, logrando en muy poco tiempo impactar al p\u00fablico que los ve\u00eda en plazas de toros y festivales, tanto en M\u00e9xico como en Estados Unidos. Son galardonados en casi todos los sitios donde act\u00faan, rompiendo r\u00e9cords de asistencia en sus bailes, a todo lo largo y ancho del territorio nacional, vi\u00e9ndose su agenda completamente saturada de contratos desde un inicio, recorriendo tambi\u00e9n la Uni\u00f3n Americana con extensas giras y obteniendo un \u00e9xito rotundo. Entre sus aportaciones al g\u00e9nero, se incluye el haber impulsado un estilo m\u00e1s bailable de banda al incorporar cumbia mexicana y crear lo que se conoce como cumbia banda, o m\u00e1s popularmente quebradita. Han batido r\u00e9cords de asistencia de p\u00fablico, tanto en territorio nacional como en la Uni\u00f3n Americana. Lugares emblem\u00e1ticos como el Monumento a la Revoluci\u00f3n (50.000 personas), Guadalajara (90.000 personas), Monterrey, N.L. (85.000 personas) y el Z\u00f3calo de la ciudad de M\u00e9xico, D.F. (200.000 personas) han sido testigo del impacto de su m\u00fasica.<\/b><\/p>\n<p><b>Banda Machos contin\u00faa con su trayectoria plagada de \u00e9xitos. Destacan sus letras sat\u00edricas y de doble sentido. En esta fruct\u00edfera carrera musical han logrado colocar numerosas canciones en el Top 10 de las listas de popularidad. Entre los que forman parte del cat\u00e1logo de oro de la m\u00fasica popular mexicana figuran: \u201cCasimira\u201d, \u201cAl gato y al rat\u00f3n\u201d, \u201cUn indio quiere llorar\u201d, \u201cLe\u00f1a de pirul\u201d, \u201cLa secretaria\u201d, \u201cMi luna, mi estrella\u201d, \u201cLa culebra\u201d, \u201cMi tesoro\u201d, \u201cMi chica ideal\u201d , \u201cBesame mucho\u201d, \u201cTe lo debo a ti\u201d, \u201cChiquita Bonita\u201d, \u201cHistoria sin fin\u201d, \u201cTres minutos\u201d, \u201cVivir sin ella\u201d, \u201cMe llamo Raquel\u201d, \u201cA Prueba de balas\u201d, \u201cLa Ruquita\u201d, \u201cLa Suegra\u201d, \u201cCuatro Meses\u201d y \u201cEl pr\u00f3ximo tonto\u201d, \u201cNadie te Toco\u201d, etc.<\/b><\/p>\n<p><b>La Banda Machos ha recorrido casi todos los estados de la Rep\u00fablica Mexicana, y en 50 estados de la Uni\u00f3n Americana. Destaca su participaci\u00f3n en el \u201cFestival Acapulco\u201d en cuatro ocasiones, en los a\u00f1os 1993, 1994, 1995 y 1997, donde causaron verdadero revuelo con su espect\u00e1culo y su m\u00fasica. En agosto de 1996, viajaron por primera vez al continente europeo y participaron en el festival Les Scales en Saint Nazaire, en la provincia francesa de Cedes, representando a la m\u00fasica mexicana. Entre los numerosos galardones y distinciones recibidas a lo largo de su carrera, se incluye: Doble disco de oro, platino y diamante por \u201cCasimira\u201d, Doble disco de oro, platino y diamante por \u201cSangre de Indio\u201d, Un disco de oro por \u201cLos machos tambi\u00e9n lloran\u201d, Doble disco de oro por \u201cDisco Macho\u201d, Doble disco de oro por \u201cGracias Mujer\u201d y un disco de oro por \u201cHistoria sin fin\u201d.<\/b><\/p>\n<p><b>S\u00edguelos en redes sociales:<\/b><\/p>\n<p><b>Facebook: @bandamachosoficial<\/b><\/p>\n<p><b>Twitter: @BandaMachos<\/b><\/p>\n<p><b>Instagram:@bandamachosoficial\u00a0<\/b><\/p>\n<p>[\/fusion_text][fusion_gallery layout=&#8221;&#8221; picture_size=&#8221;&#8221; columns=&#8221;&#8221; column_spacing=&#8221;10&#8243; gallery_masonry_grid_ratio=&#8221;&#8221; gallery_masonry_width_double=&#8221;&#8221; hover_type=&#8221;&#8221; lightbox=&#8221;yes&#8221; lightbox_content=&#8221;&#8221; bordersize=&#8221;&#8221; bordercolor=&#8221;&#8221; border_radius=&#8221;&#8221; hide_on_mobile=&#8221;small-visibility,medium-visibility,large-visibility&#8221; class=&#8221;&#8221; id=&#8221;&#8221;][fusion_gallery_image image=&#8221;https:\/\/www.bitacoracdmx.com\/wp-content\/uploads\/2020\/01\/BANDA-MACHOS-JUICIO-MACH-2020-2.jpg&#8221; image_id=&#8221;32012|full&#8221; link=&#8221;&#8221; linktarget=&#8221;_self&#8221; \/][fusion_gallery_image image=&#8221;https:\/\/www.bitacoracdmx.com\/wp-content\/uploads\/2020\/01\/BANDA-MACHOS-JUICIO-MACH-2020-1.jpg&#8221; image_id=&#8221;32013|full&#8221; link=&#8221;&#8221; linktarget=&#8221;_self&#8221; \/][fusion_gallery_image image=&#8221;https:\/\/www.bitacoracdmx.com\/wp-content\/uploads\/2020\/01\/Banda-Machos-2020-Foto3.jpg&#8221; image_id=&#8221;32014|full&#8221; link=&#8221;&#8221; linktarget=&#8221;_self&#8221; \/][fusion_gallery_image image=&#8221;https:\/\/www.bitacoracdmx.com\/wp-content\/uploads\/2020\/01\/Banda-Machos-2020-Foto2.jpg&#8221; image_id=&#8221;32015|full&#8221; link=&#8221;&#8221; linktarget=&#8221;_self&#8221; \/][\/fusion_gallery][\/fusion_builder_column][\/fusion_builder_row][\/fusion_builder_container]<\/p>\n","protected":false},"excerpt":{"rendered":"<p>[fusion_builder_container hundred_percent=&#8221;no&#8221; equal_height_columns=&#8221;no&#8221; menu_anchor=&#8221;&#8221; hide_on_mobile=&#8221;small-visibility,medium-visibility,large-visibility&#8221; class=&#8221;&#8221; id=&#8221;&#8221; background_color=&#8221;&#8221; background_image=&#8221;&#8221; background_position=&#8221;center center&#8221; background_repeat=&#8221;no-repeat&#8221; fade=&#8221;no&#8221; background_parallax=&#8221;none&#8221; parallax_speed=&#8221;0.3&#8243; video_mp4=&#8221;&#8221; video_webm=&#8221;&#8221; video_ogv=&#8221;&#8221; video_url=&#8221;&#8221; video_aspect_ratio=&#8221;16:9&#8243; video_loop=&#8221;yes&#8221; video_mute=&#8221;yes&#8221; overlay_color=&#8221;&#8221; video_preview_image=&#8221;&#8221; border_size=&#8221;&#8221; border_color=&#8221;&#8221; border_style=&#8221;solid&#8221; padding_top=&#8221;&#8221; padding_bottom=&#8221;&#8221; padding_left=&#8221;&#8221; padding_right=&#8221;&#8221;][fusion_builder_row][fusion_builder_column type=&#8221;1_1&#8243; layout=&#8221;1_1&#8243; background_position=&#8221;left top&#8221; background_color=&#8221;&#8221; border_size=&#8221;&#8221; border_color=&#8221;&#8221; border_style=&#8221;solid&#8221; border_position=&#8221;all&#8221; spacing=&#8221;yes&#8221; background_image=&#8221;&#8221; background_repeat=&#8221;no-repeat&#8221; padding_top=&#8221;&#8221; padding_right=&#8221;&#8221; padding_bottom=&#8221;&#8221; padding_left=&#8221;&#8221; margin_top=&#8221;0px&#8221; margin_bottom=&#8221;0px&#8221; class=&#8221;&#8221; id=&#8221;&#8221; animation_type=&#8221;&#8221; animation_speed=&#8221;0.3&#8243; animation_direction=&#8221;left&#8221; hide_on_mobile=&#8221;small-visibility,medium-visibility,large-visibility&#8221; center_content=&#8221;no&#8221; last=&#8221;no&#8221; min_height=&#8221;&#8221; hover_type=&#8221;none&#8221; link=&#8221;&#8221;][fusion_text] REDACCI\u00d3N \u25cbBANDA MACHOS CELEBRAR\u00c1 ESTE A\u00d1O 30 A\u00d1OS DE TRAYECTORIA \u25cbCON ESTE FALLO LA BANDA MACH EST\u00c1 OBLIGADA A DESAPARECER O CAMBIAR DE NOMBRE Y A NO USAR CANCIONES DE BANDA MACHOS \u25cbPERSEGUIR\u00c1N AHORA POR LA V\u00cdA PENAL A BANDA [&hellip;]<\/p>\n","protected":false},"author":1,"featured_media":32015,"comment_status":"open","ping_status":"open","sticky":false,"template":"","format":"standard","meta":{"footnotes":""},"categories":[7,9,11],"tags":[],"_links":{"self":[{"href":"https:\/\/www.bitacoracdmx.com\/index.php?rest_route=\/wp\/v2\/posts\/32011"}],"collection":[{"href":"https:\/\/www.bitacoracdmx.com\/index.php?rest_route=\/wp\/v2\/posts"}],"about":[{"href":"https:\/\/www.bitacoracdmx.com\/index.php?rest_route=\/wp\/v2\/types\/post"}],"author":[{"embeddable":true,"href":"https:\/\/www.bitacoracdmx.com\/index.php?rest_route=\/wp\/v2\/users\/1"}],"replies":[{"embeddable":true,"href":"https:\/\/www.bitacoracdmx.com\/index.php?rest_route=%2Fwp%2Fv2%2Fcomments&post=32011"}],"version-history":[{"count":1,"href":"https:\/\/www.bitacoracdmx.com\/index.php?rest_route=\/wp\/v2\/posts\/32011\/revisions"}],"predecessor-version":[{"id":32016,"href":"https:\/\/www.bitacoracdmx.com\/index.php?rest_route=\/wp\/v2\/posts\/32011\/revisions\/32016"}],"wp:featuredmedia":[{"embeddable":true,"href":"https:\/\/www.bitacoracdmx.com\/index.php?rest_route=\/wp\/v2\/media\/32015"}],"wp:attachment":[{"href":"https:\/\/www.bitacoracdmx.com\/index.php?rest_route=%2Fwp%2Fv2%2Fmedia&parent=32011"}],"wp:term":[{"taxonomy":"category","embeddable":true,"href":"https:\/\/www.bitacoracdmx.com\/index.php?rest_route=%2Fwp%2Fv2%2Fcategories&post=32011"},{"taxonomy":"post_tag","embeddable":true,"href":"https:\/\/www.bitacoracdmx.com\/index.php?rest_route=%2Fwp%2Fv2%2Ftags&post=32011"}],"curies":[{"name":"wp","href":"https:\/\/api.w.org\/{rel}","templated":true}]}}