{"id":32245,"date":"2020-02-09T01:15:25","date_gmt":"2020-02-09T01:15:25","guid":{"rendered":"https:\/\/www.bitacoracdmx.com\/?p=32245"},"modified":"2020-02-09T01:15:25","modified_gmt":"2020-02-09T01:15:25","slug":"la-ofcm-realizara-un-viaje-barroco-al-centro-historico-y-a-coyoacan","status":"publish","type":"post","link":"https:\/\/www.bitacoracdmx.com\/?p=32245","title":{"rendered":"La OFCM realizara un viaje barroco al Centro Hist\u00f3rico y a Coyoac\u00e1n"},"content":{"rendered":"<p>[fusion_builder_container hundred_percent=&#8221;no&#8221; equal_height_columns=&#8221;no&#8221; menu_anchor=&#8221;&#8221; hide_on_mobile=&#8221;small-visibility,medium-visibility,large-visibility&#8221; class=&#8221;&#8221; id=&#8221;&#8221; background_color=&#8221;&#8221; background_image=&#8221;&#8221; background_position=&#8221;center center&#8221; background_repeat=&#8221;no-repeat&#8221; fade=&#8221;no&#8221; background_parallax=&#8221;none&#8221; parallax_speed=&#8221;0.3&#8243; video_mp4=&#8221;&#8221; video_webm=&#8221;&#8221; video_ogv=&#8221;&#8221; video_url=&#8221;&#8221; video_aspect_ratio=&#8221;16:9&#8243; video_loop=&#8221;yes&#8221; video_mute=&#8221;yes&#8221; overlay_color=&#8221;&#8221; video_preview_image=&#8221;&#8221; border_size=&#8221;&#8221; border_color=&#8221;&#8221; border_style=&#8221;solid&#8221; padding_top=&#8221;&#8221; padding_bottom=&#8221;&#8221; padding_left=&#8221;&#8221; padding_right=&#8221;&#8221;][fusion_builder_row][fusion_builder_column type=&#8221;1_1&#8243; layout=&#8221;1_1&#8243; background_position=&#8221;left top&#8221; background_color=&#8221;&#8221; border_size=&#8221;&#8221; border_color=&#8221;&#8221; border_style=&#8221;solid&#8221; border_position=&#8221;all&#8221; spacing=&#8221;yes&#8221; background_image=&#8221;&#8221; background_repeat=&#8221;no-repeat&#8221; padding_top=&#8221;&#8221; padding_right=&#8221;&#8221; padding_bottom=&#8221;&#8221; padding_left=&#8221;&#8221; margin_top=&#8221;0px&#8221; margin_bottom=&#8221;0px&#8221; class=&#8221;&#8221; id=&#8221;&#8221; animation_type=&#8221;&#8221; animation_speed=&#8221;0.3&#8243; animation_direction=&#8221;left&#8221; hide_on_mobile=&#8221;small-visibility,medium-visibility,large-visibility&#8221; center_content=&#8221;no&#8221; last=&#8221;no&#8221; min_height=&#8221;&#8221; hover_type=&#8221;none&#8221; link=&#8221;&#8221;][fusion_text]<\/p>\n<p>REDACCI\u00d3N<\/p>\n<div class=\"x_gmail_attr\" dir=\"ltr\">Luego de su hist\u00f3rica visita al norte de la capital para iniciar los festejos por el 250 aniversario de natalicio de Ludwig van Beethoven, la\u00a0<b>Orquesta Filarm\u00f3nica de la Ciudad de M\u00e9xico<\/b>\u00a0(<b>OFCM<\/b>) contin\u00faa su\u00a0<b>Temporada 2020<\/b>\u00a0con sendos conciertos, esta vez en el centro y sur de la urbe, con un programa dedicado especialmente a la m\u00fasica barroca europea.<\/div>\n<div dir=\"ltr\">\n<div class=\"x_gmail_quote\">\n<div dir=\"ltr\">\n<div>\n<p><i>Tafelmusik II<\/i>\u00a0y\u00a0<i>Suite Don Quijote<\/i>, ambas de Georg Philipp Telemann;\u00a0<i>Concerto grosso No.9 en fa mayor<\/i>, Op. 6, para cuerdas y continuo, de Arcangelo Corelli, y\u00a0<i>Concierto para clavec\u00edn No. 1 en re menor<\/i>, BWV 1052, de Johann Sebastian Bach, conforman el programa que dirigir\u00e1 el maestro\u00a0<b>Scott Yoo<\/b>, titular de la agrupaci\u00f3n art\u00edstica de la\u00a0<b>Secretar\u00eda de Cultura capitalina<\/b>.<\/p>\n<p>Con la pianista y clavecinista mexicana\u00a0<b>Eunice Padilla<\/b>\u00a0como solista invitada, los conciertos se llevar\u00e1n a cabo el\u00a0<b>s\u00e1bado 8 de febrero<\/b>\u00a0a las 18:00 horas en el\u00a0<b>Templo de Santo Domingo<\/b>\u00a0del Centro Hist\u00f3rico (<b>entrada gratuita<\/b>\u00a0y cupo limitado) y el\u00a0<b>domingo 9<\/b>\u00a0a las 12:30 en el\u00a0<b>Centro Cultural Roberto Cantoral<\/b>, en Coyoac\u00e1n (admisi\u00f3n general 180 pesos).<\/p>\n<p>El programa de la OFCM llevar\u00e1 al p\u00fablico por un viaje alrededor de la m\u00fasica barroca europea y de la mano de tres de sus m\u00e1s destacados exponentes: los compositores alemanes Telemann (1681-1767) y Bach (1685-1750) y el italiano Corelli (1653-1713).<\/p>\n<p>Abrir\u00e1 las presentaciones el \u201cConcierto para tres violines\u201d del ciclo\u00a0<i>Tafelmusik II<\/i>\u00a0en fa mayor, op.6\/9, que Telemann escribi\u00f3 \u201cpara acompa\u00f1ar todo tipo de comidas\u201d, una tradici\u00f3n poco estudiada por los expertos en m\u00fasica. Del mismo autor se interpretar\u00e1 la\u00a0<i>Suite Don Quijote<\/i>, TWV 55:G10, sin duda, una de las primeras composiciones musicales inspiradas en el famoso personaje de la literatura espa\u00f1ola, creado por Miguel de Cervantes Saavedra.<\/p>\n<p>Le seguir\u00e1 el\u00a0<i>Concerto grosso No.9 en fa mayor<\/i>, Op. 6, para cuerdas y continuo, de Arcangelo Corelli, uno de los doce\u00a0<i>concerti grossi<\/i>\u00a0con los que el italiano sent\u00f3 las bases de la parte m\u00e1s refinada del periodo barroco y con el que, adem\u00e1s, ejerci\u00f3 una enorme influencia en los compositores que le siguieron en siglos posteriores.<\/p>\n<p>Cerrar\u00e1 este programa el\u00a0<i>Concierto para clavec\u00edn No. 1 en re menor<\/i>, BWV 1052, de Johann Sebastian Bach, una de las numerosas piezas que compuso para el clavec\u00edn solo y con la cual \u2014a decir de los expertos\u2014 realiz\u00f3 una de las contribuciones m\u00e1s importantes a la literatura, t\u00e9cnica y desarrollo hist\u00f3rico del instrumento, cuyos elementos fundamentales fueron cubiertos por la obra de este compositor m\u00e1s la de sus contempor\u00e1neos Georg Friedrich H\u00e4ndel y Domenico Scarlatti y de los clavecinistas franceses.<\/p>\n<p>Para esta pieza final la Orquesta Filarm\u00f3nica de la Ciudad de M\u00e9xico invit\u00f3 a la maestra Eunice Padilla a participar como solista invitada. Integrante del grupo La Fontegara, ella es m\u00fasico experto con maestr\u00eda en piano y clavec\u00edn y un doctorado en tecnolog\u00eda musical, adem\u00e1s de ser docente en la Facultad de M\u00fasica de la Universidad Nacional Aut\u00f3noma de M\u00e9xico (UNAM).<\/p>\n<p>Con este programa dedicado al barroco, la\u00a0<b>Orquesta Filarm\u00f3nica de la Ciudad de M\u00e9xico<\/b>\u00a0contin\u00faa su periplo por la capital del pa\u00eds el\u00a0<b>s\u00e1bado 8 de febrero<\/b>\u00a0a las 18:00 horas en el\u00a0<b>Templo de Santo Domingo<\/b>\u00a0del Centro Hist\u00f3rico y el\u00a0<b>domingo 9<\/b>\u00a0a las 12:30 en el\u00a0<b>Centro Cultural\u00a0<\/b><i><b>Roberto Cantoral<\/b><\/i>, en Coyoac\u00e1n.<\/p>\n<p>Para conocer m\u00e1s acerca de la Temporada 2020 de la OFCM, consulte la p\u00e1gina\u00a0<a id=\"LPlnk493740\" href=\"http:\/\/ofcm.cultura.cdmx.gob.mx\/\" target=\"_blank\" rel=\"noopener noreferrer\" data-auth=\"NotApplicable\">http:\/\/ofcm.cultura.cdmx.gob.mx\/<\/a><\/p>\n<\/div>\n<\/div>\n<\/div>\n<\/div>\n<p>[\/fusion_text][fusion_gallery layout=&#8221;&#8221; picture_size=&#8221;&#8221; columns=&#8221;&#8221; column_spacing=&#8221;10&#8243; gallery_masonry_grid_ratio=&#8221;&#8221; gallery_masonry_width_double=&#8221;&#8221; hover_type=&#8221;&#8221; lightbox=&#8221;yes&#8221; lightbox_content=&#8221;&#8221; bordersize=&#8221;&#8221; bordercolor=&#8221;&#8221; border_radius=&#8221;&#8221; hide_on_mobile=&#8221;small-visibility,medium-visibility,large-visibility&#8221; class=&#8221;&#8221; id=&#8221;&#8221;][fusion_gallery_image image=&#8221;https:\/\/www.bitacoracdmx.com\/wp-content\/uploads\/2020\/02\/200209_flyer.jpg&#8221; image_id=&#8221;32246|full&#8221; link=&#8221;&#8221; linktarget=&#8221;_self&#8221; \/][fusion_gallery_image image=&#8221;https:\/\/www.bitacoracdmx.com\/wp-content\/uploads\/2020\/02\/200208_flyer.jpg&#8221; image_id=&#8221;32247|full&#8221; link=&#8221;&#8221; linktarget=&#8221;_self&#8221; \/][\/fusion_gallery][\/fusion_builder_column][\/fusion_builder_row][\/fusion_builder_container]<\/p>\n","protected":false},"excerpt":{"rendered":"<p>[fusion_builder_container hundred_percent=&#8221;no&#8221; equal_height_columns=&#8221;no&#8221; menu_anchor=&#8221;&#8221; hide_on_mobile=&#8221;small-visibility,medium-visibility,large-visibility&#8221; class=&#8221;&#8221; id=&#8221;&#8221; background_color=&#8221;&#8221; background_image=&#8221;&#8221; background_position=&#8221;center center&#8221; background_repeat=&#8221;no-repeat&#8221; fade=&#8221;no&#8221; background_parallax=&#8221;none&#8221; parallax_speed=&#8221;0.3&#8243; video_mp4=&#8221;&#8221; video_webm=&#8221;&#8221; video_ogv=&#8221;&#8221; video_url=&#8221;&#8221; video_aspect_ratio=&#8221;16:9&#8243; video_loop=&#8221;yes&#8221; video_mute=&#8221;yes&#8221; overlay_color=&#8221;&#8221; video_preview_image=&#8221;&#8221; border_size=&#8221;&#8221; border_color=&#8221;&#8221; border_style=&#8221;solid&#8221; padding_top=&#8221;&#8221; padding_bottom=&#8221;&#8221; padding_left=&#8221;&#8221; padding_right=&#8221;&#8221;][fusion_builder_row][fusion_builder_column type=&#8221;1_1&#8243; layout=&#8221;1_1&#8243; background_position=&#8221;left top&#8221; background_color=&#8221;&#8221; border_size=&#8221;&#8221; border_color=&#8221;&#8221; border_style=&#8221;solid&#8221; border_position=&#8221;all&#8221; spacing=&#8221;yes&#8221; background_image=&#8221;&#8221; background_repeat=&#8221;no-repeat&#8221; padding_top=&#8221;&#8221; padding_right=&#8221;&#8221; padding_bottom=&#8221;&#8221; padding_left=&#8221;&#8221; margin_top=&#8221;0px&#8221; margin_bottom=&#8221;0px&#8221; class=&#8221;&#8221; id=&#8221;&#8221; animation_type=&#8221;&#8221; animation_speed=&#8221;0.3&#8243; animation_direction=&#8221;left&#8221; hide_on_mobile=&#8221;small-visibility,medium-visibility,large-visibility&#8221; center_content=&#8221;no&#8221; last=&#8221;no&#8221; min_height=&#8221;&#8221; hover_type=&#8221;none&#8221; link=&#8221;&#8221;][fusion_text] REDACCI\u00d3N Luego de su hist\u00f3rica visita al norte de la capital para iniciar los festejos por el 250 aniversario de natalicio de Ludwig van Beethoven, la\u00a0Orquesta Filarm\u00f3nica de la Ciudad de M\u00e9xico\u00a0(OFCM) contin\u00faa su\u00a0Temporada 2020\u00a0con sendos conciertos, esta vez en [&hellip;]<\/p>\n","protected":false},"author":1,"featured_media":32247,"comment_status":"open","ping_status":"open","sticky":false,"template":"","format":"standard","meta":{"footnotes":""},"categories":[9,11],"tags":[],"_links":{"self":[{"href":"https:\/\/www.bitacoracdmx.com\/index.php?rest_route=\/wp\/v2\/posts\/32245"}],"collection":[{"href":"https:\/\/www.bitacoracdmx.com\/index.php?rest_route=\/wp\/v2\/posts"}],"about":[{"href":"https:\/\/www.bitacoracdmx.com\/index.php?rest_route=\/wp\/v2\/types\/post"}],"author":[{"embeddable":true,"href":"https:\/\/www.bitacoracdmx.com\/index.php?rest_route=\/wp\/v2\/users\/1"}],"replies":[{"embeddable":true,"href":"https:\/\/www.bitacoracdmx.com\/index.php?rest_route=%2Fwp%2Fv2%2Fcomments&post=32245"}],"version-history":[{"count":1,"href":"https:\/\/www.bitacoracdmx.com\/index.php?rest_route=\/wp\/v2\/posts\/32245\/revisions"}],"predecessor-version":[{"id":32248,"href":"https:\/\/www.bitacoracdmx.com\/index.php?rest_route=\/wp\/v2\/posts\/32245\/revisions\/32248"}],"wp:featuredmedia":[{"embeddable":true,"href":"https:\/\/www.bitacoracdmx.com\/index.php?rest_route=\/wp\/v2\/media\/32247"}],"wp:attachment":[{"href":"https:\/\/www.bitacoracdmx.com\/index.php?rest_route=%2Fwp%2Fv2%2Fmedia&parent=32245"}],"wp:term":[{"taxonomy":"category","embeddable":true,"href":"https:\/\/www.bitacoracdmx.com\/index.php?rest_route=%2Fwp%2Fv2%2Fcategories&post=32245"},{"taxonomy":"post_tag","embeddable":true,"href":"https:\/\/www.bitacoracdmx.com\/index.php?rest_route=%2Fwp%2Fv2%2Ftags&post=32245"}],"curies":[{"name":"wp","href":"https:\/\/api.w.org\/{rel}","templated":true}]}}