{"id":32771,"date":"2020-03-02T23:55:07","date_gmt":"2020-03-02T23:55:07","guid":{"rendered":"https:\/\/www.bitacoracdmx.com\/?p=32771"},"modified":"2020-03-02T23:55:07","modified_gmt":"2020-03-02T23:55:07","slug":"mario-gutierrez-de-los-angeles-negros-recibe-doctorado-honoris-causa-por-la-unam","status":"publish","type":"post","link":"https:\/\/www.bitacoracdmx.com\/?p=32771","title":{"rendered":"MARIO GUTI\u00c9RREZ de los \u00c1NGELES NEGROS recibe doctorado HONORIS CAUSA por la UNAM"},"content":{"rendered":"<p>[fusion_builder_container hundred_percent=&#8221;no&#8221; equal_height_columns=&#8221;no&#8221; menu_anchor=&#8221;&#8221; hide_on_mobile=&#8221;small-visibility,medium-visibility,large-visibility&#8221; class=&#8221;&#8221; id=&#8221;&#8221; background_color=&#8221;&#8221; background_image=&#8221;&#8221; background_position=&#8221;center center&#8221; background_repeat=&#8221;no-repeat&#8221; fade=&#8221;no&#8221; background_parallax=&#8221;none&#8221; parallax_speed=&#8221;0.3&#8243; video_mp4=&#8221;&#8221; video_webm=&#8221;&#8221; video_ogv=&#8221;&#8221; video_url=&#8221;&#8221; video_aspect_ratio=&#8221;16:9&#8243; video_loop=&#8221;yes&#8221; video_mute=&#8221;yes&#8221; overlay_color=&#8221;&#8221; video_preview_image=&#8221;&#8221; border_size=&#8221;&#8221; border_color=&#8221;&#8221; border_style=&#8221;solid&#8221; padding_top=&#8221;&#8221; padding_bottom=&#8221;&#8221; padding_left=&#8221;&#8221; padding_right=&#8221;&#8221;][fusion_builder_row][fusion_builder_column type=&#8221;1_1&#8243; layout=&#8221;1_1&#8243; background_position=&#8221;left top&#8221; background_color=&#8221;&#8221; border_size=&#8221;&#8221; border_color=&#8221;&#8221; border_style=&#8221;solid&#8221; border_position=&#8221;all&#8221; spacing=&#8221;yes&#8221; background_image=&#8221;&#8221; background_repeat=&#8221;no-repeat&#8221; padding_top=&#8221;&#8221; padding_right=&#8221;&#8221; padding_bottom=&#8221;&#8221; padding_left=&#8221;&#8221; margin_top=&#8221;0px&#8221; margin_bottom=&#8221;0px&#8221; class=&#8221;&#8221; id=&#8221;&#8221; animation_type=&#8221;&#8221; animation_speed=&#8221;0.3&#8243; animation_direction=&#8221;left&#8221; hide_on_mobile=&#8221;small-visibility,medium-visibility,large-visibility&#8221; center_content=&#8221;no&#8221; last=&#8221;no&#8221; min_height=&#8221;&#8221; hover_type=&#8221;none&#8221; link=&#8221;&#8221;][fusion_text]<\/p>\n<p>REDACCI\u00d3N<\/p>\n<p>Galardonado con la m\u00e1xima distinci\u00f3n que se puede otorgar, el Director Art\u00edstico y fundador de la emblem\u00e1tica agrupaci\u00f3n chilena \u00c1ngeles Negros fu\u00e9 galardonado por la UNAM con el doctorado Honoris Causa que se la ha otorgado por una distinguida y limpia trayectoria de m\u00e1s de 50 a\u00f1os y que le ha llevado a ser influencia de generaciones completas en este pa\u00eds que la agrupaci\u00f3n ha abrazado como su segunda patria. Al evento se apersonaron como testigos de honor el embajador de Chile y el c\u00f3nsul de \u00e9se pa\u00eds, as\u00ed como el Presidente de la Comisi\u00f3n Internacional de Derechos Humanos y una decena de reporteros que presenciaron una investidura que fu\u00e9 ganada a pulso.<\/p>\n<p>El reconocimiento del m\u00e1ximo grado al que se puede aspirar y avalado por la universidad m\u00e1s importante de Latinoam\u00e9rica llega como consecuencia a la \u201cexcelencia profesional y destacado liderazgo a favor de la sociedad y la cultura mexicana\u201d que el galardonado ha mostrado en este pa\u00eds. Mario Guti\u00e9rrez recibir\u00e1 el premio en momentos donde el grupo llega a lo m\u00e1s alto nuevamente, pues su m\u00e1s reciente disco \u201cAntes que ustedes nos olviden\u201d figura en los primeros lugares de popularidad de ranking de todos los estados mexicanos, manteniendo vigencia a su popularidad y fama. Recientemente la Asociaci\u00f3n Mexicana de Productores y Fonogramas (Amprofon) certific\u00f3 que el grupo figura entre los Top 100 de ventas con su m\u00e1s reciente disco. Todo un orgullo para Mario Guti\u00e9rrez, fundador y director del conjunto.<\/p>\n<p>Considerados como una de las agrupaciones m\u00e1s hist\u00f3ricas y emblem\u00e1ticas del continente, Los \u00c1ngeles Negros lanzaron recientemente su nueva obra discogr\u00e1fica titulada \u201cAntes de que ustedes nos olviden\u201d, grabada en vivo en el Teatro Metrop\u00f3litan junto a grandes artistas invitados como Juan Solo, Daniel Guti\u00e9rrez (Gusana Ciega), el Mariachi Sinaloense, Germa\u00edn de la Fuente (miembro fundador de esta agrupaci\u00f3n), Hugo Manzi, entre otros, producto del show que ofrecieron festejando sus primeros 50 a\u00f1os de trayectoria musical, repleto de todos los grandes \u00e9xitos que los han encumbrado por cinco d\u00e9cadas y que han sabido trascender generaciones.<\/p>\n<p>Con un exitoso disco precedente como fu\u00e9 \u201cMemoria del Alma\u201d, que recibi\u00f3 excelentes cr\u00edticas, el grupo est\u00e1 preparado para llevar a su p\u00fablico a un recorrido musical plagado de todos los \u00e9xitos de la agrupaci\u00f3n de origen chileno que lleva con dignidad y en total plenitud 50 a\u00f1os recorriendo los escenarios de todo el planeta. El grupo naci\u00f3 en San Carlos Chile a finales de 1967 conformado por Mario Guti\u00e9rrez y sus compa\u00f1eros de curso: Cristian Blasser, Federico Blasser y Luis Alarc\u00f3n (QEPD). En el transcurso de los ensayos invitan a Germa\u00edn de la Fuente a integrarse como tecladista, al tiempo que durante dichos ensayos se dan cuenta de la gran calidad vocal de este \u00faltimo y lo incorporan como cantante.<\/p>\n<p>A ra\u00edz del abandono temprano de Luis Alarc\u00f3n, deciden la incorporaci\u00f3n de Sergio Rojas en el Bajo. Con esta primera formaci\u00f3n deciden participar en un concurso para nuevos valores art\u00edsticos musicales en la capital de la provincia de \u00d1uble, Chill\u00e1n. Este concurso fue patrocinado por sello Indis y Radio La Discusi\u00f3n. Obtienen el primer lugar y con ello ganaron la oportunidad de grabar su primer disco en 1968 donde aparece su primer \u00e9xito \u201cPorqu\u00e9 te Quiero\u201d.<\/p>\n<p>Para 1969 ya estaban en los primeros lugares de Chile y la disquera Odeon les llama para integrarse a sus filas y grabar un disco, contando para ello con seis temas que fueron registrados por Sergio Rojas (Bajo), Ren\u00e9 Torres (bater\u00eda), Jorge Villarroel (segunda guitarra), Mario Guti\u00e9rrez (1ra. Guitarra) y Germa\u00edn De La Fuente (Voz y teclados). Terminando esta primera grabaci\u00f3n y por motivos personales dejan el grupo Sergio, Ren\u00e9 y Jorge. Es as\u00ed como Jorge O\u00f1ate de EMI Ode\u00f3n Chilena decide terminar el primer Long Play y llama a tres m\u00fasicos sustitutos que fueron Nano Concha, Jorge Gonz\u00e1lez y Luis Ortiz (quienes ven\u00edan llegando de Canad\u00e1), que a petici\u00f3n de Mario y Germa\u00edn integrar\u00e1n la alineaci\u00f3n m\u00e1s estable y reconocida del grupo, cristalizando las ansias de obtener madurez en lo musical y \u00e9se sonido que result\u00f3 convertirse en su estilo inconfundible.<\/p>\n<p>El \u00e9xito de esta producci\u00f3n gener\u00f3 su primera gira internacional por Ecuador, Per\u00fa, Uruguay, Paraguay, Argentina. Con su nuevo disco \u201cY Volver\u00e9\u201d, contin\u00faa el\u00a0 \u00e9xito internacional por Bolivia, Colombia, Venezuela y parte de Brasil ya ubicados en los primeros lugares con \u00e9xitos como: Y Volver\u00e9, Muri\u00f3 la Flor, Mi Ni\u00f1a, Como quisiera decirte, Debut y Despedida, D\u00e9jenme si estoy llorando, A tu Recuerdo y un sinn\u00famero de \u00e9xitos en toda Am\u00e9rica. Luego se sumaron a la lista giras marat\u00f3nicas por Panam\u00e1, Costa Rica, El Salvador, Nicaragua, Honduras, Guatemala, Estados Unidos, Canad\u00e1, en el caribe, Puerto Rico, Rep\u00fablica Dominicana, Curacao, Aruba en las Antillas Holandesas y por \u00faltimo M\u00e9xico, su pa\u00eds de residencia desde 1982.<\/p>\n<p>La trascendencia de la m\u00fasica de Los \u00c1ngeles Negros provoc\u00f3 que sus \u00e9xitos hayan sido grabados por grandes artistas como Raphael, Jos\u00e9 Luis Rodr\u00edguez, Vicki Carr, Altemar Dutra, Mar\u00eda Marta Serra Lima, Los Panchos, Jos\u00e9 Jos\u00e9, Lucero, Celia Cruz, Los Tigres del Norte, Los Broncos, Edith M\u00e1rquez, Olga Guillot, Jorge Mu\u00f1iz, Carlos Lico, Alberto V\u00e1zquez, El Gran Silencio, Caf\u00e9 Tacuba, Banda Maguey, Los Tetas, Los Bunker\u00b4s, y un sinn\u00famero de otros importantes artistas latinos. En USA. Los Beastie Boy\u00b4s, Jay Z y Damian Marley, por dar algunos ejemplos.<\/p>\n<p>Millones de discos vendidos en toda Am\u00e9rica, y ya con 37 discos de larga duraci\u00f3n en el bolsillo, su historia ha servido para convertirse en documentales. Por sus 43 a\u00f1os, adem\u00e1s, en San Carlos, Chile, su tierra natal, les brinda un tributo bautizando una plaza con su nombre: Los \u00c1ngeles Negros.<\/p>\n<p>Angeles Negros es el ep\u00edteto de excelencia de un grupo incombustible que ha logrado alcanzar la madurez en plenitud y calidad con esta obra \u201cAntes de que ustedes nos olviden\u201d. Y ahora su director y fundador Mario Guti\u00e9rrez ostenta merecidamente el grado de doctorado \u201cHonoris Causa\u201d reconocido y avalado por la UNAM. Toda una proeza bien ganada por los a\u00f1os de esfuerzos ininterrumpidos que los mantiene a flote.<\/p>\n<p>[\/fusion_text][fusion_gallery layout=&#8221;&#8221; picture_size=&#8221;&#8221; columns=&#8221;&#8221; column_spacing=&#8221;10&#8243; gallery_masonry_grid_ratio=&#8221;&#8221; gallery_masonry_width_double=&#8221;&#8221; hover_type=&#8221;&#8221; lightbox=&#8221;yes&#8221; lightbox_content=&#8221;&#8221; bordersize=&#8221;&#8221; bordercolor=&#8221;&#8221; border_radius=&#8221;&#8221; hide_on_mobile=&#8221;small-visibility,medium-visibility,large-visibility&#8221; class=&#8221;&#8221; id=&#8221;&#8221;][fusion_gallery_image image=&#8221;https:\/\/www.bitacoracdmx.com\/wp-content\/uploads\/2020\/03\/ANGELES-NEGROS-2019-DISCO-EN-VIVO-FOTO6-2.jpg&#8221; image_id=&#8221;32772|full&#8221; link=&#8221;&#8221; linktarget=&#8221;_self&#8221; \/][fusion_gallery_image image=&#8221;https:\/\/www.bitacoracdmx.com\/wp-content\/uploads\/2020\/03\/Angeles-Negros-2018-Foto3-1.jpg&#8221; image_id=&#8221;32773|full&#8221; link=&#8221;&#8221; linktarget=&#8221;_self&#8221; \/][\/fusion_gallery][\/fusion_builder_column][\/fusion_builder_row][\/fusion_builder_container]<\/p>\n","protected":false},"excerpt":{"rendered":"<p>[fusion_builder_container hundred_percent=&#8221;no&#8221; equal_height_columns=&#8221;no&#8221; menu_anchor=&#8221;&#8221; hide_on_mobile=&#8221;small-visibility,medium-visibility,large-visibility&#8221; class=&#8221;&#8221; id=&#8221;&#8221; background_color=&#8221;&#8221; background_image=&#8221;&#8221; background_position=&#8221;center center&#8221; background_repeat=&#8221;no-repeat&#8221; fade=&#8221;no&#8221; background_parallax=&#8221;none&#8221; parallax_speed=&#8221;0.3&#8243; video_mp4=&#8221;&#8221; video_webm=&#8221;&#8221; video_ogv=&#8221;&#8221; video_url=&#8221;&#8221; video_aspect_ratio=&#8221;16:9&#8243; video_loop=&#8221;yes&#8221; video_mute=&#8221;yes&#8221; overlay_color=&#8221;&#8221; video_preview_image=&#8221;&#8221; border_size=&#8221;&#8221; border_color=&#8221;&#8221; border_style=&#8221;solid&#8221; padding_top=&#8221;&#8221; padding_bottom=&#8221;&#8221; padding_left=&#8221;&#8221; padding_right=&#8221;&#8221;][fusion_builder_row][fusion_builder_column type=&#8221;1_1&#8243; layout=&#8221;1_1&#8243; background_position=&#8221;left top&#8221; background_color=&#8221;&#8221; border_size=&#8221;&#8221; border_color=&#8221;&#8221; border_style=&#8221;solid&#8221; border_position=&#8221;all&#8221; spacing=&#8221;yes&#8221; background_image=&#8221;&#8221; background_repeat=&#8221;no-repeat&#8221; padding_top=&#8221;&#8221; padding_right=&#8221;&#8221; padding_bottom=&#8221;&#8221; padding_left=&#8221;&#8221; margin_top=&#8221;0px&#8221; margin_bottom=&#8221;0px&#8221; class=&#8221;&#8221; id=&#8221;&#8221; animation_type=&#8221;&#8221; animation_speed=&#8221;0.3&#8243; animation_direction=&#8221;left&#8221; hide_on_mobile=&#8221;small-visibility,medium-visibility,large-visibility&#8221; center_content=&#8221;no&#8221; last=&#8221;no&#8221; min_height=&#8221;&#8221; hover_type=&#8221;none&#8221; link=&#8221;&#8221;][fusion_text] REDACCI\u00d3N Galardonado con la m\u00e1xima distinci\u00f3n que se puede otorgar, el Director Art\u00edstico y fundador de la emblem\u00e1tica agrupaci\u00f3n chilena \u00c1ngeles Negros fu\u00e9 galardonado por la UNAM con el doctorado Honoris Causa que se la ha otorgado por una distinguida [&hellip;]<\/p>\n","protected":false},"author":1,"featured_media":32773,"comment_status":"open","ping_status":"open","sticky":false,"template":"","format":"standard","meta":{"footnotes":""},"categories":[9,11],"tags":[],"_links":{"self":[{"href":"https:\/\/www.bitacoracdmx.com\/index.php?rest_route=\/wp\/v2\/posts\/32771"}],"collection":[{"href":"https:\/\/www.bitacoracdmx.com\/index.php?rest_route=\/wp\/v2\/posts"}],"about":[{"href":"https:\/\/www.bitacoracdmx.com\/index.php?rest_route=\/wp\/v2\/types\/post"}],"author":[{"embeddable":true,"href":"https:\/\/www.bitacoracdmx.com\/index.php?rest_route=\/wp\/v2\/users\/1"}],"replies":[{"embeddable":true,"href":"https:\/\/www.bitacoracdmx.com\/index.php?rest_route=%2Fwp%2Fv2%2Fcomments&post=32771"}],"version-history":[{"count":1,"href":"https:\/\/www.bitacoracdmx.com\/index.php?rest_route=\/wp\/v2\/posts\/32771\/revisions"}],"predecessor-version":[{"id":32774,"href":"https:\/\/www.bitacoracdmx.com\/index.php?rest_route=\/wp\/v2\/posts\/32771\/revisions\/32774"}],"wp:featuredmedia":[{"embeddable":true,"href":"https:\/\/www.bitacoracdmx.com\/index.php?rest_route=\/wp\/v2\/media\/32773"}],"wp:attachment":[{"href":"https:\/\/www.bitacoracdmx.com\/index.php?rest_route=%2Fwp%2Fv2%2Fmedia&parent=32771"}],"wp:term":[{"taxonomy":"category","embeddable":true,"href":"https:\/\/www.bitacoracdmx.com\/index.php?rest_route=%2Fwp%2Fv2%2Fcategories&post=32771"},{"taxonomy":"post_tag","embeddable":true,"href":"https:\/\/www.bitacoracdmx.com\/index.php?rest_route=%2Fwp%2Fv2%2Ftags&post=32771"}],"curies":[{"name":"wp","href":"https:\/\/api.w.org\/{rel}","templated":true}]}}