{"id":32793,"date":"2020-03-03T00:39:36","date_gmt":"2020-03-03T00:39:36","guid":{"rendered":"https:\/\/www.bitacoracdmx.com\/?p=32793"},"modified":"2020-03-03T00:39:36","modified_gmt":"2020-03-03T00:39:36","slug":"corazon-de-mexico-concluye-con-899803-visitantes","status":"publish","type":"post","link":"https:\/\/www.bitacoracdmx.com\/?p=32793","title":{"rendered":"\u00a1Coraz\u00f3n de M\u00e9xico concluye con 899,803 visitantes!"},"content":{"rendered":"<p>[fusion_builder_container hundred_percent=&#8221;no&#8221; equal_height_columns=&#8221;no&#8221; menu_anchor=&#8221;&#8221; hide_on_mobile=&#8221;small-visibility,medium-visibility,large-visibility&#8221; class=&#8221;&#8221; id=&#8221;&#8221; background_color=&#8221;&#8221; background_image=&#8221;&#8221; background_position=&#8221;center center&#8221; background_repeat=&#8221;no-repeat&#8221; fade=&#8221;no&#8221; background_parallax=&#8221;none&#8221; parallax_speed=&#8221;0.3&#8243; video_mp4=&#8221;&#8221; video_webm=&#8221;&#8221; video_ogv=&#8221;&#8221; video_url=&#8221;&#8221; video_aspect_ratio=&#8221;16:9&#8243; video_loop=&#8221;yes&#8221; video_mute=&#8221;yes&#8221; overlay_color=&#8221;&#8221; video_preview_image=&#8221;&#8221; border_size=&#8221;&#8221; border_color=&#8221;&#8221; border_style=&#8221;solid&#8221; padding_top=&#8221;&#8221; padding_bottom=&#8221;&#8221; padding_left=&#8221;&#8221; padding_right=&#8221;&#8221;][fusion_builder_row][fusion_builder_column type=&#8221;1_1&#8243; layout=&#8221;1_1&#8243; background_position=&#8221;left top&#8221; background_color=&#8221;&#8221; border_size=&#8221;&#8221; border_color=&#8221;&#8221; border_style=&#8221;solid&#8221; border_position=&#8221;all&#8221; spacing=&#8221;yes&#8221; background_image=&#8221;&#8221; background_repeat=&#8221;no-repeat&#8221; padding_top=&#8221;&#8221; padding_right=&#8221;&#8221; padding_bottom=&#8221;&#8221; padding_left=&#8221;&#8221; margin_top=&#8221;0px&#8221; margin_bottom=&#8221;0px&#8221; class=&#8221;&#8221; id=&#8221;&#8221; animation_type=&#8221;&#8221; animation_speed=&#8221;0.3&#8243; animation_direction=&#8221;left&#8221; hide_on_mobile=&#8221;small-visibility,medium-visibility,large-visibility&#8221; center_content=&#8221;no&#8221; last=&#8221;no&#8221; min_height=&#8221;&#8221; hover_type=&#8221;none&#8221; link=&#8221;&#8221;][fusion_text]<\/p>\n<p>REDACCI\u00d3N<\/p>\n<p>Con la participaci\u00f3n de 31 estados del pa\u00eds y 899,803 visitantes durante 9 d\u00edas, concluy\u00f3 la la feria tur\u00edstica Coraz\u00f3n de M\u00e9xico 2020, que el Gobierno de la Ciudad de M\u00e9xico, que preside la Dra. Claudia Sheinbaum Pardo, present\u00f3 como parte de la oferta tur\u00edstica de la Capital Cultural de Am\u00e9rica, a trav\u00e9s del Fondo Mixto de Promoci\u00f3n Tur\u00edstica CDMX y Ac\u00e9rcate al Centro .<\/p>\n<p>Como se\u00f1al\u00f3 la titular del FMPT, Paola F\u00e9lix D\u00edaz, \u201cFue una fiesta multicolor, crisol de la cultura, artesan\u00eda, tradici\u00f3n y gastronom\u00eda de los diferentes rincones que conforman la identidad de M\u00e9xico y no pod\u00eda tener mejor escenario que el Z\u00f3calo, coraz\u00f3n de la capital y del pa\u00eds\u201d. Escenario en el que se presentaron 150 espect\u00e1culos que incluyeron desde clases de cocina con los mejores chefs del pa\u00eds, actividades culturales y recreativas organizadas por los Museos CDMX, as\u00ed como variados espect\u00e1culos musicales, de danza y hasta de lucha libre.<\/p>\n<p>Del variado programa de actividades, destacaron: el concierto inaugural a cargo de la Orquesta Sinf\u00f3nica &#8220;Jos\u00e9 Vasconcelos&#8221; de la Secretar\u00eda de Educaci\u00f3n P\u00fablica; una demostraci\u00f3n del juego de pelota prehisp\u00e1nico y la exhibici\u00f3n realizada por las reinas del Carnaval de Mazatl\u00e1n y la Reina del Cacao de Tabasco. Adem\u00e1s, la Marimba chiapaneca y los Chilillos de Comalcalco, integrada por ni\u00f1os de ese municipio de Tabasco, que interpretaron una serie de piezas de la regi\u00f3n del sureste. Uno de los conciertos m\u00e1s emotivos fue el del Coro de la Sociedad Internacional de Valores de Arte Mexicano (SIVAM) que engalan\u00f3 con sus voces la Plaza de la Constituci\u00f3n, al interpretar temas cl\u00e1sicos de la m\u00fasica popular mexicana como \u201cMi ciudad\u201d, de Eduardo Salas y Guadalupe Trigo; \u201cM\u00e9xico\u201d, escrita por la fundadora de la SIVAM, Pepita Serrano; y el poema \u201cTe quiero\u201d, del uruguayo Mario Benedetti, entre otros temas.<\/p>\n<p>Desde Sinaloa lleg\u00f3 la Sinf\u00f3nica de esa entidad y los Tlahualiles de Sahuayo Michoac\u00e1n, as\u00ed como el concierto de la Orquesta Filarm\u00f3nica Mexiquense dirigida por Gabriela D\u00edaz Alatriste y la Compa\u00f1\u00eda de Danza del Estado de M\u00e9xico que\u00a0 realizaron impresionantes demostraciones de arte que fueron ovacionadas por la concurrencia.<\/p>\n<p>El cierre fue espectacular la noche del domingo con una exhibici\u00f3n de la ancestral fiesta de la Guelaguetza, un espect\u00e1culo de gran diversidad en colorido y majestuosidad de tradici\u00f3n, que se hizo presente en el escenario principal con alrededor de 40 bailarines y 10 m\u00fasicos, quienes realizaron bailes folcl\u00f3ricos de la<br \/>\nregi\u00f3n para compartir la belleza de la m\u00e1xima fiesta oaxaque\u00f1a.<\/p>\n<p>Por su parte, el estado de Guanajuato despidi\u00f3 la feria con m\u00e1s de 80 talentosos artistas con la presentaci\u00f3n del Mariachi Sinf\u00f3nico y la Orquesta Sinf\u00f3nica Juvenil \u201cSilvestre Revueltas\u201d, del Conservatorio de M\u00fasica de Celaya, dirigida por Jes\u00fas Almanza, un espect\u00e1culo inigualable.<\/p>\n<p>Durante la clausura de Coraz\u00f3n de M\u00e9xico, la Lucha Libre, deporte \u00edcono de la #CapitalCultural de Am\u00e9rica, present\u00f3 una gran funci\u00f3n donde diversos gladiadores del Consejo Mundial de Lucha Libre, surcaron los aires y realizaron sus mejores movimientos ante el asombro y estupefacci\u00f3n de chicos y grandes.<\/p>\n<p>En el espacio de la Cocina Monumental los asistentes conocieron de primera mano los secretos de los grandes chefs de la gastronom\u00eda mexicana, catalogada como Patrimonio Intangible de la Humanidad por la UNESCO. Fueron impartidas clases magistrales de cocina y se ofrecieron 10,000 degustaciones entre los asistentes, por parte de reconocidos chefs como Gabriela Ruiz, nombrada mejor chef de M\u00e9xico 2019, Ram\u00f3n Torres, Lucila S\u00e1nchez, Azucena Triana, Nicol\u00e1s Mart\u00edn del Campo, Ixachi Cravioto y la prestigiada Lula Mart\u00edn del Campo, que junto a cocineras tradicionales de todo el pa\u00eds elaboraron deliciosos platillos, fusi\u00f3n de la cocina de firma y tradicional.<\/p>\n<p>Tambi\u00e9n destac\u00f3 la magistral cocina que present\u00f3 la C\u00e1mara Restaurantera (Canirac) de Quintana Roo y la degustaci\u00f3n de ensalada C\u00e9sar con vinos del Valle de Guadalupe que present\u00f3 Baja California, La Ciudad de M\u00e9xico tambi\u00e9n demostr\u00f3 lo mucho que la cocina local tiene por ofrecer y junto a Marven, mejor conocida como \u201cLady tacos de canasta\u201d, ofreci\u00f3 los naturales y deliciosos productos cultivados en las zonas chinamperas de las alcald\u00edas Tl\u00e1huac y Xochimilco.<\/p>\n<p>En la Gran Pir\u00e1mide que se instal\u00f3 en el Z\u00f3calo para rememorar nuestras ra\u00edces prehisp\u00e1nicas, se concentraron casi 20 museos del Centro Hist\u00f3rico y de la Ciudad de M\u00e9xico: Nacional de Arte, Franz Mayer, del Templo Mayor, Mural Diego Rivera, Palacio de las Bellas Artes, Interactivo de Econom\u00eda, de Arte Popular, del Estanquillo, y Memoria y Tolerancia. Todos ellos abandonaron sus recintos para ofrecer exhibiciones, talleres, conferencias y visitas guiadas de manera gratuita, permitiendo a los asistentes conocer la vasta oferta muse\u00edstica y cultural de la CDMX.<\/p>\n<p>La pir\u00e1mide, que fue el rinc\u00f3n cultural de Coraz\u00f3n de M\u00e9xico, recibi\u00f3 alrededor de 30 mil visitantes que participaron de los talleres de pintura y grabado. Asimismo, el p\u00fablico pudo acceder a funciones de cine gratuitas, con la participaci\u00f3n de los Festivales Internacionales de Cine de Morelia y de Los Cabos. Destac\u00f3 el filme \u201cLl\u00e9vate mis amores\u201d que toca el tema de la migraci\u00f3n y cont\u00f3 con la asistencia de las llamadas Patronas, mujeres que apoyan con alimentos a los migrantes que cruzan la regi\u00f3n, mientras que el Festival Internacional de Cine de Morelia present\u00f3 los cortometrajes ganadores de menci\u00f3n honor\u00edfica en su \u00faltima edici\u00f3n.<\/p>\n<p>Uno de los performances que tuvo mayor \u00e9xito fue la \u201cFantas\u00eda Muxe\u201d, que presentaron artistas que se reconocen como mujeres e identifica a la regi\u00f3n oaxaque\u00f1a de Juchit\u00e1n, quienes llegaron con sus espectaculares vestidos de<br \/>\ntehuanas desfilando por la calle de Madero, para acceder al Z\u00f3calo en uno de los espect\u00e1culos m\u00e1s exitosos del festival y que lo convierte en una fiesta de la diversidad e inclusi\u00f3n.<\/p>\n<p>Y qu\u00e9 decir de la Tarde de Pachucos y Danz\u00f3n que present\u00f3 el emblem\u00e1tico Sal\u00f3n Los \u00c1ngeles de nuestra CDMX y la interpretaci\u00f3n de Olga Mar\u00eda Touzet, hija de la legendaria Olga Guillot, que engalanaron el escenario de Coraz\u00f3n de M\u00e9xico.<\/p>\n<p>Por \u00faltimo, cabe destacar la Gran Serpiente, una instalaci\u00f3n monumental que rode\u00f3 al Z\u00f3calo y fungi\u00f3 como polo de impulso econ\u00f3mico para mil artesanos y productores de todo M\u00e9xico, en lo que fue el primer gran evento que impulsa el Fondo Mixto de Promoci\u00f3n Tur\u00edstica de la CDMX.<\/p>\n<p>[\/fusion_text][fusion_gallery layout=&#8221;&#8221; picture_size=&#8221;&#8221; columns=&#8221;&#8221; column_spacing=&#8221;10&#8243; gallery_masonry_grid_ratio=&#8221;&#8221; gallery_masonry_width_double=&#8221;&#8221; hover_type=&#8221;&#8221; lightbox=&#8221;yes&#8221; lightbox_content=&#8221;&#8221; bordersize=&#8221;&#8221; bordercolor=&#8221;&#8221; border_radius=&#8221;&#8221; hide_on_mobile=&#8221;small-visibility,medium-visibility,large-visibility&#8221; class=&#8221;&#8221; id=&#8221;&#8221;][fusion_gallery_image image=&#8221;https:\/\/www.bitacoracdmx.com\/wp-content\/uploads\/2020\/03\/CZ-de-MX-cierre-9.jpeg&#8221; image_id=&#8221;32794|full&#8221; link=&#8221;&#8221; linktarget=&#8221;_self&#8221; \/][fusion_gallery_image image=&#8221;https:\/\/www.bitacoracdmx.com\/wp-content\/uploads\/2020\/03\/CZ-de-MX-cierre-8.jpeg&#8221; image_id=&#8221;32795|full&#8221; link=&#8221;&#8221; linktarget=&#8221;_self&#8221; \/][fusion_gallery_image image=&#8221;https:\/\/www.bitacoracdmx.com\/wp-content\/uploads\/2020\/03\/CZ-de-MX-cierre-7.jpeg&#8221; image_id=&#8221;32796|full&#8221; link=&#8221;&#8221; linktarget=&#8221;_self&#8221; \/][fusion_gallery_image image=&#8221;https:\/\/www.bitacoracdmx.com\/wp-content\/uploads\/2020\/03\/CZ-de-MX-cierre-3.jpg&#8221; image_id=&#8221;32797|full&#8221; link=&#8221;&#8221; linktarget=&#8221;_self&#8221; \/][fusion_gallery_image image=&#8221;https:\/\/www.bitacoracdmx.com\/wp-content\/uploads\/2020\/03\/CZ-de-MX-cierre-4.jpg&#8221; image_id=&#8221;32798|full&#8221; link=&#8221;&#8221; linktarget=&#8221;_self&#8221; \/][fusion_gallery_image image=&#8221;https:\/\/www.bitacoracdmx.com\/wp-content\/uploads\/2020\/03\/CZ-de-MX-cierre-6.jpg&#8221; image_id=&#8221;32799|full&#8221; link=&#8221;&#8221; linktarget=&#8221;_self&#8221; \/][fusion_gallery_image image=&#8221;https:\/\/www.bitacoracdmx.com\/wp-content\/uploads\/2020\/03\/CZ-de-MX-cierre-5-.jpg&#8221; image_id=&#8221;32800|full&#8221; link=&#8221;&#8221; linktarget=&#8221;_self&#8221; \/][fusion_gallery_image image=&#8221;https:\/\/www.bitacoracdmx.com\/wp-content\/uploads\/2020\/03\/CZ-de-MX-cierre-2.jpg&#8221; image_id=&#8221;32801|full&#8221; link=&#8221;&#8221; linktarget=&#8221;_self&#8221; \/][fusion_gallery_image image=&#8221;https:\/\/www.bitacoracdmx.com\/wp-content\/uploads\/2020\/03\/CZ-de-MX-cierre.jpg&#8221; image_id=&#8221;32802|full&#8221; link=&#8221;&#8221; linktarget=&#8221;_self&#8221; \/][\/fusion_gallery][\/fusion_builder_column][\/fusion_builder_row][\/fusion_builder_container]<\/p>\n","protected":false},"excerpt":{"rendered":"<p>[fusion_builder_container hundred_percent=&#8221;no&#8221; equal_height_columns=&#8221;no&#8221; menu_anchor=&#8221;&#8221; hide_on_mobile=&#8221;small-visibility,medium-visibility,large-visibility&#8221; class=&#8221;&#8221; id=&#8221;&#8221; background_color=&#8221;&#8221; background_image=&#8221;&#8221; background_position=&#8221;center center&#8221; background_repeat=&#8221;no-repeat&#8221; fade=&#8221;no&#8221; background_parallax=&#8221;none&#8221; parallax_speed=&#8221;0.3&#8243; video_mp4=&#8221;&#8221; video_webm=&#8221;&#8221; video_ogv=&#8221;&#8221; video_url=&#8221;&#8221; video_aspect_ratio=&#8221;16:9&#8243; video_loop=&#8221;yes&#8221; video_mute=&#8221;yes&#8221; overlay_color=&#8221;&#8221; video_preview_image=&#8221;&#8221; border_size=&#8221;&#8221; border_color=&#8221;&#8221; border_style=&#8221;solid&#8221; padding_top=&#8221;&#8221; padding_bottom=&#8221;&#8221; padding_left=&#8221;&#8221; padding_right=&#8221;&#8221;][fusion_builder_row][fusion_builder_column type=&#8221;1_1&#8243; layout=&#8221;1_1&#8243; background_position=&#8221;left top&#8221; background_color=&#8221;&#8221; border_size=&#8221;&#8221; border_color=&#8221;&#8221; border_style=&#8221;solid&#8221; border_position=&#8221;all&#8221; spacing=&#8221;yes&#8221; background_image=&#8221;&#8221; background_repeat=&#8221;no-repeat&#8221; padding_top=&#8221;&#8221; padding_right=&#8221;&#8221; padding_bottom=&#8221;&#8221; padding_left=&#8221;&#8221; margin_top=&#8221;0px&#8221; margin_bottom=&#8221;0px&#8221; class=&#8221;&#8221; id=&#8221;&#8221; animation_type=&#8221;&#8221; animation_speed=&#8221;0.3&#8243; animation_direction=&#8221;left&#8221; hide_on_mobile=&#8221;small-visibility,medium-visibility,large-visibility&#8221; center_content=&#8221;no&#8221; last=&#8221;no&#8221; min_height=&#8221;&#8221; hover_type=&#8221;none&#8221; link=&#8221;&#8221;][fusion_text] REDACCI\u00d3N Con la participaci\u00f3n de 31 estados del pa\u00eds y 899,803 visitantes durante 9 d\u00edas, concluy\u00f3 la la feria tur\u00edstica Coraz\u00f3n de M\u00e9xico 2020, que el Gobierno de la Ciudad de M\u00e9xico, que preside la Dra. Claudia Sheinbaum Pardo, present\u00f3 [&hellip;]<\/p>\n","protected":false},"author":1,"featured_media":32801,"comment_status":"open","ping_status":"open","sticky":false,"template":"","format":"standard","meta":{"footnotes":""},"categories":[5,9,16],"tags":[],"_links":{"self":[{"href":"https:\/\/www.bitacoracdmx.com\/index.php?rest_route=\/wp\/v2\/posts\/32793"}],"collection":[{"href":"https:\/\/www.bitacoracdmx.com\/index.php?rest_route=\/wp\/v2\/posts"}],"about":[{"href":"https:\/\/www.bitacoracdmx.com\/index.php?rest_route=\/wp\/v2\/types\/post"}],"author":[{"embeddable":true,"href":"https:\/\/www.bitacoracdmx.com\/index.php?rest_route=\/wp\/v2\/users\/1"}],"replies":[{"embeddable":true,"href":"https:\/\/www.bitacoracdmx.com\/index.php?rest_route=%2Fwp%2Fv2%2Fcomments&post=32793"}],"version-history":[{"count":1,"href":"https:\/\/www.bitacoracdmx.com\/index.php?rest_route=\/wp\/v2\/posts\/32793\/revisions"}],"predecessor-version":[{"id":32803,"href":"https:\/\/www.bitacoracdmx.com\/index.php?rest_route=\/wp\/v2\/posts\/32793\/revisions\/32803"}],"wp:featuredmedia":[{"embeddable":true,"href":"https:\/\/www.bitacoracdmx.com\/index.php?rest_route=\/wp\/v2\/media\/32801"}],"wp:attachment":[{"href":"https:\/\/www.bitacoracdmx.com\/index.php?rest_route=%2Fwp%2Fv2%2Fmedia&parent=32793"}],"wp:term":[{"taxonomy":"category","embeddable":true,"href":"https:\/\/www.bitacoracdmx.com\/index.php?rest_route=%2Fwp%2Fv2%2Fcategories&post=32793"},{"taxonomy":"post_tag","embeddable":true,"href":"https:\/\/www.bitacoracdmx.com\/index.php?rest_route=%2Fwp%2Fv2%2Ftags&post=32793"}],"curies":[{"name":"wp","href":"https:\/\/api.w.org\/{rel}","templated":true}]}}