{"id":32804,"date":"2020-03-03T00:44:31","date_gmt":"2020-03-03T00:44:31","guid":{"rendered":"https:\/\/www.bitacoracdmx.com\/?p=32804"},"modified":"2020-03-03T00:44:31","modified_gmt":"2020-03-03T00:44:31","slug":"sergio-gastelum-comprometido-con-el-club-con-la-aficion-y-va-por-la-mision-17","status":"publish","type":"post","link":"https:\/\/www.bitacoracdmx.com\/?p=32804","title":{"rendered":"SERGIO GAST\u00c9LUM comprometido con el club, con la afici\u00f3n y va por la misi\u00f3n 17"},"content":{"rendered":"<p>[fusion_builder_container hundred_percent=&#8221;no&#8221; equal_height_columns=&#8221;no&#8221; menu_anchor=&#8221;&#8221; hide_on_mobile=&#8221;small-visibility,medium-visibility,large-visibility&#8221; class=&#8221;&#8221; id=&#8221;&#8221; background_color=&#8221;&#8221; background_image=&#8221;&#8221; background_position=&#8221;center center&#8221; background_repeat=&#8221;no-repeat&#8221; fade=&#8221;no&#8221; background_parallax=&#8221;none&#8221; parallax_speed=&#8221;0.3&#8243; video_mp4=&#8221;&#8221; video_webm=&#8221;&#8221; video_ogv=&#8221;&#8221; video_url=&#8221;&#8221; video_aspect_ratio=&#8221;16:9&#8243; video_loop=&#8221;yes&#8221; video_mute=&#8221;yes&#8221; overlay_color=&#8221;&#8221; video_preview_image=&#8221;&#8221; border_size=&#8221;&#8221; border_color=&#8221;&#8221; border_style=&#8221;solid&#8221; padding_top=&#8221;&#8221; padding_bottom=&#8221;&#8221; padding_left=&#8221;&#8221; padding_right=&#8221;&#8221;][fusion_builder_row][fusion_builder_column type=&#8221;1_1&#8243; layout=&#8221;1_1&#8243; background_position=&#8221;left top&#8221; background_color=&#8221;&#8221; border_size=&#8221;&#8221; border_color=&#8221;&#8221; border_style=&#8221;solid&#8221; border_position=&#8221;all&#8221; spacing=&#8221;yes&#8221; background_image=&#8221;&#8221; background_repeat=&#8221;no-repeat&#8221; padding_top=&#8221;&#8221; padding_right=&#8221;&#8221; padding_bottom=&#8221;&#8221; padding_left=&#8221;&#8221; margin_top=&#8221;0px&#8221; margin_bottom=&#8221;0px&#8221; class=&#8221;&#8221; id=&#8221;&#8221; animation_type=&#8221;&#8221; animation_speed=&#8221;0.3&#8243; animation_direction=&#8221;left&#8221; hide_on_mobile=&#8221;small-visibility,medium-visibility,large-visibility&#8221; center_content=&#8221;no&#8221; last=&#8221;no&#8221; min_height=&#8221;&#8221; hover_type=&#8221;none&#8221; link=&#8221;&#8221;][fusion_text]<\/p>\n<p>REDACCI\u00d3N<\/p>\n<p class=\"x_MsoNormal\">\u00a0A tres d\u00edas de que los integrantes de los Diablos Rojos se presenten en la Academia de Beisbol Alfredo Harp Hel\u00fa para iniciar la pretemporada, el manager escarlata Sergio Gast\u00e9lum, se siente listo para iniciar su primera campa\u00f1a al frente del M\u00e9xico.<\/p>\n<p class=\"x_MsoNormal\">Le preguntamos a Sergio Gast\u00e9lum \u00bfC\u00f3mo te sientes a unos d\u00edas de iniciar la pretemporada con los Diablos y cu\u00e1l es tu compromiso con el M\u00e9xico? \u201cMe siento muy emocionado, me siento ya listo de arrancar ya la pretemporada con los Diablos Rojos, ya tenemos un mes aproximadamente trabajando con el cuerpo t\u00e9cnico para la preparaci\u00f3n que tengan listos el plan de trabajo, la programaci\u00f3n de estas semanas que vamos a tener de preparaci\u00f3n. El compromiso es muy grande, ser el responsable de los Diablos Rojos es un equipo de mucha tradici\u00f3n, estamos buscando ser la misi\u00f3n 17, voy a preparar al equipo al m\u00e1ximo para que est\u00e9n en \u00f3ptimas condiciones para competir, va a ser una temporada especial para m\u00ed, estoy comprometido y convencido que dar\u00e9 esa satisfacci\u00f3n tanto al club como a la afici\u00f3n y estoy listo para dar esa misi\u00f3n\u201d.<\/p>\n<p class=\"x_MsoNormal\">\u00bfDirigir a los Diablos ser\u00e1 m\u00e1s complicado que manejar otros equipos? Esta fue la respuesta del Sergio, \u201cSin duda, creo que el estar puesto con el uniforme rojo es mucha mayor presi\u00f3n, creo que el reflector en la Ciudad de M\u00e9xico todo M\u00e9xico est\u00e1 pendiente de lo que haga Diablos, es algo con m\u00e1s responsabilidad, es algo \u00fanico estar al frente de Diablos, eso me emociona, estoy convencido de que traigo los colores en el coraz\u00f3n, se lo que implica ganar un campeonato, se lo que tenemos que hacer para lograrlo y voy a poner a los muchachos a que jueguen de manera espectacular como saben hacerlo los Diablos Rojos\u201d.<\/p>\n<p class=\"x_MsoNormal\">Despu\u00e9s de ver los movimientos que ha hecho la directiva, \u00bfC\u00f3mo definir\u00eda Sergio Gast\u00e9lum al equipo qu\u00e9 va a tener para el inicio de la temporada? \u201cEs un equipo bastante balanceado, lo he estado analizando, va a ser un equipo que va a correr mucho, es un equipo que tiene mucha versatilidad que me da las herramientas a mi como manager para poder hacer de diferentes maneras carreras, voy a tener en la parte media solida que va a poder conectar cuadrangulares y que va a poder producir, y en la parte inicial del line up y en la parte final del line up, es un line up que siempre va a estar siempre en las bases, es un lineup que va alcanzar muchas bases extra corriendo y eso me da la pauta a mi para hacer mi tipo de juego\u201d.<\/p>\n<p class=\"x_MsoNormal\">\u00bfQu\u00e9 jugador o jugadores te faltan a los Diablos para redondear el roster? \u201cCon lo que la directiva me est\u00e1 brindando en el roster, creo que es m\u00e1s que suficiente para competir este a\u00f1o, l\u00f3gicamente que ya una vez iniciada la temporada puede haber modificaciones, uno se prepara para ver a los jugadores pero a veces no resulta lo que uno espera de ellos, esperemos que este a\u00f1o no sea la excepci\u00f3n que la gente que ya est\u00e1 en nuestro roster iniciemos y tratemos de terminar con el mismo equipo, puede haber una variante, te comento que con lo que tenemos me siento muy tranquilo, son capaces de hacer el trabajo y esperemos que ya iniciada la temporada no se presente ning\u00fan contratiempo \u201d.<\/p>\n<p class=\"x_MsoNormal\">\u00bfQu\u00e9 opina Sergio Gast\u00e9lum de la nueva regla sobre los relevistas de que m\u00ednimo deban enfrentar a tres bateadores? \u201cCreo que todos vamos a cambiar la forma de trabajar el bullpen, se acabaron los situacionales, todos tienen que prepararse para lanzar la entrada completa y creo que va a ser ben\u00e9fico para nuestra liga, va agilizar m\u00e1s los juegos, nuestros pitchers tienen la capacidad de lanzar las entradas completas, simplemente uno se va m\u00e1s por la estrategia y tambi\u00e9n por la informaci\u00f3n en sabermetria de cuando cambiar un pitcher, para m\u00ed, \u00a0yo lo veo muy bien, va agilizar mucho de los encuentros y vamos a necesitar menos pitchers \u00a0eso es lo que yo veo\u201d.<\/p>\n<p class=\"x_MsoNormal\">Este es el mensaje de Sergio Gast\u00e9lum para la afici\u00f3n escarlata, \u201cReciban un gran saludo de Sergio Omar Gast\u00e9lum manager de los Diablos Rojos, estoy comprometido, s\u00e9 de las exigencias que tiene la afici\u00f3n, s\u00e9 que es una afici\u00f3n conocedora, s\u00e9 que es una afici\u00f3n sedienta de un campeonato m\u00e1s, cr\u00e9anme que este a\u00f1o va a ser una a\u00f1o productivo, positivo y que va a dar grandes satisfacciones, siempre voy a velar por el que se vayan a descansar con un buen sabor a casa d\u00eda a d\u00eda, que vayan a ver ganar muchos juegos a sus Diablos Rojos y este a\u00f1o va a ser un a\u00f1o prometedor, vamos por la misi\u00f3n 17, saludos afici\u00f3n\u201d.<\/p>\n<p>[\/fusion_text][fusion_gallery layout=&#8221;&#8221; picture_size=&#8221;&#8221; columns=&#8221;&#8221; column_spacing=&#8221;10&#8243; gallery_masonry_grid_ratio=&#8221;&#8221; gallery_masonry_width_double=&#8221;&#8221; hover_type=&#8221;&#8221; lightbox=&#8221;yes&#8221; lightbox_content=&#8221;&#8221; bordersize=&#8221;&#8221; bordercolor=&#8221;&#8221; border_radius=&#8221;&#8221; hide_on_mobile=&#8221;small-visibility,medium-visibility,large-visibility&#8221; class=&#8221;&#8221; id=&#8221;&#8221;][fusion_gallery_image image=&#8221;https:\/\/www.bitacoracdmx.com\/wp-content\/uploads\/2020\/03\/SERGIO-GASTELUM-6.jpg&#8221; image_id=&#8221;32805|full&#8221; link=&#8221;&#8221; linktarget=&#8221;_self&#8221; \/][fusion_gallery_image image=&#8221;https:\/\/www.bitacoracdmx.com\/wp-content\/uploads\/2020\/03\/SERGIO-GASTELUM-1.jpg&#8221; image_id=&#8221;32806|full&#8221; link=&#8221;&#8221; linktarget=&#8221;_self&#8221; \/][fusion_gallery_image image=&#8221;https:\/\/www.bitacoracdmx.com\/wp-content\/uploads\/2020\/03\/SERGIO-GASTELUM-2.jpg&#8221; image_id=&#8221;32807|full&#8221; link=&#8221;&#8221; linktarget=&#8221;_self&#8221; \/][\/fusion_gallery][\/fusion_builder_column][\/fusion_builder_row][\/fusion_builder_container]<\/p>\n","protected":false},"excerpt":{"rendered":"<p>[fusion_builder_container hundred_percent=&#8221;no&#8221; equal_height_columns=&#8221;no&#8221; menu_anchor=&#8221;&#8221; hide_on_mobile=&#8221;small-visibility,medium-visibility,large-visibility&#8221; class=&#8221;&#8221; id=&#8221;&#8221; background_color=&#8221;&#8221; background_image=&#8221;&#8221; background_position=&#8221;center center&#8221; background_repeat=&#8221;no-repeat&#8221; fade=&#8221;no&#8221; background_parallax=&#8221;none&#8221; parallax_speed=&#8221;0.3&#8243; video_mp4=&#8221;&#8221; video_webm=&#8221;&#8221; video_ogv=&#8221;&#8221; video_url=&#8221;&#8221; video_aspect_ratio=&#8221;16:9&#8243; video_loop=&#8221;yes&#8221; video_mute=&#8221;yes&#8221; overlay_color=&#8221;&#8221; video_preview_image=&#8221;&#8221; border_size=&#8221;&#8221; border_color=&#8221;&#8221; border_style=&#8221;solid&#8221; padding_top=&#8221;&#8221; padding_bottom=&#8221;&#8221; padding_left=&#8221;&#8221; padding_right=&#8221;&#8221;][fusion_builder_row][fusion_builder_column type=&#8221;1_1&#8243; layout=&#8221;1_1&#8243; background_position=&#8221;left top&#8221; background_color=&#8221;&#8221; border_size=&#8221;&#8221; border_color=&#8221;&#8221; border_style=&#8221;solid&#8221; border_position=&#8221;all&#8221; spacing=&#8221;yes&#8221; background_image=&#8221;&#8221; background_repeat=&#8221;no-repeat&#8221; padding_top=&#8221;&#8221; padding_right=&#8221;&#8221; padding_bottom=&#8221;&#8221; padding_left=&#8221;&#8221; margin_top=&#8221;0px&#8221; margin_bottom=&#8221;0px&#8221; class=&#8221;&#8221; id=&#8221;&#8221; animation_type=&#8221;&#8221; animation_speed=&#8221;0.3&#8243; animation_direction=&#8221;left&#8221; hide_on_mobile=&#8221;small-visibility,medium-visibility,large-visibility&#8221; center_content=&#8221;no&#8221; last=&#8221;no&#8221; min_height=&#8221;&#8221; hover_type=&#8221;none&#8221; link=&#8221;&#8221;][fusion_text] REDACCI\u00d3N \u00a0A tres d\u00edas de que los integrantes de los Diablos Rojos se presenten en la Academia de Beisbol Alfredo Harp Hel\u00fa para iniciar la pretemporada, el manager escarlata Sergio Gast\u00e9lum, se siente listo para iniciar su primera campa\u00f1a al [&hellip;]<\/p>\n","protected":false},"author":1,"featured_media":32807,"comment_status":"open","ping_status":"open","sticky":false,"template":"","format":"standard","meta":{"footnotes":""},"categories":[6,9],"tags":[],"_links":{"self":[{"href":"https:\/\/www.bitacoracdmx.com\/index.php?rest_route=\/wp\/v2\/posts\/32804"}],"collection":[{"href":"https:\/\/www.bitacoracdmx.com\/index.php?rest_route=\/wp\/v2\/posts"}],"about":[{"href":"https:\/\/www.bitacoracdmx.com\/index.php?rest_route=\/wp\/v2\/types\/post"}],"author":[{"embeddable":true,"href":"https:\/\/www.bitacoracdmx.com\/index.php?rest_route=\/wp\/v2\/users\/1"}],"replies":[{"embeddable":true,"href":"https:\/\/www.bitacoracdmx.com\/index.php?rest_route=%2Fwp%2Fv2%2Fcomments&post=32804"}],"version-history":[{"count":1,"href":"https:\/\/www.bitacoracdmx.com\/index.php?rest_route=\/wp\/v2\/posts\/32804\/revisions"}],"predecessor-version":[{"id":32808,"href":"https:\/\/www.bitacoracdmx.com\/index.php?rest_route=\/wp\/v2\/posts\/32804\/revisions\/32808"}],"wp:featuredmedia":[{"embeddable":true,"href":"https:\/\/www.bitacoracdmx.com\/index.php?rest_route=\/wp\/v2\/media\/32807"}],"wp:attachment":[{"href":"https:\/\/www.bitacoracdmx.com\/index.php?rest_route=%2Fwp%2Fv2%2Fmedia&parent=32804"}],"wp:term":[{"taxonomy":"category","embeddable":true,"href":"https:\/\/www.bitacoracdmx.com\/index.php?rest_route=%2Fwp%2Fv2%2Fcategories&post=32804"},{"taxonomy":"post_tag","embeddable":true,"href":"https:\/\/www.bitacoracdmx.com\/index.php?rest_route=%2Fwp%2Fv2%2Ftags&post=32804"}],"curies":[{"name":"wp","href":"https:\/\/api.w.org\/{rel}","templated":true}]}}