{"id":33025,"date":"2020-03-09T03:16:20","date_gmt":"2020-03-09T03:16:20","guid":{"rendered":"https:\/\/www.bitacoracdmx.com\/?p=33025"},"modified":"2020-03-09T03:16:20","modified_gmt":"2020-03-09T03:16:20","slug":"equitativa-en-el-centro-cultural-helenico","status":"publish","type":"post","link":"https:\/\/www.bitacoracdmx.com\/?p=33025","title":{"rendered":"Equitativa en el Centro Cultural Hel\u00e9nico"},"content":{"rendered":"<p>[fusion_builder_container hundred_percent=&#8221;no&#8221; equal_height_columns=&#8221;no&#8221; menu_anchor=&#8221;&#8221; hide_on_mobile=&#8221;small-visibility,medium-visibility,large-visibility&#8221; class=&#8221;&#8221; id=&#8221;&#8221; background_color=&#8221;&#8221; background_image=&#8221;&#8221; background_position=&#8221;center center&#8221; background_repeat=&#8221;no-repeat&#8221; fade=&#8221;no&#8221; background_parallax=&#8221;none&#8221; parallax_speed=&#8221;0.3&#8243; video_mp4=&#8221;&#8221; video_webm=&#8221;&#8221; video_ogv=&#8221;&#8221; video_url=&#8221;&#8221; video_aspect_ratio=&#8221;16:9&#8243; video_loop=&#8221;yes&#8221; video_mute=&#8221;yes&#8221; overlay_color=&#8221;&#8221; video_preview_image=&#8221;&#8221; border_size=&#8221;&#8221; border_color=&#8221;&#8221; border_style=&#8221;solid&#8221; padding_top=&#8221;&#8221; padding_bottom=&#8221;&#8221; padding_left=&#8221;&#8221; padding_right=&#8221;&#8221;][fusion_builder_row][fusion_builder_column type=&#8221;1_1&#8243; layout=&#8221;1_1&#8243; background_position=&#8221;left top&#8221; background_color=&#8221;&#8221; border_size=&#8221;&#8221; border_color=&#8221;&#8221; border_style=&#8221;solid&#8221; border_position=&#8221;all&#8221; spacing=&#8221;yes&#8221; background_image=&#8221;&#8221; background_repeat=&#8221;no-repeat&#8221; padding_top=&#8221;&#8221; padding_right=&#8221;&#8221; padding_bottom=&#8221;&#8221; padding_left=&#8221;&#8221; margin_top=&#8221;0px&#8221; margin_bottom=&#8221;0px&#8221; class=&#8221;&#8221; id=&#8221;&#8221; animation_type=&#8221;&#8221; animation_speed=&#8221;0.3&#8243; animation_direction=&#8221;left&#8221; hide_on_mobile=&#8221;small-visibility,medium-visibility,large-visibility&#8221; center_content=&#8221;no&#8221; last=&#8221;no&#8221; min_height=&#8221;&#8221; hover_type=&#8221;none&#8221; link=&#8221;&#8221;][fusion_text]<\/p>\n<p>REDACCI\u00d3N<\/p>\n<p>Equitativa es un programa nacional de la Secretar\u00eda de Cultura dedicado a la producci\u00f3n, programaci\u00f3n y difusi\u00f3n de proyectos en torno a la igualdad de g\u00e9nero.<\/p>\n<p>El Centro Cultural Hel\u00e9nico se une al tiempo de sororidad que embargar\u00e1 al pa\u00eds el fin de semana. En colaboraci\u00f3n la Secretar\u00eda de Cultura del Gobierno Federal y la Secretar\u00eda de Cultura de la Ciudad de M\u00e9xico, presentar\u00e1n en diversos recintos de la capital del pa\u00eds el Festival Tiempo de Mujeres. El Hel\u00e9nico ser\u00e1 sede de cuatro obras con tem\u00e1ticas de concientizaci\u00f3n del 6 al 8 de marzo, todas de entrada\u00a0libre.<\/p>\n<p>El pr\u00f3ximo lunes 9 de marzo todas las mujeres relacionadas a este centro han decidido unirse al paro nacional denominado, Un d\u00eda sin nosotras; actividad que se enmarca como una acci\u00f3n de uni\u00f3n y solidaridad para generar espacios m\u00e1s armoniosos, crear conciencia y las condiciones necesarias para la equidad.<\/p>\n<p>El compromiso de la presente administraci\u00f3n es generar un ambiente de sana convivencia donde hombres y mujeres sean libres de expresarse, reconozcan se\u00f1ales de discriminaci\u00f3n y sepan c\u00f3mo actuar ante estas eventualidades.<\/p>\n<p>Por ello, las obras\u00a0<strong><em>Manada<\/em>\u00a0<\/strong>y\u00a0<em><strong>El gran teatro del mundo<\/strong><\/em>\u00a0no dar\u00e1n funci\u00f3n este lunes 9 de marzo. Esta petici\u00f3n fue realizada por las producciones de dichas obras para comunicar que la comunidad teatral est\u00e1 unida, exige igualdad en sus derechos y est\u00e1 alerta sobre el acoso.<\/p>\n<ul>\n<li><strong>Medidas preventivas al interior del Centro Cultural Hel\u00e9nico<\/strong><\/li>\n<\/ul>\n<p>Como respuesta al contexto actual y ante la demanda de trato igualitario, se lleg\u00f3 a la conclusi\u00f3n que, como centro cultural, se deb\u00eda hacer una intervenci\u00f3n desde adentro; as\u00ed se decidi\u00f3 hace unos meses atr\u00e1s capacitar al personal en materia de g\u00e9nero, violencia y no discriminaci\u00f3n a trav\u00e9s del taller:\u00a0<strong><em>Derechos humanos y g\u00e9nero desde la perspectiva feminista.\u00a0<\/em><\/strong>El objetivo es generar espacios de reflexi\u00f3n, promover cambios de conducta y comportamiento ante manifestaciones de violencia de g\u00e9nero.<\/p>\n<p><strong>Festival Tiempo de Mujeres<\/strong><\/p>\n<p><strong>\u00a0 \u00a0 \u00a0De amor y otras luchas<\/strong><br \/>\nCon Ver\u00f3nica Quezada. La gran luchadora, Sat\u00e1nica del Destino, nos habla de los malabares que hay que hacer para pasar de ser una mujer fea a una mujer exitosa; nos cuenta sus peripecias para completar su modesto sustento y su trato cercano con los cuerpos policiacos. Pero sobre todo, nos habla de estos tiempos donde se\u00a0siguen manteniendo vivos estereotipos, clich\u00e9s y convenciones sociales que\u00a0pretenden atar a la mujer que no est\u00e9 dispuesta a dar la batalla. La obra tendr\u00e1 lugar el viernes 6 de marzo a las 19:00 horas en el Foro 4 Espacio Alternativo.<\/p>\n<p><strong>\u00a0 \u00a0 \u00a0La Patrona<\/strong><br \/>\nCon Aleyda Gallardo y Luis Montalvo. Mar\u00eda del Suyapa es una migrante hondure\u00f1a, que narra su traves\u00eda con su hija y nieto rumbo a Estados Unidos, destino del que m\u00e1s tarde son deportados. En su camino de regreso es detenida y presentada ante el Ministerio P\u00fablico, ah\u00ed el perito psic\u00f3logo explicar\u00e1 al juez su perfil criminol\u00f3gico. La obra tendr\u00e1 lugar el viernes 6 de marzo a las 20:30 horas en el Teatro Hel\u00e9nico.<\/p>\n<p><strong>\u00a0 \u00a0 \u00a0Tenemos que hablar<\/strong><br \/>\nCon Talia Loaria y Armando Tapia. La obra habla sobre Al\u00e1n y Emma dos enamorados, ambos realizados profesionalmente plante\u00e1ndose el siguiente paso, formar una familia. Con la llegada de su beb\u00e9 descubren que s\u00f3lo saben la parte rom\u00e1ntica de ser padres. La puesta en escena habla sobre los roles de g\u00e9nero, ah\u00ed el espectador se cuestionar\u00e1 su propia forma de ver y actuar dentro sus relaciones de pareja. La obra tendr\u00e1 lugar el s\u00e1bado 7 de marzo a las 19:00 horas en el Teatro Hel\u00e9nico.<\/p>\n<p><strong>\u00a0 \u00a0 \u00a0Pero esta es una voz en marcha<\/strong><br \/>\nDe Danzariega Folklor Experimental, bajo la direcci\u00f3n de Paula Herrera Mart\u00ednez.\u00a0\u00a0A trav\u00e9s del zapateado, m\u00fasica jarocha en di\u00e1logo con m\u00fasica experimental, teatro y algunas pinceladas de danza africana. El p\u00fablico se asomar\u00e1 al mundo colectivo de mujeres cuya voz guerrera no detiene su andar, a pesar de la p\u00e9rdida, la ausencia, la tristeza, o el dolor. La obra tendr\u00e1 lugar el domingo 8 de marzo a las 18:00 horas en el Teatro Hel\u00e9nico.<\/p>\n<p><strong>\u00a0 \u00a0 \u00a0En temporada: Por temor a que cantemos libres<\/strong><br \/>\nEn el marco del mes de la mujer, el Foro 4 Espacio Alternativo recibe la puesta en escena\u00a0<em><strong>Por temor a que cantemos libres\u00a0<\/strong><\/em>de Felipe Rodr\u00edguez, dirigida por Nora Manneck e interpretada de forma brillante por Lizeth Rondero. En la obra una cantante nos cuenta cinco mon\u00f3logos con canciones al piano, \u00e9stas sirven para narrar episodios en sus vidas, donde \u201celegir otro modo de ser\u201d es la \u00fanica forma de libertad posible. La obra se presenta los domingos a las 20:00 horas hasta el 17 de mayo y las localidades tienen un costo de $250.<\/p>\n<ul>\n<li><strong>Ciclo de conferencias y conversatorios sobre g\u00e9nero, violencia y no discriminaci\u00f3n, impartido por Las Reinas Chulas A. C.<\/strong><\/li>\n<\/ul>\n<div>El objetivo de este ciclo es ampliar el conocimiento sobre distintos temas a partir del di\u00e1logo con personas expertas en la materia; ser\u00e1n actividades de entrada libre abiertas a todo el p\u00fablico interesado. Las fechas van del 27 de mayo a al 1 de junio en el Foro La Gruta.<\/div>\n<ul>\n<li><strong>Encuentro de hombres profesionales de las artes esc\u00e9nicas sobre nuevas masculinidades<\/strong><\/li>\n<\/ul>\n<div>\n<p>Busca generar un espacio seguro de aprendizaje y an\u00e1lisis para los hombres de la comunidad art\u00edstica que les permita reflexionar sobre la violencia y la construcci\u00f3n de los roles de g\u00e9nero y c\u00f3mo \u00e9stos nos afectan como sociedad. La intenci\u00f3n es procurar el intercambio de experiencias entre los participantes, aportar en la construcci\u00f3n positiva de una nueva masculinidad justa e igualitaria para hombres y mujeres, as\u00ed como la construcci\u00f3n de nuevas narrativas art\u00edsticas, a partir del an\u00e1lisis de las actuales y del entendido de la necesidad de otros referentes culturales. El encuentro tendr\u00e1 lugar del 2 al 5 de junio en el Sal\u00f3n de Ensayos del Centro Cultural Hel\u00e9nico.<\/p>\n<p>A trav\u00e9s de estas actividades el Centro Cultural Hel\u00e9nico impulsa las iniciativas de la Secretar\u00eda de Cultura,como lo es Equitativa, para establecer procesos de investigaci\u00f3n, acompa\u00f1amiento, participaci\u00f3n y di\u00e1logos sobre la perspectiva de g\u00e9nero; la visibilizaci\u00f3n de grupos vulnerables y la urgencia de crear un nuevo paradigma en beneficio de una convivencia arm\u00f3nica. Es menester tener una visi\u00f3n de g\u00e9nero amplia, diversa e incluyente, abrir espacios de creaci\u00f3n y difusi\u00f3n con una mirada no discriminatoria, de esta forma se buscan crear nuevas l\u00edneas discursivas y narrativas que promuevan la equidad.<\/p>\n<\/div>\n<p>[\/fusion_text][fusion_imageframe image_id=&#8221;33026|full&#8221; max_width=&#8221;&#8221; style_type=&#8221;&#8221; blur=&#8221;&#8221; stylecolor=&#8221;&#8221; hover_type=&#8221;none&#8221; bordersize=&#8221;&#8221; bordercolor=&#8221;&#8221; borderradius=&#8221;&#8221; align=&#8221;none&#8221; lightbox=&#8221;no&#8221; gallery_id=&#8221;&#8221; lightbox_image=&#8221;&#8221; lightbox_image_id=&#8221;&#8221; alt=&#8221;&#8221; link=&#8221;&#8221; linktarget=&#8221;_self&#8221; hide_on_mobile=&#8221;small-visibility,medium-visibility,large-visibility&#8221; class=&#8221;&#8221; id=&#8221;&#8221; animation_type=&#8221;&#8221; animation_direction=&#8221;left&#8221; animation_speed=&#8221;0.3&#8243; animation_offset=&#8221;&#8221;]https:\/\/www.bitacoracdmx.com\/wp-content\/uploads\/2020\/03\/Derechos-humanos-y-g\u00e9nero-desde-la-perspectiva-feminista.jpg[\/fusion_imageframe][\/fusion_builder_column][\/fusion_builder_row][\/fusion_builder_container]<\/p>\n","protected":false},"excerpt":{"rendered":"<p>[fusion_builder_container hundred_percent=&#8221;no&#8221; equal_height_columns=&#8221;no&#8221; menu_anchor=&#8221;&#8221; hide_on_mobile=&#8221;small-visibility,medium-visibility,large-visibility&#8221; class=&#8221;&#8221; id=&#8221;&#8221; background_color=&#8221;&#8221; background_image=&#8221;&#8221; background_position=&#8221;center center&#8221; background_repeat=&#8221;no-repeat&#8221; fade=&#8221;no&#8221; background_parallax=&#8221;none&#8221; parallax_speed=&#8221;0.3&#8243; video_mp4=&#8221;&#8221; video_webm=&#8221;&#8221; video_ogv=&#8221;&#8221; video_url=&#8221;&#8221; video_aspect_ratio=&#8221;16:9&#8243; video_loop=&#8221;yes&#8221; video_mute=&#8221;yes&#8221; overlay_color=&#8221;&#8221; video_preview_image=&#8221;&#8221; border_size=&#8221;&#8221; border_color=&#8221;&#8221; border_style=&#8221;solid&#8221; padding_top=&#8221;&#8221; padding_bottom=&#8221;&#8221; padding_left=&#8221;&#8221; padding_right=&#8221;&#8221;][fusion_builder_row][fusion_builder_column type=&#8221;1_1&#8243; layout=&#8221;1_1&#8243; background_position=&#8221;left top&#8221; background_color=&#8221;&#8221; border_size=&#8221;&#8221; border_color=&#8221;&#8221; border_style=&#8221;solid&#8221; border_position=&#8221;all&#8221; spacing=&#8221;yes&#8221; background_image=&#8221;&#8221; background_repeat=&#8221;no-repeat&#8221; padding_top=&#8221;&#8221; padding_right=&#8221;&#8221; padding_bottom=&#8221;&#8221; padding_left=&#8221;&#8221; margin_top=&#8221;0px&#8221; margin_bottom=&#8221;0px&#8221; class=&#8221;&#8221; id=&#8221;&#8221; animation_type=&#8221;&#8221; animation_speed=&#8221;0.3&#8243; animation_direction=&#8221;left&#8221; hide_on_mobile=&#8221;small-visibility,medium-visibility,large-visibility&#8221; center_content=&#8221;no&#8221; last=&#8221;no&#8221; min_height=&#8221;&#8221; hover_type=&#8221;none&#8221; link=&#8221;&#8221;][fusion_text] REDACCI\u00d3N Equitativa es un programa nacional de la Secretar\u00eda de Cultura dedicado a la producci\u00f3n, programaci\u00f3n y difusi\u00f3n de proyectos en torno a la igualdad de g\u00e9nero. El Centro Cultural Hel\u00e9nico se une al tiempo de sororidad que embargar\u00e1 al [&hellip;]<\/p>\n","protected":false},"author":1,"featured_media":33026,"comment_status":"open","ping_status":"open","sticky":false,"template":"","format":"standard","meta":{"footnotes":""},"categories":[9,14],"tags":[],"_links":{"self":[{"href":"https:\/\/www.bitacoracdmx.com\/index.php?rest_route=\/wp\/v2\/posts\/33025"}],"collection":[{"href":"https:\/\/www.bitacoracdmx.com\/index.php?rest_route=\/wp\/v2\/posts"}],"about":[{"href":"https:\/\/www.bitacoracdmx.com\/index.php?rest_route=\/wp\/v2\/types\/post"}],"author":[{"embeddable":true,"href":"https:\/\/www.bitacoracdmx.com\/index.php?rest_route=\/wp\/v2\/users\/1"}],"replies":[{"embeddable":true,"href":"https:\/\/www.bitacoracdmx.com\/index.php?rest_route=%2Fwp%2Fv2%2Fcomments&post=33025"}],"version-history":[{"count":1,"href":"https:\/\/www.bitacoracdmx.com\/index.php?rest_route=\/wp\/v2\/posts\/33025\/revisions"}],"predecessor-version":[{"id":33027,"href":"https:\/\/www.bitacoracdmx.com\/index.php?rest_route=\/wp\/v2\/posts\/33025\/revisions\/33027"}],"wp:featuredmedia":[{"embeddable":true,"href":"https:\/\/www.bitacoracdmx.com\/index.php?rest_route=\/wp\/v2\/media\/33026"}],"wp:attachment":[{"href":"https:\/\/www.bitacoracdmx.com\/index.php?rest_route=%2Fwp%2Fv2%2Fmedia&parent=33025"}],"wp:term":[{"taxonomy":"category","embeddable":true,"href":"https:\/\/www.bitacoracdmx.com\/index.php?rest_route=%2Fwp%2Fv2%2Fcategories&post=33025"},{"taxonomy":"post_tag","embeddable":true,"href":"https:\/\/www.bitacoracdmx.com\/index.php?rest_route=%2Fwp%2Fv2%2Ftags&post=33025"}],"curies":[{"name":"wp","href":"https:\/\/api.w.org\/{rel}","templated":true}]}}