{"id":33037,"date":"2020-03-09T03:41:37","date_gmt":"2020-03-09T03:41:37","guid":{"rendered":"https:\/\/www.bitacoracdmx.com\/?p=33037"},"modified":"2020-03-09T03:41:37","modified_gmt":"2020-03-09T03:41:37","slug":"cantares-de-mexico-de-laura-diaz-el-espectaculo-que-plasma-la-belleza-de-nuestra-cultura-desde-la-raiz-hasta-el-mexico-post-moderno","status":"publish","type":"post","link":"https:\/\/www.bitacoracdmx.com\/?p=33037","title":{"rendered":"CANTARES DE M\u00c9XICO DE LAURA D\u00cdAZ, el espect\u00e1culo que plasma la belleza de nuestra cultura, desde la ra\u00edz hasta el M\u00e9xico Post-Moderno."},"content":{"rendered":"<p>[fusion_builder_container hundred_percent=&#8221;no&#8221; equal_height_columns=&#8221;no&#8221; menu_anchor=&#8221;&#8221; hide_on_mobile=&#8221;small-visibility,medium-visibility,large-visibility&#8221; class=&#8221;&#8221; id=&#8221;&#8221; background_color=&#8221;&#8221; background_image=&#8221;&#8221; background_position=&#8221;center center&#8221; background_repeat=&#8221;no-repeat&#8221; fade=&#8221;no&#8221; background_parallax=&#8221;none&#8221; parallax_speed=&#8221;0.3&#8243; video_mp4=&#8221;&#8221; video_webm=&#8221;&#8221; video_ogv=&#8221;&#8221; video_url=&#8221;&#8221; video_aspect_ratio=&#8221;16:9&#8243; video_loop=&#8221;yes&#8221; video_mute=&#8221;yes&#8221; overlay_color=&#8221;&#8221; video_preview_image=&#8221;&#8221; border_size=&#8221;&#8221; border_color=&#8221;&#8221; border_style=&#8221;solid&#8221; padding_top=&#8221;&#8221; padding_bottom=&#8221;&#8221; padding_left=&#8221;&#8221; padding_right=&#8221;&#8221;][fusion_builder_row][fusion_builder_column type=&#8221;1_1&#8243; layout=&#8221;1_1&#8243; background_position=&#8221;left top&#8221; background_color=&#8221;&#8221; border_size=&#8221;&#8221; border_color=&#8221;&#8221; border_style=&#8221;solid&#8221; border_position=&#8221;all&#8221; spacing=&#8221;yes&#8221; background_image=&#8221;&#8221; background_repeat=&#8221;no-repeat&#8221; padding_top=&#8221;&#8221; padding_right=&#8221;&#8221; padding_bottom=&#8221;&#8221; padding_left=&#8221;&#8221; margin_top=&#8221;0px&#8221; margin_bottom=&#8221;0px&#8221; class=&#8221;&#8221; id=&#8221;&#8221; animation_type=&#8221;&#8221; animation_speed=&#8221;0.3&#8243; animation_direction=&#8221;left&#8221; hide_on_mobile=&#8221;small-visibility,medium-visibility,large-visibility&#8221; center_content=&#8221;no&#8221; last=&#8221;no&#8221; min_height=&#8221;&#8221; hover_type=&#8221;none&#8221; link=&#8221;&#8221;][fusion_text]<\/p>\n<p>REDACCI\u00d3N<\/p>\n<p>\u00b0Impresionante producci\u00f3n y talento 100% mexicano, que combina diferentes disciplinas art\u00edsticas como canto, ballet cl\u00e1sico, danza contempor\u00e1nea y folklore, con vestuarios majestuosos, coreograf\u00edas e im\u00e1genes que impactan de principio a fin.<\/p>\n<p>\u00b0Como parte de la Gira 2020, a partir de Mayo se presentar\u00e1n 16 funciones en el Centro Cultural Roberto Cantoral.<\/p>\n<p>Para conocer el origen y destino de CANTARES DE M\u00c9XICO DE LAURA D\u00cdAZ, se llev\u00f3 a cabo una Funci\u00f3n Privada y Conferencia de Prensa en el Centro Cultural Roberto Cantoral, el pasado mi\u00e9rcoles 4 de Marzo, donde se present\u00f3 un impactante espect\u00e1culo multidisciplinario.<\/p>\n<p>Una gran producci\u00f3n con una calidad que pocas veces nos podemos encontrar y que plasma la belleza de nuestra cultura, de nuestras tradiciones, costumbres y leyendas.<\/p>\n<p>La finalidad de este evento fue invitar a medios de comunicaci\u00f3n, promotores culturales y musicales, diversos empresarios y personalidades, a ser testigos de la calidad y nivel de producci\u00f3n y del talento orgullosamente mexicano, que participa en CANTARES DE M\u00c9XICO DE LAURA D\u00cdAZ y que se ha esforzado de manera autogestiva para ir puliendo cada vez m\u00e1s este espect\u00e1culo, dando clara muestra de la gran madurez que ha adquirido a lo largo de 6 a\u00f1os de trabajo, con miras a expandir la gira a nivel nacional e internacional, con el apoyo de patrocinadores.<\/p>\n<p>Con m\u00e1s de 30 estampas que hacen un viaje por el tiempo, desde la ra\u00edz hasta el M\u00e9xico Post-Moderno, en tan solo hora y media se pudieron apreciar pasajes como La Creaci\u00f3n del Mundo, La Cosmogon\u00eda Maya, Danza Azteca y leyendas como El Popol Vuh, La Llorona, La Bruja y Las Mariposas Monarca, disfrutar las danzas y bailes folkl\u00f3ricos de diferentes estados de la Rep\u00fablica, recordar a Frida Kahlo y Diego Rivera, vivir las fiestas conmemorativas y tradicionales como el D\u00eda de la Revoluci\u00f3n y D\u00eda de Muertos, tener una visi\u00f3n de lo que fue el Sal\u00f3n M\u00e9xico, la \u00c9poca de Oro del Cine Mexicano, de la XEW, m\u00fasica vern\u00e1cula, bolero, danz\u00f3n y banda, entre otros g\u00e9neros y de los compositores que nos han dado identidad ante el mundo como Agust\u00edn Lara, Jos\u00e9 Alfredo Jim\u00e9nez y Juan Gabriel, por mencionar algunos<\/p>\n<p>Todo esto presentado con m\u00e1s de 30 artistas en escena y cuatro cantantes que son Rebeca Garc\u00eda, Roberto Gand\u00e9, Luthe Reyes y Romina \u201cLa Mexicana\u201d; voces netas, aut\u00e9nticas que se presentan en vivo y sin trucos en el escenario.<\/p>\n<p>Adem\u00e1s, vestuarios majestuosos confeccionados por la prestigiosa dise\u00f1adora Adela Cort\u00e1zar, coreograf\u00edas e im\u00e1genes que impactan de principio a fin y con una interesante narrativa preparada por la directora de este fascinante espect\u00e1culo, la Sra. Laura D\u00edaz, quien en Conferencia de Prensa, adem\u00e1s de presentar a su equipo de trabajo y talento, inform\u00f3 que a partir de Mayo, iniciar\u00e1 una Temporada muy especial en el Centro Cultural Roberto Cantoral con funciones todas diferentes, los d\u00edas jueves, teniendo ya confirmadas las dos primeras fechas para el 14 y 28 de Mayo, mismas que se ir\u00e1n sumando a la Gira 2020 de CANTARES DE M\u00c9XICO.<\/p>\n<p>Laura D\u00edaz nos explica como inici\u00f3 este proyecto e invita a seguir las redes sociales para m\u00e1s informaci\u00f3n de fechas y lugares:<\/p>\n<p>\u201cTuvimos la oportunidad de recorrer casi todo el pai\u0301s pueblo por pueblo, enamorarnos de los paisajes, de la comida, del color, de las formas, de las texturas de nuestras artesani\u0301as pero sobre todo de nuestra gente. \u00a1Ese es el corazo\u0301n de CANTARES DE ME\u0301XICO! una necesidad de llevar un poco de nuestra magni\u0301fica cultura, realizando un especta\u0301culo de gran calidad que muestre la inmensa riqueza de nuestro pai\u0301s.<\/p>\n<p>Todo empezo\u0301 a tomar forma hace 6 an\u0303os, primero sobre papel: disen\u0303os de vestuarios, seleccio\u0301n de canciones, danzas, leyendas, estructura del especta\u0301culo, audiciones y poco a poco fuimos encontrando la cara que llenaba cada parte de lo que se convertiri\u0301a en CANTARES DE ME\u0301XICO.<\/p>\n<p>Las voces de los cantantes teni\u0301an que reflejar la fuerza y la pasio\u0301n de nuestra gente, de nuestra rai\u0301z porque son esas voces la estructura de las e\u0301pocas que conforman el especta\u0301culo.<\/p>\n<p>Muchos son los que han transitado y dejado una parte de si\u0301 en este proyecto.<\/p>\n<p>Este espect\u00e1culo se ha presentado cuatro veces en el \u201cTeatro Metrop\u00f3litan\u201d de la Ciudad de M\u00e9xico con llenos totales, donde gente de todas las edades ha abarrotado, aplaudido y se ha sentido identificada con lo que muestra CANTARES DE ME\u0301XICO, en el \u201cTeatro Principal\u201d de Puebla en Plaza de la Victoria , la \u201cSala Miguel Covarrubias\u201d de la UNAM, CDMX, en las Jornadas Villistas en Parral Chihuahua y D\u00eda de Muertos en dicha ciudad y en Mixquic, Tl\u00e1huac CDMX, en la celebraci\u00f3n m\u00e1s grande en M\u00e9xico y el mundo para rendir homenaje a nuestros difuntos, entre muchos otros espacios culturales.<\/p>\n<p>CANTARES DE ME\u0301XICO es un especta\u0301culo tan grande, como lo es nuestro pai\u0301s, que pretende llevar al mundo, este orgullo de ser mexicanos con una gran cultura.<\/p>\n<p>Cada funci\u00f3n es amena, divertida, \u00e1gil e ilustrativa; un especta\u0301culo vivo que se puede adaptar por tem\u00e1tica \u00f3 festividad y que logra impactar a todo tipo de p\u00fablico, desde ni\u00f1os, hasta gente de la tercera edad.\u201d<\/p>\n<p>Redes Sociales: Facebook: https:\/\/www.facebook.com\/CantaresdeMexicodeLauraDiaz\/ Youtube: https:\/\/www.youtube.com\/channel\/UCdpDG3krUmmablDKT4tpK2A Instagram: https:\/\/www.instagram.com\/cantaresdemexicodelauradiaz\/?hl=es-la Twitter: https:\/\/twitter.com\/CantaresdeMex<\/p>\n<p>[\/fusion_text][fusion_gallery layout=&#8221;&#8221; picture_size=&#8221;&#8221; columns=&#8221;&#8221; column_spacing=&#8221;10&#8243; gallery_masonry_grid_ratio=&#8221;&#8221; gallery_masonry_width_double=&#8221;&#8221; hover_type=&#8221;&#8221; lightbox=&#8221;yes&#8221; lightbox_content=&#8221;&#8221; bordersize=&#8221;&#8221; bordercolor=&#8221;&#8221; border_radius=&#8221;&#8221; hide_on_mobile=&#8221;small-visibility,medium-visibility,large-visibility&#8221; class=&#8221;&#8221; id=&#8221;&#8221;][fusion_gallery_image image=&#8221;https:\/\/www.bitacoracdmx.com\/wp-content\/uploads\/2020\/03\/IMG_8393.jpg&#8221; image_id=&#8221;33038|full&#8221; link=&#8221;&#8221; linktarget=&#8221;_self&#8221; \/][fusion_gallery_image image=&#8221;https:\/\/www.bitacoracdmx.com\/wp-content\/uploads\/2020\/03\/CANTARES-AR7.jpeg&#8221; image_id=&#8221;33039|full&#8221; link=&#8221;&#8221; linktarget=&#8221;_self&#8221; \/][fusion_gallery_image image=&#8221;https:\/\/www.bitacoracdmx.com\/wp-content\/uploads\/2020\/03\/CANTARES-AR-12.jpeg&#8221; image_id=&#8221;33040|full&#8221; link=&#8221;&#8221; linktarget=&#8221;_self&#8221; \/][fusion_gallery_image image=&#8221;https:\/\/www.bitacoracdmx.com\/wp-content\/uploads\/2020\/03\/CANTARES-AR-8.jpeg&#8221; image_id=&#8221;33041|full&#8221; link=&#8221;&#8221; linktarget=&#8221;_self&#8221; \/][fusion_gallery_image image=&#8221;https:\/\/www.bitacoracdmx.com\/wp-content\/uploads\/2020\/03\/CANTARES-AR-6.jpeg&#8221; image_id=&#8221;33042|full&#8221; link=&#8221;&#8221; linktarget=&#8221;_self&#8221; \/][fusion_gallery_image image=&#8221;https:\/\/www.bitacoracdmx.com\/wp-content\/uploads\/2020\/03\/CANTARES-AR-3.jpeg&#8221; image_id=&#8221;33043|full&#8221; link=&#8221;&#8221; linktarget=&#8221;_self&#8221; \/][fusion_gallery_image image=&#8221;https:\/\/www.bitacoracdmx.com\/wp-content\/uploads\/2020\/03\/Cantares-de-Mexico-Fausto-Jijon-Quelal-.jpeg&#8221; image_id=&#8221;33044|full&#8221; link=&#8221;&#8221; linktarget=&#8221;_self&#8221; \/][fusion_gallery_image image=&#8221;https:\/\/www.bitacoracdmx.com\/wp-content\/uploads\/2020\/03\/CANTARES-AR-1.jpeg&#8221; image_id=&#8221;33045|full&#8221; link=&#8221;&#8221; linktarget=&#8221;_self&#8221; \/][fusion_gallery_image image=&#8221;https:\/\/www.bitacoracdmx.com\/wp-content\/uploads\/2020\/03\/CANTARES-DE-ME\u0301XICO-CONFERENCIA-DE-PRENSA.jpg&#8221; image_id=&#8221;33046|full&#8221; link=&#8221;&#8221; linktarget=&#8221;_self&#8221; \/][fusion_gallery_image image=&#8221;https:\/\/www.bitacoracdmx.com\/wp-content\/uploads\/2020\/03\/CANTARES-AR-2.jpeg&#8221; image_id=&#8221;33047|full&#8221; link=&#8221;&#8221; linktarget=&#8221;_self&#8221; \/][fusion_gallery_image image=&#8221;https:\/\/www.bitacoracdmx.com\/wp-content\/uploads\/2020\/03\/CANTARES-DE-ME\u0301XICO-DE-LAURA-DI\u0301AZ-LOGO-1.jpeg&#8221; image_id=&#8221;33048|full&#8221; link=&#8221;&#8221; linktarget=&#8221;_self&#8221; \/][\/fusion_gallery][\/fusion_builder_column][\/fusion_builder_row][\/fusion_builder_container]<\/p>\n","protected":false},"excerpt":{"rendered":"<p>[fusion_builder_container hundred_percent=&#8221;no&#8221; equal_height_columns=&#8221;no&#8221; menu_anchor=&#8221;&#8221; hide_on_mobile=&#8221;small-visibility,medium-visibility,large-visibility&#8221; class=&#8221;&#8221; id=&#8221;&#8221; background_color=&#8221;&#8221; background_image=&#8221;&#8221; background_position=&#8221;center center&#8221; background_repeat=&#8221;no-repeat&#8221; fade=&#8221;no&#8221; background_parallax=&#8221;none&#8221; parallax_speed=&#8221;0.3&#8243; video_mp4=&#8221;&#8221; video_webm=&#8221;&#8221; video_ogv=&#8221;&#8221; video_url=&#8221;&#8221; video_aspect_ratio=&#8221;16:9&#8243; video_loop=&#8221;yes&#8221; video_mute=&#8221;yes&#8221; overlay_color=&#8221;&#8221; video_preview_image=&#8221;&#8221; border_size=&#8221;&#8221; border_color=&#8221;&#8221; border_style=&#8221;solid&#8221; padding_top=&#8221;&#8221; padding_bottom=&#8221;&#8221; padding_left=&#8221;&#8221; padding_right=&#8221;&#8221;][fusion_builder_row][fusion_builder_column type=&#8221;1_1&#8243; layout=&#8221;1_1&#8243; background_position=&#8221;left top&#8221; background_color=&#8221;&#8221; border_size=&#8221;&#8221; border_color=&#8221;&#8221; border_style=&#8221;solid&#8221; border_position=&#8221;all&#8221; spacing=&#8221;yes&#8221; background_image=&#8221;&#8221; background_repeat=&#8221;no-repeat&#8221; padding_top=&#8221;&#8221; padding_right=&#8221;&#8221; padding_bottom=&#8221;&#8221; padding_left=&#8221;&#8221; margin_top=&#8221;0px&#8221; margin_bottom=&#8221;0px&#8221; class=&#8221;&#8221; id=&#8221;&#8221; animation_type=&#8221;&#8221; animation_speed=&#8221;0.3&#8243; animation_direction=&#8221;left&#8221; hide_on_mobile=&#8221;small-visibility,medium-visibility,large-visibility&#8221; center_content=&#8221;no&#8221; last=&#8221;no&#8221; min_height=&#8221;&#8221; hover_type=&#8221;none&#8221; link=&#8221;&#8221;][fusion_text] REDACCI\u00d3N \u00b0Impresionante producci\u00f3n y talento 100% mexicano, que combina diferentes disciplinas art\u00edsticas como canto, ballet cl\u00e1sico, danza contempor\u00e1nea y folklore, con vestuarios majestuosos, coreograf\u00edas e im\u00e1genes que impactan de principio a fin. \u00b0Como parte de la Gira 2020, a partir [&hellip;]<\/p>\n","protected":false},"author":1,"featured_media":33043,"comment_status":"open","ping_status":"open","sticky":false,"template":"","format":"standard","meta":{"footnotes":""},"categories":[7,9],"tags":[],"_links":{"self":[{"href":"https:\/\/www.bitacoracdmx.com\/index.php?rest_route=\/wp\/v2\/posts\/33037"}],"collection":[{"href":"https:\/\/www.bitacoracdmx.com\/index.php?rest_route=\/wp\/v2\/posts"}],"about":[{"href":"https:\/\/www.bitacoracdmx.com\/index.php?rest_route=\/wp\/v2\/types\/post"}],"author":[{"embeddable":true,"href":"https:\/\/www.bitacoracdmx.com\/index.php?rest_route=\/wp\/v2\/users\/1"}],"replies":[{"embeddable":true,"href":"https:\/\/www.bitacoracdmx.com\/index.php?rest_route=%2Fwp%2Fv2%2Fcomments&post=33037"}],"version-history":[{"count":1,"href":"https:\/\/www.bitacoracdmx.com\/index.php?rest_route=\/wp\/v2\/posts\/33037\/revisions"}],"predecessor-version":[{"id":33049,"href":"https:\/\/www.bitacoracdmx.com\/index.php?rest_route=\/wp\/v2\/posts\/33037\/revisions\/33049"}],"wp:featuredmedia":[{"embeddable":true,"href":"https:\/\/www.bitacoracdmx.com\/index.php?rest_route=\/wp\/v2\/media\/33043"}],"wp:attachment":[{"href":"https:\/\/www.bitacoracdmx.com\/index.php?rest_route=%2Fwp%2Fv2%2Fmedia&parent=33037"}],"wp:term":[{"taxonomy":"category","embeddable":true,"href":"https:\/\/www.bitacoracdmx.com\/index.php?rest_route=%2Fwp%2Fv2%2Fcategories&post=33037"},{"taxonomy":"post_tag","embeddable":true,"href":"https:\/\/www.bitacoracdmx.com\/index.php?rest_route=%2Fwp%2Fv2%2Ftags&post=33037"}],"curies":[{"name":"wp","href":"https:\/\/api.w.org\/{rel}","templated":true}]}}