{"id":33785,"date":"2020-04-29T22:44:15","date_gmt":"2020-04-29T22:44:15","guid":{"rendered":"https:\/\/www.bitacoracdmx.com\/?p=33785"},"modified":"2020-04-29T22:44:15","modified_gmt":"2020-04-29T22:44:15","slug":"ana-spindola-le-hace-frente-al-covid-19-de-manera-positiva","status":"publish","type":"post","link":"https:\/\/www.bitacoracdmx.com\/?p=33785","title":{"rendered":"Ana Spindola le hace frente al COVID-19 de manera positiva"},"content":{"rendered":"<p>[fusion_builder_container hundred_percent=&#8221;no&#8221; equal_height_columns=&#8221;no&#8221; menu_anchor=&#8221;&#8221; hide_on_mobile=&#8221;small-visibility,medium-visibility,large-visibility&#8221; class=&#8221;&#8221; id=&#8221;&#8221; background_color=&#8221;&#8221; background_image=&#8221;&#8221; background_position=&#8221;center center&#8221; background_repeat=&#8221;no-repeat&#8221; fade=&#8221;no&#8221; background_parallax=&#8221;none&#8221; parallax_speed=&#8221;0.3&#8243; video_mp4=&#8221;&#8221; video_webm=&#8221;&#8221; video_ogv=&#8221;&#8221; video_url=&#8221;&#8221; video_aspect_ratio=&#8221;16:9&#8243; video_loop=&#8221;yes&#8221; video_mute=&#8221;yes&#8221; overlay_color=&#8221;&#8221; video_preview_image=&#8221;&#8221; border_size=&#8221;&#8221; border_color=&#8221;&#8221; border_style=&#8221;solid&#8221; padding_top=&#8221;&#8221; padding_bottom=&#8221;&#8221; padding_left=&#8221;&#8221; padding_right=&#8221;&#8221;][fusion_builder_row][fusion_builder_column type=&#8221;1_1&#8243; layout=&#8221;1_1&#8243; background_position=&#8221;left top&#8221; background_color=&#8221;&#8221; border_size=&#8221;&#8221; border_color=&#8221;&#8221; border_style=&#8221;solid&#8221; border_position=&#8221;all&#8221; spacing=&#8221;yes&#8221; background_image=&#8221;&#8221; background_repeat=&#8221;no-repeat&#8221; padding_top=&#8221;&#8221; padding_right=&#8221;&#8221; padding_bottom=&#8221;&#8221; padding_left=&#8221;&#8221; margin_top=&#8221;0px&#8221; margin_bottom=&#8221;0px&#8221; class=&#8221;&#8221; id=&#8221;&#8221; animation_type=&#8221;&#8221; animation_speed=&#8221;0.3&#8243; animation_direction=&#8221;left&#8221; hide_on_mobile=&#8221;small-visibility,medium-visibility,large-visibility&#8221; center_content=&#8221;no&#8221; last=&#8221;no&#8221; min_height=&#8221;&#8221; hover_type=&#8221;none&#8221; link=&#8221;&#8221;][fusion_text]<\/p>\n<p>REDACCI\u00d3N<\/p>\n<p class=\"x_MsoNormal\"><span lang=\"ES-TRAD\">Despu\u00e9s de haber lanzado\u00a0el pasado 14 de febrero su\u00a0sencillo\u00a0<i>\u201cTE HE PROMETIDO\u201d<\/i>, original del cantante LEO DAN,\u00a0<\/span><b><span lang=\"ES-TRAD\">Ana Spindola<\/span><\/b><span lang=\"ES-TRAD\">\u00a0ex participante de La Voz M\u00e9xico (equipo de Ricardo Montaner) le hace frente al COVID-19 de manera positiva al componer una canci\u00f3n tras guardarse en cuarentena en su casa. Dicho tema lleva por nombre:\u00a0<i>Yo me quedo en casa cuid\u00e1ndote a ti<\/i>.<\/span><\/p>\n<p class=\"x_MsoNormal\"><span lang=\"ES-TRAD\">\u00a0<\/span><b><span lang=\"ES-TRAD\">Ana Spindola<\/span><\/b><span lang=\"ES-TRAD\">\u00a0lanza como tema emergente\u00a0<i>\u201cYo Me Quedo en Casa Cuid\u00e1ndote a ti\u201d<\/i>\u00a0como una vacuna musical mundial ante la Pandemia del COVID-19 , para \u00a0sanar a la \u00a0gente que sufre de p\u00e1nico.<\/span><\/p>\n<p class=\"x_MsoNormal\"><span style=\"font-size: large;\"><b>Tiene como objetivo principal abrazar y unificar a las naciones afectadas; haciendo un homenaje a las personas que han sido v\u00edctimas de este virus y a las personas que est\u00e1n arriesgando su vida para erradicar esta pandemia.<\/b><\/span><\/p>\n<p class=\"x_MsoNormal\"><span lang=\"ES-TRAD\">\u00a0<\/span><span lang=\"ES-TRAD\">As\u00ed mismo en la letra de la canci\u00f3n hace una cordial invitaci\u00f3n de prevenci\u00f3n para que la gente se quede en su casa y tomen las precauciones necesarias para que no se extienda m\u00e1s el virus, causa de muchas muertes en el mundo.<\/span><\/p>\n<p class=\"x_MsoNormal\"><span lang=\"ES-TRAD\">\u00a0<\/span><span lang=\"ES-TRAD\">El tema\u00a0<i>\u201cYo me quedo en Casa Cuid\u00e1ndote a ti\u201d<\/i>\u00a0se suma al movimiento #Yomequedoencasa en el que muchos artistas mundiales participan creando m\u00fasica desde su hogar.\u00a0<\/span><\/p>\n<p class=\"x_MsoNormal\"><span lang=\"ES-TRAD\"><b>Ana Spindola<\/b>\u00a0en su ret\u00f3rica para expresar su mensaje crea a COVI, un personaje antagonista, similar al COCO (recordando al personaje de nuestra infancia) para tratar de caricaturizar al virus de manera chusca.<\/span><\/p>\n<p class=\"x_MsoNormal\"><span lang=\"ES-TRAD\"><b>\u00a0<\/b><\/span><span lang=\"ES-TRAD\">En su filosof\u00eda de vida,\u00a0<b>Ana Spindola<\/b>\u00a0menciona que a los problemas tambi\u00e9n hay que sonre\u00edrles de la mejor manera. Por ello ella expresa que el arte es la mejor medicina para curarnos espiritualmente. Tambi\u00e9n hace una invitaci\u00f3n a los artistas para crear arte a trav\u00e9s de sus redes sociales.<\/span><\/p>\n<p class=\"x_MsoNormal\"><span lang=\"ES-TRAD\">\u00a0<\/span><span lang=\"ES-TRAD\">\u201cLa M\u00fasica sirve para remediar los males, para divertirnos, expresarnos, conocernos, sanar y evolucionar, pero en especial para hacer conciencia de las situaciones a las que nos enfrentamos d\u00eda a d\u00eda de manera positiva\u201d.<\/span><\/p>\n<p class=\"x_MsoNormal\"><span lang=\"ES-TRAD\">El tema\u00a0\u201cYo me quedo en Casa Cuid\u00e1ndote a ti\u201d se encuentra disponible a partir de ya en todas las plataformas digitales, tal es caso v\u00eda\u00a0spotify\u00a0\u00a0<span style=\"font-family: Arial, Helvetica, sans-serif, serif, EmojiFont;\"><a href=\"https:\/\/open.spotify.com\/album\/4MGaoajHQGMiuryAxMIANK\" target=\"_blank\" rel=\"noopener noreferrer\" data-auth=\"NotApplicable\"><b>https:\/\/open.spotify.com\/album\/4MGaoajHQGMiuryAxMIANK<\/b><\/a><\/span><br \/>\n<\/span><\/p>\n<p class=\"x_MsoNormal\"><span lang=\"ES-TRAD\">Adjuntamos Portada de tema,\u00a0\u00a0<b>Ana Spindola<\/b>\u00a0esta disponible para entrevistas via telefonica\u00a0y video llamada, agradecemos la difusi\u00f3n de esta informaci\u00f3n.<\/span><\/p>\n<p class=\"x_MsoNormal\"><span lang=\"ES-TRAD\">\u00a0<\/span><i>Ana Spindola\u00a0<\/i><\/p>\n<p class=\"x_MsoNormal\"><a href=\"http:\/\/www.anaspindolamusica.com\/\" target=\"_blank\" rel=\"noopener noreferrer\" data-auth=\"NotApplicable\">www.anaspindolamusica.com<\/a><\/p>\n<p>[\/fusion_text][fusion_gallery layout=&#8221;&#8221; picture_size=&#8221;&#8221; columns=&#8221;&#8221; column_spacing=&#8221;10&#8243; gallery_masonry_grid_ratio=&#8221;&#8221; gallery_masonry_width_double=&#8221;&#8221; hover_type=&#8221;&#8221; lightbox=&#8221;yes&#8221; lightbox_content=&#8221;&#8221; bordersize=&#8221;&#8221; bordercolor=&#8221;&#8221; border_radius=&#8221;&#8221; hide_on_mobile=&#8221;small-visibility,medium-visibility,large-visibility&#8221; class=&#8221;&#8221; id=&#8221;&#8221;][fusion_gallery_image image=&#8221;https:\/\/www.bitacoracdmx.com\/wp-content\/uploads\/2020\/04\/PORTADA-Yo-me-quedo-en-casa-cuid\u00e1ndote-a-ti..jpg&#8221; image_id=&#8221;33786|full&#8221; link=&#8221;&#8221; linktarget=&#8221;_self&#8221; \/][fusion_gallery_image image=&#8221;https:\/\/www.bitacoracdmx.com\/wp-content\/uploads\/2020\/04\/press-Yo-me-quedo-en-casa-cuid\u00e1ndote-a-ti..jpeg&#8221; image_id=&#8221;33787|full&#8221; link=&#8221;&#8221; linktarget=&#8221;_self&#8221; \/][fusion_gallery_image image=&#8221;https:\/\/www.bitacoracdmx.com\/wp-content\/uploads\/2020\/04\/image-wh.jpeg&#8221; image_id=&#8221;33788|full&#8221; link=&#8221;&#8221; linktarget=&#8221;_self&#8221; \/][\/fusion_gallery][\/fusion_builder_column][\/fusion_builder_row][\/fusion_builder_container]<\/p>\n","protected":false},"excerpt":{"rendered":"<p>[fusion_builder_container hundred_percent=&#8221;no&#8221; equal_height_columns=&#8221;no&#8221; menu_anchor=&#8221;&#8221; hide_on_mobile=&#8221;small-visibility,medium-visibility,large-visibility&#8221; class=&#8221;&#8221; id=&#8221;&#8221; background_color=&#8221;&#8221; background_image=&#8221;&#8221; background_position=&#8221;center center&#8221; background_repeat=&#8221;no-repeat&#8221; fade=&#8221;no&#8221; background_parallax=&#8221;none&#8221; parallax_speed=&#8221;0.3&#8243; video_mp4=&#8221;&#8221; video_webm=&#8221;&#8221; video_ogv=&#8221;&#8221; video_url=&#8221;&#8221; video_aspect_ratio=&#8221;16:9&#8243; video_loop=&#8221;yes&#8221; video_mute=&#8221;yes&#8221; overlay_color=&#8221;&#8221; video_preview_image=&#8221;&#8221; border_size=&#8221;&#8221; border_color=&#8221;&#8221; border_style=&#8221;solid&#8221; padding_top=&#8221;&#8221; padding_bottom=&#8221;&#8221; padding_left=&#8221;&#8221; padding_right=&#8221;&#8221;][fusion_builder_row][fusion_builder_column type=&#8221;1_1&#8243; layout=&#8221;1_1&#8243; background_position=&#8221;left top&#8221; background_color=&#8221;&#8221; border_size=&#8221;&#8221; border_color=&#8221;&#8221; border_style=&#8221;solid&#8221; border_position=&#8221;all&#8221; spacing=&#8221;yes&#8221; background_image=&#8221;&#8221; background_repeat=&#8221;no-repeat&#8221; padding_top=&#8221;&#8221; padding_right=&#8221;&#8221; padding_bottom=&#8221;&#8221; padding_left=&#8221;&#8221; margin_top=&#8221;0px&#8221; margin_bottom=&#8221;0px&#8221; class=&#8221;&#8221; id=&#8221;&#8221; animation_type=&#8221;&#8221; animation_speed=&#8221;0.3&#8243; animation_direction=&#8221;left&#8221; hide_on_mobile=&#8221;small-visibility,medium-visibility,large-visibility&#8221; center_content=&#8221;no&#8221; last=&#8221;no&#8221; min_height=&#8221;&#8221; hover_type=&#8221;none&#8221; link=&#8221;&#8221;][fusion_text] REDACCI\u00d3N Despu\u00e9s de haber lanzado\u00a0el pasado 14 de febrero su\u00a0sencillo\u00a0\u201cTE HE PROMETIDO\u201d, original del cantante LEO DAN,\u00a0Ana Spindola\u00a0ex participante de La Voz M\u00e9xico (equipo de Ricardo Montaner) le hace frente al COVID-19 de manera positiva al componer una canci\u00f3n tras [&hellip;]<\/p>\n","protected":false},"author":1,"featured_media":33786,"comment_status":"open","ping_status":"open","sticky":false,"template":"","format":"standard","meta":{"footnotes":""},"categories":[9,11],"tags":[],"_links":{"self":[{"href":"https:\/\/www.bitacoracdmx.com\/index.php?rest_route=\/wp\/v2\/posts\/33785"}],"collection":[{"href":"https:\/\/www.bitacoracdmx.com\/index.php?rest_route=\/wp\/v2\/posts"}],"about":[{"href":"https:\/\/www.bitacoracdmx.com\/index.php?rest_route=\/wp\/v2\/types\/post"}],"author":[{"embeddable":true,"href":"https:\/\/www.bitacoracdmx.com\/index.php?rest_route=\/wp\/v2\/users\/1"}],"replies":[{"embeddable":true,"href":"https:\/\/www.bitacoracdmx.com\/index.php?rest_route=%2Fwp%2Fv2%2Fcomments&post=33785"}],"version-history":[{"count":1,"href":"https:\/\/www.bitacoracdmx.com\/index.php?rest_route=\/wp\/v2\/posts\/33785\/revisions"}],"predecessor-version":[{"id":33789,"href":"https:\/\/www.bitacoracdmx.com\/index.php?rest_route=\/wp\/v2\/posts\/33785\/revisions\/33789"}],"wp:featuredmedia":[{"embeddable":true,"href":"https:\/\/www.bitacoracdmx.com\/index.php?rest_route=\/wp\/v2\/media\/33786"}],"wp:attachment":[{"href":"https:\/\/www.bitacoracdmx.com\/index.php?rest_route=%2Fwp%2Fv2%2Fmedia&parent=33785"}],"wp:term":[{"taxonomy":"category","embeddable":true,"href":"https:\/\/www.bitacoracdmx.com\/index.php?rest_route=%2Fwp%2Fv2%2Fcategories&post=33785"},{"taxonomy":"post_tag","embeddable":true,"href":"https:\/\/www.bitacoracdmx.com\/index.php?rest_route=%2Fwp%2Fv2%2Ftags&post=33785"}],"curies":[{"name":"wp","href":"https:\/\/api.w.org\/{rel}","templated":true}]}}