{"id":33798,"date":"2020-04-29T23:01:32","date_gmt":"2020-04-29T23:01:32","guid":{"rendered":"https:\/\/www.bitacoracdmx.com\/?p=33798"},"modified":"2020-04-29T23:01:32","modified_gmt":"2020-04-29T23:01:32","slug":"ritmo-peligroso-estrena-el-video-dejala-tranquila-feat-shenka","status":"publish","type":"post","link":"https:\/\/www.bitacoracdmx.com\/?p=33798","title":{"rendered":"Ritmo Peligroso estrena el v\u00eddeo \u201cD\u00e9jala Tranquila\u201d, feat Shenka"},"content":{"rendered":"<p>[fusion_builder_container hundred_percent=&#8221;no&#8221; equal_height_columns=&#8221;no&#8221; menu_anchor=&#8221;&#8221; hide_on_mobile=&#8221;small-visibility,medium-visibility,large-visibility&#8221; class=&#8221;&#8221; id=&#8221;&#8221; background_color=&#8221;&#8221; background_image=&#8221;&#8221; background_position=&#8221;center center&#8221; background_repeat=&#8221;no-repeat&#8221; fade=&#8221;no&#8221; background_parallax=&#8221;none&#8221; parallax_speed=&#8221;0.3&#8243; video_mp4=&#8221;&#8221; video_webm=&#8221;&#8221; video_ogv=&#8221;&#8221; video_url=&#8221;&#8221; video_aspect_ratio=&#8221;16:9&#8243; video_loop=&#8221;yes&#8221; video_mute=&#8221;yes&#8221; overlay_color=&#8221;&#8221; video_preview_image=&#8221;&#8221; border_size=&#8221;&#8221; border_color=&#8221;&#8221; border_style=&#8221;solid&#8221; padding_top=&#8221;&#8221; padding_bottom=&#8221;&#8221; padding_left=&#8221;&#8221; padding_right=&#8221;&#8221;][fusion_builder_row][fusion_builder_column type=&#8221;1_1&#8243; layout=&#8221;1_1&#8243; background_position=&#8221;left top&#8221; background_color=&#8221;&#8221; border_size=&#8221;&#8221; border_color=&#8221;&#8221; border_style=&#8221;solid&#8221; border_position=&#8221;all&#8221; spacing=&#8221;yes&#8221; background_image=&#8221;&#8221; background_repeat=&#8221;no-repeat&#8221; padding_top=&#8221;&#8221; padding_right=&#8221;&#8221; padding_bottom=&#8221;&#8221; padding_left=&#8221;&#8221; margin_top=&#8221;0px&#8221; margin_bottom=&#8221;0px&#8221; class=&#8221;&#8221; id=&#8221;&#8221; animation_type=&#8221;&#8221; animation_speed=&#8221;0.3&#8243; animation_direction=&#8221;left&#8221; hide_on_mobile=&#8221;small-visibility,medium-visibility,large-visibility&#8221; center_content=&#8221;no&#8221; last=&#8221;no&#8221; min_height=&#8221;&#8221; hover_type=&#8221;none&#8221; link=&#8221;&#8221;][fusion_text]<\/p>\n<p>REDACCI\u00d3N<\/p>\n<p><span lang=\"ES\"><span style=\"font-size: large;\"><span style=\"font-family: Calibri, sans-serif;\">El Estado de M\u00e9xico\u00a0junto con la agencia FPU\/NEXXUS lanzo\u00a0el a\u00f1o p\u00e1sado\u00a0la campa\u00f1a titulada\u00a0<i>\u201cDejala Tranquila\u201d\u00a0<\/i>con el grupo de Rock Mexicano\u00a0<b>Ritmo Peligroso<\/b>, para apoyar la eliminaci\u00f3n de la violencia contra la mujer.<\/span><\/span><\/span><\/p>\n<p><span lang=\"ES\"><span style=\"font-size: large;\">Esta campa\u00f1a apoyada por conciertos en varios de los municipios del EDOMEX busca apoyar los derechos de la mujer y la denuncia de todo tipo de acoso hacia ella.\u00a0<\/span><\/span><\/p>\n<p><span lang=\"ES\"><span style=\"font-size: large;\"><span style=\"font-family: Calibri, sans-serif;\">El video de la canci\u00f3n\u00a0<\/span><i>\u201cD\u00e9jala Tranquila\u201d<\/i><span style=\"font-family: Calibri, sans-serif;\">\u00a0de\u00a0<\/span><b>Ritmo Peligroso\u00a0 feat.\u00a0 Dr. Shenka\u00a0<\/b><span style=\"font-family: Calibri, sans-serif;\">fue grabado en diversa locaciones\u00a0del edo. de mex. siendo algunas tomas de los coenciertos que la banda viene realizando en esa entidad.<\/span><\/span><\/span><\/p>\n<p><span lang=\"ES\"><span style=\"font-size: large;\"><span style=\"font-family: Calibri, sans-serif;\">El tema, que fue un gran \u00e9xito popular hace 30 a\u00f1os ahora se convierte en un himno de denuncia a favor de los derechos de la mujer del EDOMEX con una gira de conciertos de la banda por los municipios con alerta de g\u00e9nero en plazas y foros para concientizar a la gente\u00a0 mediante la m\u00fasica.\u00a0<\/span><\/span><\/span>El a\u00f1o pasado se complet\u00f3 una primera fase de 5 municipios, este 2020 continuar\u00e1 con una segunda fase y m\u00e1s conciertos.<\/p>\n<p><span lang=\"ES\"><b><span style=\"font-size: large;\">Ritmo Peligroso, feat Dr. Shenka &#8211; D\u00e9jala Tranquila\u00a0<\/span><\/b><a href=\"https:\/\/www.youtube.com\/watch?v=cae2EqMuO-0\" target=\"_blank\" rel=\"noopener noreferrer\" data-auth=\"NotApplicable\"><b>https:\/\/www.youtube.com\/watch?v=cae2EqMuO-0<\/b><\/a><\/span><\/p>\n<p><span lang=\"ES\"><b><span style=\"font-size: xx-large;\">ESTRENO ABRIL 2020.<\/span><\/b><\/span><\/p>\n<p>[\/fusion_text][fusion_gallery layout=&#8221;&#8221; picture_size=&#8221;&#8221; columns=&#8221;&#8221; column_spacing=&#8221;10&#8243; gallery_masonry_grid_ratio=&#8221;&#8221; gallery_masonry_width_double=&#8221;&#8221; hover_type=&#8221;&#8221; lightbox=&#8221;yes&#8221; lightbox_content=&#8221;&#8221; bordersize=&#8221;&#8221; bordercolor=&#8221;&#8221; border_radius=&#8221;&#8221; hide_on_mobile=&#8221;small-visibility,medium-visibility,large-visibility&#8221; class=&#8221;&#8221; id=&#8221;&#8221;][fusion_gallery_image image=&#8221;https:\/\/www.bitacoracdmx.com\/wp-content\/uploads\/2020\/04\/rp2.jpeg&#8221; image_id=&#8221;33799|full&#8221; link=&#8221;&#8221; linktarget=&#8221;_self&#8221; \/][fusion_gallery_image image=&#8221;https:\/\/www.bitacoracdmx.com\/wp-content\/uploads\/2020\/04\/rp3.jpeg&#8221; image_id=&#8221;33800|full&#8221; link=&#8221;&#8221; linktarget=&#8221;_self&#8221; \/][fusion_gallery_image image=&#8221;https:\/\/www.bitacoracdmx.com\/wp-content\/uploads\/2020\/04\/rp1.jpeg&#8221; image_id=&#8221;33801|full&#8221; link=&#8221;&#8221; linktarget=&#8221;_self&#8221; \/][fusion_gallery_image image=&#8221;https:\/\/www.bitacoracdmx.com\/wp-content\/uploads\/2020\/04\/rp4.jpeg&#8221; image_id=&#8221;33802|full&#8221; link=&#8221;&#8221; linktarget=&#8221;_self&#8221; \/][\/fusion_gallery][\/fusion_builder_column][\/fusion_builder_row][\/fusion_builder_container]<\/p>\n","protected":false},"excerpt":{"rendered":"<p>[fusion_builder_container hundred_percent=&#8221;no&#8221; equal_height_columns=&#8221;no&#8221; menu_anchor=&#8221;&#8221; hide_on_mobile=&#8221;small-visibility,medium-visibility,large-visibility&#8221; class=&#8221;&#8221; id=&#8221;&#8221; background_color=&#8221;&#8221; background_image=&#8221;&#8221; background_position=&#8221;center center&#8221; background_repeat=&#8221;no-repeat&#8221; fade=&#8221;no&#8221; background_parallax=&#8221;none&#8221; parallax_speed=&#8221;0.3&#8243; video_mp4=&#8221;&#8221; video_webm=&#8221;&#8221; video_ogv=&#8221;&#8221; video_url=&#8221;&#8221; video_aspect_ratio=&#8221;16:9&#8243; video_loop=&#8221;yes&#8221; video_mute=&#8221;yes&#8221; overlay_color=&#8221;&#8221; video_preview_image=&#8221;&#8221; border_size=&#8221;&#8221; border_color=&#8221;&#8221; border_style=&#8221;solid&#8221; padding_top=&#8221;&#8221; padding_bottom=&#8221;&#8221; padding_left=&#8221;&#8221; padding_right=&#8221;&#8221;][fusion_builder_row][fusion_builder_column type=&#8221;1_1&#8243; layout=&#8221;1_1&#8243; background_position=&#8221;left top&#8221; background_color=&#8221;&#8221; border_size=&#8221;&#8221; border_color=&#8221;&#8221; border_style=&#8221;solid&#8221; border_position=&#8221;all&#8221; spacing=&#8221;yes&#8221; background_image=&#8221;&#8221; background_repeat=&#8221;no-repeat&#8221; padding_top=&#8221;&#8221; padding_right=&#8221;&#8221; padding_bottom=&#8221;&#8221; padding_left=&#8221;&#8221; margin_top=&#8221;0px&#8221; margin_bottom=&#8221;0px&#8221; class=&#8221;&#8221; id=&#8221;&#8221; animation_type=&#8221;&#8221; animation_speed=&#8221;0.3&#8243; animation_direction=&#8221;left&#8221; hide_on_mobile=&#8221;small-visibility,medium-visibility,large-visibility&#8221; center_content=&#8221;no&#8221; last=&#8221;no&#8221; min_height=&#8221;&#8221; hover_type=&#8221;none&#8221; link=&#8221;&#8221;][fusion_text] REDACCI\u00d3N El Estado de M\u00e9xico\u00a0junto con la agencia FPU\/NEXXUS lanzo\u00a0el a\u00f1o p\u00e1sado\u00a0la campa\u00f1a titulada\u00a0\u201cDejala Tranquila\u201d\u00a0con el grupo de Rock Mexicano\u00a0Ritmo Peligroso, para apoyar la eliminaci\u00f3n de la violencia contra la mujer. Esta campa\u00f1a apoyada por conciertos en varios de los [&hellip;]<\/p>\n","protected":false},"author":1,"featured_media":33800,"comment_status":"open","ping_status":"open","sticky":false,"template":"","format":"standard","meta":{"footnotes":""},"categories":[9,11],"tags":[],"_links":{"self":[{"href":"https:\/\/www.bitacoracdmx.com\/index.php?rest_route=\/wp\/v2\/posts\/33798"}],"collection":[{"href":"https:\/\/www.bitacoracdmx.com\/index.php?rest_route=\/wp\/v2\/posts"}],"about":[{"href":"https:\/\/www.bitacoracdmx.com\/index.php?rest_route=\/wp\/v2\/types\/post"}],"author":[{"embeddable":true,"href":"https:\/\/www.bitacoracdmx.com\/index.php?rest_route=\/wp\/v2\/users\/1"}],"replies":[{"embeddable":true,"href":"https:\/\/www.bitacoracdmx.com\/index.php?rest_route=%2Fwp%2Fv2%2Fcomments&post=33798"}],"version-history":[{"count":1,"href":"https:\/\/www.bitacoracdmx.com\/index.php?rest_route=\/wp\/v2\/posts\/33798\/revisions"}],"predecessor-version":[{"id":33803,"href":"https:\/\/www.bitacoracdmx.com\/index.php?rest_route=\/wp\/v2\/posts\/33798\/revisions\/33803"}],"wp:featuredmedia":[{"embeddable":true,"href":"https:\/\/www.bitacoracdmx.com\/index.php?rest_route=\/wp\/v2\/media\/33800"}],"wp:attachment":[{"href":"https:\/\/www.bitacoracdmx.com\/index.php?rest_route=%2Fwp%2Fv2%2Fmedia&parent=33798"}],"wp:term":[{"taxonomy":"category","embeddable":true,"href":"https:\/\/www.bitacoracdmx.com\/index.php?rest_route=%2Fwp%2Fv2%2Fcategories&post=33798"},{"taxonomy":"post_tag","embeddable":true,"href":"https:\/\/www.bitacoracdmx.com\/index.php?rest_route=%2Fwp%2Fv2%2Ftags&post=33798"}],"curies":[{"name":"wp","href":"https:\/\/api.w.org\/{rel}","templated":true}]}}