{"id":33804,"date":"2020-04-29T23:05:38","date_gmt":"2020-04-29T23:05:38","guid":{"rendered":"https:\/\/www.bitacoracdmx.com\/?p=33804"},"modified":"2020-04-29T23:05:38","modified_gmt":"2020-04-29T23:05:38","slug":"tiempo-de-amar-lorena-tassinari-y-su-nuevo-sencillo-se-estrena-1-de-mayo-en-plataformas","status":"publish","type":"post","link":"https:\/\/www.bitacoracdmx.com\/?p=33804","title":{"rendered":"&#8220;TIEMPO DE AMAR\u201d Lorena Tassinari y su nuevo sencillo se estrena 1 de mayo en plataformas"},"content":{"rendered":"<p>[fusion_builder_container hundred_percent=&#8221;no&#8221; equal_height_columns=&#8221;no&#8221; menu_anchor=&#8221;&#8221; hide_on_mobile=&#8221;small-visibility,medium-visibility,large-visibility&#8221; class=&#8221;&#8221; id=&#8221;&#8221; background_color=&#8221;&#8221; background_image=&#8221;&#8221; background_position=&#8221;center center&#8221; background_repeat=&#8221;no-repeat&#8221; fade=&#8221;no&#8221; background_parallax=&#8221;none&#8221; parallax_speed=&#8221;0.3&#8243; video_mp4=&#8221;&#8221; video_webm=&#8221;&#8221; video_ogv=&#8221;&#8221; video_url=&#8221;&#8221; video_aspect_ratio=&#8221;16:9&#8243; video_loop=&#8221;yes&#8221; video_mute=&#8221;yes&#8221; overlay_color=&#8221;&#8221; video_preview_image=&#8221;&#8221; border_size=&#8221;&#8221; border_color=&#8221;&#8221; border_style=&#8221;solid&#8221; padding_top=&#8221;&#8221; padding_bottom=&#8221;&#8221; padding_left=&#8221;&#8221; padding_right=&#8221;&#8221;][fusion_builder_row][fusion_builder_column type=&#8221;1_1&#8243; layout=&#8221;1_1&#8243; background_position=&#8221;left top&#8221; background_color=&#8221;&#8221; border_size=&#8221;&#8221; border_color=&#8221;&#8221; border_style=&#8221;solid&#8221; border_position=&#8221;all&#8221; spacing=&#8221;yes&#8221; background_image=&#8221;&#8221; background_repeat=&#8221;no-repeat&#8221; padding_top=&#8221;&#8221; padding_right=&#8221;&#8221; padding_bottom=&#8221;&#8221; padding_left=&#8221;&#8221; margin_top=&#8221;0px&#8221; margin_bottom=&#8221;0px&#8221; class=&#8221;&#8221; id=&#8221;&#8221; animation_type=&#8221;&#8221; animation_speed=&#8221;0.3&#8243; animation_direction=&#8221;left&#8221; hide_on_mobile=&#8221;small-visibility,medium-visibility,large-visibility&#8221; center_content=&#8221;no&#8221; last=&#8221;no&#8221; min_height=&#8221;&#8221; hover_type=&#8221;none&#8221; link=&#8221;&#8221;][fusion_text]<\/p>\n<p>REDACCI\u00d3N<\/p>\n<p class=\"x_MsoNormal\"><span style=\"font-size: large;\">De familia de artistas y con el talento en la sangre, realiz\u00f3 su primer concierto de piano a los 8 a\u00f1os, en el Conservatorio Nacional de M\u00fasica y es asi como a los 17 a\u00f1os se titula y a su vez tambi\u00e9n de la Escuela Nacional de Danza de Bellas Artes de la Ciudad de M\u00e9xico, donde explot\u00f3 su talento art\u00edstico de la mano de maestros como: Doris Schack, Gloria Z\u00e1pari, Benjam\u00edn Vald\u00e9s Aguilar y Adoraci\u00f3n Fabila.<br \/>\n<\/span><\/p>\n<p class=\"x_MsoNormal\"><span style=\"font-size: large;\">Realiz\u00f3 un postgrado en Armon\u00eda con el maestro Carlos Fuentes Gonz\u00e1lez.<br \/>\n<\/span><\/p>\n<p class=\"x_MsoNormal\"><span style=\"font-size: large;\">Actualmente sigue prepar\u00e1ndose con la maestra soprano Halina Nadi, y en el ballet cl\u00e1sico Dariusz Blajer y Nellie Campobello estuvieron presentes en su formaci\u00f3n, y actualmente, sigue de la mano de Xoxhitl Ayala, Reina P\u00e9rez, Guliaa Kalmurzina, con quiernes prepara coreograf\u00edas para sus conciertos<\/span><\/p>\n<p><b>Comienzos<\/b><br \/>\nEmpez\u00f3 su carrera en el concurso de \u2018Valores juveniles\u2019; y de ah\u00ed a la fecha ha grabado 20 discos, de los cuales 3 son de pop, 2 m\u00fasica regional 15 de Classic-Crossover<\/p>\n<p>Dentro de su amplia discograf\u00eda sobresalen:<\/p>\n<p>Reina del cielo; Grabado en colaboraci\u00f3n con Pl\u00e1cido Domingo y la Orquesta Sinf\u00f3nica del Athenaeum.<\/p>\n<p>Mi M\u00e9xico Querido; Donde interpreta las canciones mexicanas m\u00e1s representativas del pa\u00eds como: \u2018La Malague\u00f1a\u2019, \u201cLa Adelita\u2019 y varios temas de su autor\u00eda: \u201cM\u00e9xico, M\u00e9xico, M\u00e9xico\u201d, \u201cMi tierra Guadalajara\u201d, \u201cD\u00e9jame tocar el Cielo&#8230;.\u201d<\/p>\n<p>\u00c9xitos de telenovelas; Donde interpreta las composiciones que ha realizado para temas de telenovelas famosas a nivel mundial como: \u201cMuchachitas\u201d, \u201cSalud dinero y amor\u201d, \u201cAl filo de la muerte\u201d y \u201cM\u00e1gica juventud\u201d, \u201cMujer de Madera\u201d, \u201cSortilegio\u201d, \u201cEl premio Mayor\u201d.<\/p>\n<p>Enciclopedia musical del Cielo a la tierra; es un compilado de siete discos y un libro escrito por ella que habla sobre el poder de sanaci\u00f3n a trav\u00e9s de la m\u00fasica.<\/p>\n<p>Este 2020 regresa reinvent\u00e1ndose con un nuevo material del cual se desprenden dos sencillos<\/p>\n<p>MARACAI\u00a0que se lanzo en plataformas el pasado 24 de abril<\/p>\n<p><b>\u201cTIEMPO DE AMAR\u201d que sera\u00a0estrenado este 01 de mayo<br \/>\n<\/b><br \/>\nEn este \u00c1lbum nos muestra un re encuentro con el danz\u00f3n y tango sinf\u00f3nico como el swing ,country y el amor atravez de su voz y sus ritmos.<\/p>\n<p class=\"x_MsoNormal\"><span style=\"font-size: large;\"><br \/>\nUn \u00e1lbum con pasi\u00f3n, amor y entrega<\/span><\/p>\n<p>[\/fusion_text][fusion_imageframe image_id=&#8221;33805|full&#8221; max_width=&#8221;&#8221; style_type=&#8221;&#8221; blur=&#8221;&#8221; stylecolor=&#8221;&#8221; hover_type=&#8221;none&#8221; bordersize=&#8221;&#8221; bordercolor=&#8221;&#8221; borderradius=&#8221;&#8221; align=&#8221;none&#8221; lightbox=&#8221;no&#8221; gallery_id=&#8221;&#8221; lightbox_image=&#8221;&#8221; lightbox_image_id=&#8221;&#8221; alt=&#8221;&#8221; link=&#8221;&#8221; linktarget=&#8221;_self&#8221; hide_on_mobile=&#8221;small-visibility,medium-visibility,large-visibility&#8221; class=&#8221;&#8221; id=&#8221;&#8221; animation_type=&#8221;&#8221; animation_direction=&#8221;left&#8221; animation_speed=&#8221;0.3&#8243; animation_offset=&#8221;&#8221;]https:\/\/www.bitacoracdmx.com\/wp-content\/uploads\/2020\/04\/TIEMPO-DE-AMAR-CH.jpg[\/fusion_imageframe][\/fusion_builder_column][\/fusion_builder_row][\/fusion_builder_container]<\/p>\n","protected":false},"excerpt":{"rendered":"<p>[fusion_builder_container hundred_percent=&#8221;no&#8221; equal_height_columns=&#8221;no&#8221; menu_anchor=&#8221;&#8221; hide_on_mobile=&#8221;small-visibility,medium-visibility,large-visibility&#8221; class=&#8221;&#8221; id=&#8221;&#8221; background_color=&#8221;&#8221; background_image=&#8221;&#8221; background_position=&#8221;center center&#8221; background_repeat=&#8221;no-repeat&#8221; fade=&#8221;no&#8221; background_parallax=&#8221;none&#8221; parallax_speed=&#8221;0.3&#8243; video_mp4=&#8221;&#8221; video_webm=&#8221;&#8221; video_ogv=&#8221;&#8221; video_url=&#8221;&#8221; video_aspect_ratio=&#8221;16:9&#8243; video_loop=&#8221;yes&#8221; video_mute=&#8221;yes&#8221; overlay_color=&#8221;&#8221; video_preview_image=&#8221;&#8221; border_size=&#8221;&#8221; border_color=&#8221;&#8221; border_style=&#8221;solid&#8221; padding_top=&#8221;&#8221; padding_bottom=&#8221;&#8221; padding_left=&#8221;&#8221; padding_right=&#8221;&#8221;][fusion_builder_row][fusion_builder_column type=&#8221;1_1&#8243; layout=&#8221;1_1&#8243; background_position=&#8221;left top&#8221; background_color=&#8221;&#8221; border_size=&#8221;&#8221; border_color=&#8221;&#8221; border_style=&#8221;solid&#8221; border_position=&#8221;all&#8221; spacing=&#8221;yes&#8221; background_image=&#8221;&#8221; background_repeat=&#8221;no-repeat&#8221; padding_top=&#8221;&#8221; padding_right=&#8221;&#8221; padding_bottom=&#8221;&#8221; padding_left=&#8221;&#8221; margin_top=&#8221;0px&#8221; margin_bottom=&#8221;0px&#8221; class=&#8221;&#8221; id=&#8221;&#8221; animation_type=&#8221;&#8221; animation_speed=&#8221;0.3&#8243; animation_direction=&#8221;left&#8221; hide_on_mobile=&#8221;small-visibility,medium-visibility,large-visibility&#8221; center_content=&#8221;no&#8221; last=&#8221;no&#8221; min_height=&#8221;&#8221; hover_type=&#8221;none&#8221; link=&#8221;&#8221;][fusion_text] REDACCI\u00d3N De familia de artistas y con el talento en la sangre, realiz\u00f3 su primer concierto de piano a los 8 a\u00f1os, en el Conservatorio Nacional de M\u00fasica y es asi como a los 17 a\u00f1os se titula y a [&hellip;]<\/p>\n","protected":false},"author":1,"featured_media":33805,"comment_status":"open","ping_status":"open","sticky":false,"template":"","format":"standard","meta":{"footnotes":""},"categories":[9,11],"tags":[],"_links":{"self":[{"href":"https:\/\/www.bitacoracdmx.com\/index.php?rest_route=\/wp\/v2\/posts\/33804"}],"collection":[{"href":"https:\/\/www.bitacoracdmx.com\/index.php?rest_route=\/wp\/v2\/posts"}],"about":[{"href":"https:\/\/www.bitacoracdmx.com\/index.php?rest_route=\/wp\/v2\/types\/post"}],"author":[{"embeddable":true,"href":"https:\/\/www.bitacoracdmx.com\/index.php?rest_route=\/wp\/v2\/users\/1"}],"replies":[{"embeddable":true,"href":"https:\/\/www.bitacoracdmx.com\/index.php?rest_route=%2Fwp%2Fv2%2Fcomments&post=33804"}],"version-history":[{"count":1,"href":"https:\/\/www.bitacoracdmx.com\/index.php?rest_route=\/wp\/v2\/posts\/33804\/revisions"}],"predecessor-version":[{"id":33806,"href":"https:\/\/www.bitacoracdmx.com\/index.php?rest_route=\/wp\/v2\/posts\/33804\/revisions\/33806"}],"wp:featuredmedia":[{"embeddable":true,"href":"https:\/\/www.bitacoracdmx.com\/index.php?rest_route=\/wp\/v2\/media\/33805"}],"wp:attachment":[{"href":"https:\/\/www.bitacoracdmx.com\/index.php?rest_route=%2Fwp%2Fv2%2Fmedia&parent=33804"}],"wp:term":[{"taxonomy":"category","embeddable":true,"href":"https:\/\/www.bitacoracdmx.com\/index.php?rest_route=%2Fwp%2Fv2%2Fcategories&post=33804"},{"taxonomy":"post_tag","embeddable":true,"href":"https:\/\/www.bitacoracdmx.com\/index.php?rest_route=%2Fwp%2Fv2%2Ftags&post=33804"}],"curies":[{"name":"wp","href":"https:\/\/api.w.org\/{rel}","templated":true}]}}