{"id":33810,"date":"2020-04-29T23:16:28","date_gmt":"2020-04-29T23:16:28","guid":{"rendered":"https:\/\/www.bitacoracdmx.com\/?p=33810"},"modified":"2020-04-29T23:16:28","modified_gmt":"2020-04-29T23:16:28","slug":"embajada-de-los-paises-bajos-entrega-tulipanes-a-personal-medico-del-imss-que-atiende-covid-19","status":"publish","type":"post","link":"https:\/\/www.bitacoracdmx.com\/?p=33810","title":{"rendered":"Embajada de los Pa\u00edses Bajos entrega tulipanes a personal m\u00e9dico del IMSS que atiende COVID-19"},"content":{"rendered":"<p>[fusion_builder_container hundred_percent=&#8221;no&#8221; equal_height_columns=&#8221;no&#8221; menu_anchor=&#8221;&#8221; hide_on_mobile=&#8221;small-visibility,medium-visibility,large-visibility&#8221; class=&#8221;&#8221; id=&#8221;&#8221; background_color=&#8221;&#8221; background_image=&#8221;&#8221; background_position=&#8221;center center&#8221; background_repeat=&#8221;no-repeat&#8221; fade=&#8221;no&#8221; background_parallax=&#8221;none&#8221; parallax_speed=&#8221;0.3&#8243; video_mp4=&#8221;&#8221; video_webm=&#8221;&#8221; video_ogv=&#8221;&#8221; video_url=&#8221;&#8221; video_aspect_ratio=&#8221;16:9&#8243; video_loop=&#8221;yes&#8221; video_mute=&#8221;yes&#8221; overlay_color=&#8221;&#8221; video_preview_image=&#8221;&#8221; border_size=&#8221;&#8221; border_color=&#8221;&#8221; border_style=&#8221;solid&#8221; padding_top=&#8221;&#8221; padding_bottom=&#8221;&#8221; padding_left=&#8221;&#8221; padding_right=&#8221;&#8221;][fusion_builder_row][fusion_builder_column type=&#8221;1_1&#8243; layout=&#8221;1_1&#8243; background_position=&#8221;left top&#8221; background_color=&#8221;&#8221; border_size=&#8221;&#8221; border_color=&#8221;&#8221; border_style=&#8221;solid&#8221; border_position=&#8221;all&#8221; spacing=&#8221;yes&#8221; background_image=&#8221;&#8221; background_repeat=&#8221;no-repeat&#8221; padding_top=&#8221;&#8221; padding_right=&#8221;&#8221; padding_bottom=&#8221;&#8221; padding_left=&#8221;&#8221; margin_top=&#8221;0px&#8221; margin_bottom=&#8221;0px&#8221; class=&#8221;&#8221; id=&#8221;&#8221; animation_type=&#8221;&#8221; animation_speed=&#8221;0.3&#8243; animation_direction=&#8221;left&#8221; hide_on_mobile=&#8221;small-visibility,medium-visibility,large-visibility&#8221; center_content=&#8221;no&#8221; last=&#8221;no&#8221; min_height=&#8221;&#8221; hover_type=&#8221;none&#8221; link=&#8221;&#8221;][fusion_text]<\/p>\n<p>REDACCI\u00d3N<\/p>\n<p>\u00b7 Se entregaron 430 ramos de tulipanes a mujeres y hombres que integran la primera l\u00ednea contra la pandemia de coronavirus.<\/p>\n<p>\u00b7 Este tipo de acciones demuestra que somos m\u00e1s los buenos y que se est\u00e1n solidarizando con el personal de salud, dijo Fabiana Zepeda, jefa de Divisi\u00f3n de Programas de Enfermer\u00eda del IMSS.<\/p>\n<p>El Reino de los Pa\u00edses Bajos, a trav\u00e9s de su embajada en M\u00e9xico, hizo entrega de 430 ramos de tulipanes al personal m\u00e9dico del Instituto Mexicano del Seguro Social (IMSS) que atiende a pacientes confirmados y sospechosos de COVID-19 en el Hospital de Infectolog\u00eda del Centro M\u00e9dico Nacional La Raza.<\/p>\n<p>En el marco de la fiesta nacional de los Pa\u00edses Bajos, por el D\u00eda del Rey, su embajada decidi\u00f3 celebrar este a\u00f1o en M\u00e9xico con un reconocimiento al esfuerzo de quienes combaten d\u00eda a d\u00eda la pandemia COVID-19: enfermeras, enfermeros, m\u00e9dicas, m\u00e9dicos, camilleros y dem\u00e1s personal de la salud.<\/p>\n<p>En el acto estuvo presente Fabiana Maribel Zepeda Arias, jefa de Divisi\u00f3n de Programas de Enfermer\u00eda del IMSS, quien agradeci\u00f3 el gesto de la Embajada de los Pa\u00edses Bajos hac\u00eda el personal de salud ya que son la primera l\u00ednea en los hospitales para enfrentar el COVID-19.<\/p>\n<p>\u201cPara nosotros este tipo de acciones es una muestra m\u00e1s de que somos m\u00e1s los buenos, de que se est\u00e1n solidarizando con el personal de salud y lo cual agradecemos infinitamente\u201d, indic\u00f3.<\/p>\n<p>Zepeda Arias se\u00f1al\u00f3 que las muestras de valor y entrega del personal m\u00e9dico deben de ser un motivo de orgullo para todas las mexicanas y mexicanos, pues en el IMSS se tiene un alto valor de humanismo y servicio, adem\u00e1s de tener como prioridad la seguridad y salud de todos sus trabajadores y derechohabientes.<\/p>\n<p>La jefa de Divisi\u00f3n de Programas de Enfermer\u00eda del IMSS, a nombre del personal de salud, agradeci\u00f3 a la sociedad por las muestras de solidaridad, respeto y valor que han dado al personal de salud. \u201cMuchas gracias por ser sensibles a nuestro llamado y gracias por seguir qued\u00e1ndose en casa\u201d, expres\u00f3.<\/p>\n<p>Por su parte, el doctor Gustavo S\u00e1nchez Huerta, director del Hospital de Infectolog\u00eda del Centro M\u00e9dico Nacional La Raza, refiri\u00f3 que con la entrega de ramos de tulipanes al personal m\u00e9dico se reconoce la labor de los trabajadores del nosocomio &#8220;Dr. Daniel M\u00e9ndez Hern\u00e1ndez&#8221;.<\/p>\n<p>\u201cTrae un mensaje de apoyo, de solidaridad y ha hecho que los trabajadores se motiven y est\u00e1n muy conscientes de la labor que ellos tienen, de la responsabilidad y de que lo van a hacer con todo el cari\u00f1o, con los colores del Instituto y del pa\u00eds\u201d, resalt\u00f3.<\/p>\n<p>S\u00e1nchez Huerta asegur\u00f3 que el Seguro Social est\u00e1 asumiendo con toda responsabilidad su labor y el compromiso que tiene con la poblaci\u00f3n, adem\u00e1s pidi\u00f3 a la poblaci\u00f3n continuar las medidas de sana distancia, etiqueta respiratoria y de higiene, a fin de contener la pandemia lo antes posible.<\/p>\n<p>\u201cLa parte que le corresponde a la ciudadan\u00eda es la m\u00e1s importante de todas, ellos son los que tienen en sus manos el poder de controlar y cortar esta pandemia\u201d, subray\u00f3.<\/p>\n<p>En tanto Erik Plaisier, Consejero Agr\u00edcola para M\u00e9xico y Cuba de la Embajada del Reino de los Pa\u00edses Bajos, mencion\u00f3 que con motivo del D\u00eda del Rey se hizo entrega de ramos de tulipanes al personal m\u00e9dico del IMSS como reconocimiento a la labor que est\u00e1n haciendo en la contingencia.<\/p>\n<p>A la poblaci\u00f3n mexicana extern\u00f3 que \u201cen este momento en que en todo el mundo estamos enfrentando la misma situaci\u00f3n queremos dar un mensaje, un saludo y compartir solidaridad, y nuestros mejores deseos para el pueblo mexicano\u201d.<\/p>\n<p>[\/fusion_text][fusion_gallery layout=&#8221;&#8221; picture_size=&#8221;&#8221; columns=&#8221;&#8221; column_spacing=&#8221;10&#8243; gallery_masonry_grid_ratio=&#8221;&#8221; gallery_masonry_width_double=&#8221;&#8221; hover_type=&#8221;&#8221; lightbox=&#8221;yes&#8221; lightbox_content=&#8221;&#8221; bordersize=&#8221;&#8221; bordercolor=&#8221;&#8221; border_radius=&#8221;&#8221; hide_on_mobile=&#8221;small-visibility,medium-visibility,large-visibility&#8221; class=&#8221;&#8221; id=&#8221;&#8221;][fusion_gallery_image image=&#8221;https:\/\/www.bitacoracdmx.com\/wp-content\/uploads\/2020\/04\/5.-Pa\u00edses-Bajos-Tulipanes-M\u00e9dicos-IMSS.jpg&#8221; image_id=&#8221;33811|full&#8221; link=&#8221;&#8221; linktarget=&#8221;_self&#8221; \/][fusion_gallery_image image=&#8221;https:\/\/www.bitacoracdmx.com\/wp-content\/uploads\/2020\/04\/4.-Pa\u00edses-Bajos-Tulipanes-M\u00e9dicos-IMSS.jpg&#8221; image_id=&#8221;33812|full&#8221; link=&#8221;&#8221; linktarget=&#8221;_self&#8221; \/][fusion_gallery_image image=&#8221;https:\/\/www.bitacoracdmx.com\/wp-content\/uploads\/2020\/04\/3.-Pa\u00edses-Bajos-Tulipanes-M\u00e9dicos-IMSS.jpg&#8221; image_id=&#8221;33813|full&#8221; link=&#8221;&#8221; linktarget=&#8221;_self&#8221; \/][fusion_gallery_image image=&#8221;https:\/\/www.bitacoracdmx.com\/wp-content\/uploads\/2020\/04\/2.-Pa\u00edses-Bajos-Tulipanes-M\u00e9dicos-IMSS.jpg&#8221; image_id=&#8221;33814|full&#8221; link=&#8221;&#8221; linktarget=&#8221;_self&#8221; \/][fusion_gallery_image image=&#8221;https:\/\/www.bitacoracdmx.com\/wp-content\/uploads\/2020\/04\/1.-Pa\u00edses-Bajos-Tulipanes-M\u00e9dicos-IMSS.jpg&#8221; image_id=&#8221;33815|full&#8221; link=&#8221;&#8221; linktarget=&#8221;_self&#8221; \/][fusion_gallery_image image=&#8221;https:\/\/www.bitacoracdmx.com\/wp-content\/uploads\/2020\/04\/6.-Pa\u00edses-Bajos-Tulipanes-M\u00e9dicos-IMSS.jpg&#8221; image_id=&#8221;33816|full&#8221; link=&#8221;&#8221; linktarget=&#8221;_self&#8221; \/][\/fusion_gallery][\/fusion_builder_column][\/fusion_builder_row][\/fusion_builder_container]<\/p>\n","protected":false},"excerpt":{"rendered":"<p>[fusion_builder_container hundred_percent=&#8221;no&#8221; equal_height_columns=&#8221;no&#8221; menu_anchor=&#8221;&#8221; hide_on_mobile=&#8221;small-visibility,medium-visibility,large-visibility&#8221; class=&#8221;&#8221; id=&#8221;&#8221; background_color=&#8221;&#8221; background_image=&#8221;&#8221; background_position=&#8221;center center&#8221; background_repeat=&#8221;no-repeat&#8221; fade=&#8221;no&#8221; background_parallax=&#8221;none&#8221; parallax_speed=&#8221;0.3&#8243; video_mp4=&#8221;&#8221; video_webm=&#8221;&#8221; video_ogv=&#8221;&#8221; video_url=&#8221;&#8221; video_aspect_ratio=&#8221;16:9&#8243; video_loop=&#8221;yes&#8221; video_mute=&#8221;yes&#8221; overlay_color=&#8221;&#8221; video_preview_image=&#8221;&#8221; border_size=&#8221;&#8221; border_color=&#8221;&#8221; border_style=&#8221;solid&#8221; padding_top=&#8221;&#8221; padding_bottom=&#8221;&#8221; padding_left=&#8221;&#8221; padding_right=&#8221;&#8221;][fusion_builder_row][fusion_builder_column type=&#8221;1_1&#8243; layout=&#8221;1_1&#8243; background_position=&#8221;left top&#8221; background_color=&#8221;&#8221; border_size=&#8221;&#8221; border_color=&#8221;&#8221; border_style=&#8221;solid&#8221; border_position=&#8221;all&#8221; spacing=&#8221;yes&#8221; background_image=&#8221;&#8221; background_repeat=&#8221;no-repeat&#8221; padding_top=&#8221;&#8221; padding_right=&#8221;&#8221; padding_bottom=&#8221;&#8221; padding_left=&#8221;&#8221; margin_top=&#8221;0px&#8221; margin_bottom=&#8221;0px&#8221; class=&#8221;&#8221; id=&#8221;&#8221; animation_type=&#8221;&#8221; animation_speed=&#8221;0.3&#8243; animation_direction=&#8221;left&#8221; hide_on_mobile=&#8221;small-visibility,medium-visibility,large-visibility&#8221; center_content=&#8221;no&#8221; last=&#8221;no&#8221; min_height=&#8221;&#8221; hover_type=&#8221;none&#8221; link=&#8221;&#8221;][fusion_text] REDACCI\u00d3N \u00b7 Se entregaron 430 ramos de tulipanes a mujeres y hombres que integran la primera l\u00ednea contra la pandemia de coronavirus. \u00b7 Este tipo de acciones demuestra que somos m\u00e1s los buenos y que se est\u00e1n solidarizando con el [&hellip;]<\/p>\n","protected":false},"author":1,"featured_media":33815,"comment_status":"open","ping_status":"open","sticky":false,"template":"","format":"standard","meta":{"footnotes":""},"categories":[4,9],"tags":[],"_links":{"self":[{"href":"https:\/\/www.bitacoracdmx.com\/index.php?rest_route=\/wp\/v2\/posts\/33810"}],"collection":[{"href":"https:\/\/www.bitacoracdmx.com\/index.php?rest_route=\/wp\/v2\/posts"}],"about":[{"href":"https:\/\/www.bitacoracdmx.com\/index.php?rest_route=\/wp\/v2\/types\/post"}],"author":[{"embeddable":true,"href":"https:\/\/www.bitacoracdmx.com\/index.php?rest_route=\/wp\/v2\/users\/1"}],"replies":[{"embeddable":true,"href":"https:\/\/www.bitacoracdmx.com\/index.php?rest_route=%2Fwp%2Fv2%2Fcomments&post=33810"}],"version-history":[{"count":1,"href":"https:\/\/www.bitacoracdmx.com\/index.php?rest_route=\/wp\/v2\/posts\/33810\/revisions"}],"predecessor-version":[{"id":33817,"href":"https:\/\/www.bitacoracdmx.com\/index.php?rest_route=\/wp\/v2\/posts\/33810\/revisions\/33817"}],"wp:featuredmedia":[{"embeddable":true,"href":"https:\/\/www.bitacoracdmx.com\/index.php?rest_route=\/wp\/v2\/media\/33815"}],"wp:attachment":[{"href":"https:\/\/www.bitacoracdmx.com\/index.php?rest_route=%2Fwp%2Fv2%2Fmedia&parent=33810"}],"wp:term":[{"taxonomy":"category","embeddable":true,"href":"https:\/\/www.bitacoracdmx.com\/index.php?rest_route=%2Fwp%2Fv2%2Fcategories&post=33810"},{"taxonomy":"post_tag","embeddable":true,"href":"https:\/\/www.bitacoracdmx.com\/index.php?rest_route=%2Fwp%2Fv2%2Ftags&post=33810"}],"curies":[{"name":"wp","href":"https:\/\/api.w.org\/{rel}","templated":true}]}}