{"id":33870,"date":"2020-05-05T19:24:05","date_gmt":"2020-05-05T19:24:05","guid":{"rendered":"https:\/\/www.bitacoracdmx.com\/?p=33870"},"modified":"2020-05-05T19:24:05","modified_gmt":"2020-05-05T19:24:05","slug":"bayer-04-y-charles-aranguiz-firman-renovacion-de-contrato","status":"publish","type":"post","link":"https:\/\/www.bitacoracdmx.com\/?p=33870","title":{"rendered":"BAYER 04 y CHARLES AR\u00c1NGUIZ firman renovaci\u00f3n de contrato"},"content":{"rendered":"<p>[fusion_builder_container hundred_percent=&#8221;no&#8221; equal_height_columns=&#8221;no&#8221; menu_anchor=&#8221;&#8221; hide_on_mobile=&#8221;small-visibility,medium-visibility,large-visibility&#8221; class=&#8221;&#8221; id=&#8221;&#8221; background_color=&#8221;&#8221; background_image=&#8221;&#8221; background_position=&#8221;center center&#8221; background_repeat=&#8221;no-repeat&#8221; fade=&#8221;no&#8221; background_parallax=&#8221;none&#8221; parallax_speed=&#8221;0.3&#8243; video_mp4=&#8221;&#8221; video_webm=&#8221;&#8221; video_ogv=&#8221;&#8221; video_url=&#8221;&#8221; video_aspect_ratio=&#8221;16:9&#8243; video_loop=&#8221;yes&#8221; video_mute=&#8221;yes&#8221; overlay_color=&#8221;&#8221; video_preview_image=&#8221;&#8221; border_size=&#8221;&#8221; border_color=&#8221;&#8221; border_style=&#8221;solid&#8221; padding_top=&#8221;&#8221; padding_bottom=&#8221;&#8221; padding_left=&#8221;&#8221; padding_right=&#8221;&#8221;][fusion_builder_row][fusion_builder_column type=&#8221;1_1&#8243; layout=&#8221;1_1&#8243; background_position=&#8221;left top&#8221; background_color=&#8221;&#8221; border_size=&#8221;&#8221; border_color=&#8221;&#8221; border_style=&#8221;solid&#8221; border_position=&#8221;all&#8221; spacing=&#8221;yes&#8221; background_image=&#8221;&#8221; background_repeat=&#8221;no-repeat&#8221; padding_top=&#8221;&#8221; padding_right=&#8221;&#8221; padding_bottom=&#8221;&#8221; padding_left=&#8221;&#8221; margin_top=&#8221;0px&#8221; margin_bottom=&#8221;0px&#8221; class=&#8221;&#8221; id=&#8221;&#8221; animation_type=&#8221;&#8221; animation_speed=&#8221;0.3&#8243; animation_direction=&#8221;left&#8221; hide_on_mobile=&#8221;small-visibility,medium-visibility,large-visibility&#8221; center_content=&#8221;no&#8221; last=&#8221;no&#8221; min_height=&#8221;&#8221; hover_type=&#8221;none&#8221; link=&#8221;&#8221;][fusion_text]<\/p>\n<p>REDACCI\u00d3N<\/p>\n<p><strong>Bayer 04\u00a0Leverkusen\u00a0y Charles Ar\u00e1nguiz firmaron una extensi\u00f3n de contrato de tres a\u00f1os, tras estar cerca de finalizar sus v\u00ednculos en verano de 2020. El seleccionado nacional de Chile lleg\u00f3 para disputar el inicio de temporada de 2015, proveniente de Porto Alegre, y seguir\u00e1 con Leverkusen hasta el 30 de junio de 2023.<\/strong><\/p>\n<p><strong>Rudi V\u00f6ller<\/strong>, Director Deportivo Ejecutivo del Bayer 04 Leverkusen:<\/p>\n<p>&#8220;<em><strong>Mantuvimos conversaciones con Charles en las \u00faltimas semanas y su deseo de quedarse con el club coincid\u00eda completamente con lo que busc\u00e1bamos.<br \/>\nCharles es un jugador muy importante para nuestro equipo.<br \/>\nEl hecho de que ajust\u00e1ramos un acuerdo a largo plazo subraya la convicci\u00f3n de todos los involucrados y la confianza mutua.<\/strong><\/em>&#8221;<\/p>\n<p><strong>Simon Rolfes<\/strong>,\u00a0Director Deportivo Ejecutivo del Bayer 04 Leverkusen:<\/p>\n<p>&#8220;<em><strong>Charles Ar\u00e1nguiz es\u00a0un jugador clave y estrat\u00e9gicamente muy significativo.<br \/>\nEs un componente crucial en la escuadra.<br \/>\nCharles puede leer un juego, acelerar en el momento correcto, brinda una calma incre\u00edble y da a sus compa\u00f1eros apoyo y seguridad.<br \/>\nExtender su contrato por otros tres a\u00f1os es una buena se\u00f1al para tener un futuro exitoso en el campo y tambi\u00e9n para el resto del conjunto.<\/strong><\/em>&#8221;<\/p>\n<p>Charles Ar\u00e1nguiz, mediocampista (#20) del\u00a0Bayer 04 Leverkusen y de la Selecci\u00f3n de f\u00fatbol de Chile:<\/p>\n<p>&#8220;<em><strong>Despu\u00e9s de casi cinco a\u00f1os en Leverkusen, es la continuaci\u00f3n de una relaci\u00f3n muy especial.<br \/>\nHe vivido muchas cosas aqu\u00ed, jugu\u00e9 grandes partidos con excelentes compa\u00f1eros.<br \/>\nEl club y el personal siempre me apoyaron y me dieron la sensaci\u00f3n de ser bienvenido, especialmente al principio, cuando no pod\u00eda jugar debido a mi lesi\u00f3n en el tend\u00f3n de Aquiles.<br \/>\nMe lo he pasado muy bien aqu\u00ed y dar\u00e9 todo lo mejor por nosotros, para lograr algo grande en los pr\u00f3ximos tres a\u00f1os.<br \/>\nEsta temporada ser\u00eda buena si regresara pronto.<\/strong><\/em>&#8221;<\/p>\n<p>[\/fusion_text][fusion_imageframe image_id=&#8221;33871|full&#8221; max_width=&#8221;&#8221; style_type=&#8221;&#8221; blur=&#8221;&#8221; stylecolor=&#8221;&#8221; hover_type=&#8221;none&#8221; bordersize=&#8221;&#8221; bordercolor=&#8221;&#8221; borderradius=&#8221;&#8221; align=&#8221;none&#8221; lightbox=&#8221;no&#8221; gallery_id=&#8221;&#8221; lightbox_image=&#8221;&#8221; lightbox_image_id=&#8221;&#8221; alt=&#8221;&#8221; link=&#8221;&#8221; linktarget=&#8221;_self&#8221; hide_on_mobile=&#8221;small-visibility,medium-visibility,large-visibility&#8221; class=&#8221;&#8221; id=&#8221;&#8221; animation_type=&#8221;&#8221; animation_direction=&#8221;left&#8221; animation_speed=&#8221;0.3&#8243; animation_offset=&#8221;&#8221;]https:\/\/www.bitacoracdmx.com\/wp-content\/uploads\/2020\/05\/BAYER2.jpg[\/fusion_imageframe][\/fusion_builder_column][\/fusion_builder_row][\/fusion_builder_container]<\/p>\n","protected":false},"excerpt":{"rendered":"<p>[fusion_builder_container hundred_percent=&#8221;no&#8221; equal_height_columns=&#8221;no&#8221; menu_anchor=&#8221;&#8221; hide_on_mobile=&#8221;small-visibility,medium-visibility,large-visibility&#8221; class=&#8221;&#8221; id=&#8221;&#8221; background_color=&#8221;&#8221; background_image=&#8221;&#8221; background_position=&#8221;center center&#8221; background_repeat=&#8221;no-repeat&#8221; fade=&#8221;no&#8221; background_parallax=&#8221;none&#8221; parallax_speed=&#8221;0.3&#8243; video_mp4=&#8221;&#8221; video_webm=&#8221;&#8221; video_ogv=&#8221;&#8221; video_url=&#8221;&#8221; video_aspect_ratio=&#8221;16:9&#8243; video_loop=&#8221;yes&#8221; video_mute=&#8221;yes&#8221; overlay_color=&#8221;&#8221; video_preview_image=&#8221;&#8221; border_size=&#8221;&#8221; border_color=&#8221;&#8221; border_style=&#8221;solid&#8221; padding_top=&#8221;&#8221; padding_bottom=&#8221;&#8221; padding_left=&#8221;&#8221; padding_right=&#8221;&#8221;][fusion_builder_row][fusion_builder_column type=&#8221;1_1&#8243; layout=&#8221;1_1&#8243; background_position=&#8221;left top&#8221; background_color=&#8221;&#8221; border_size=&#8221;&#8221; border_color=&#8221;&#8221; border_style=&#8221;solid&#8221; border_position=&#8221;all&#8221; spacing=&#8221;yes&#8221; background_image=&#8221;&#8221; background_repeat=&#8221;no-repeat&#8221; padding_top=&#8221;&#8221; padding_right=&#8221;&#8221; padding_bottom=&#8221;&#8221; padding_left=&#8221;&#8221; margin_top=&#8221;0px&#8221; margin_bottom=&#8221;0px&#8221; class=&#8221;&#8221; id=&#8221;&#8221; animation_type=&#8221;&#8221; animation_speed=&#8221;0.3&#8243; animation_direction=&#8221;left&#8221; hide_on_mobile=&#8221;small-visibility,medium-visibility,large-visibility&#8221; center_content=&#8221;no&#8221; last=&#8221;no&#8221; min_height=&#8221;&#8221; hover_type=&#8221;none&#8221; link=&#8221;&#8221;][fusion_text] REDACCI\u00d3N Bayer 04\u00a0Leverkusen\u00a0y Charles Ar\u00e1nguiz firmaron una extensi\u00f3n de contrato de tres a\u00f1os, tras estar cerca de finalizar sus v\u00ednculos en verano de 2020. El seleccionado nacional de Chile lleg\u00f3 para disputar el inicio de temporada de 2015, proveniente de [&hellip;]<\/p>\n","protected":false},"author":1,"featured_media":33871,"comment_status":"open","ping_status":"open","sticky":false,"template":"","format":"standard","meta":{"footnotes":""},"categories":[6,9],"tags":[],"_links":{"self":[{"href":"https:\/\/www.bitacoracdmx.com\/index.php?rest_route=\/wp\/v2\/posts\/33870"}],"collection":[{"href":"https:\/\/www.bitacoracdmx.com\/index.php?rest_route=\/wp\/v2\/posts"}],"about":[{"href":"https:\/\/www.bitacoracdmx.com\/index.php?rest_route=\/wp\/v2\/types\/post"}],"author":[{"embeddable":true,"href":"https:\/\/www.bitacoracdmx.com\/index.php?rest_route=\/wp\/v2\/users\/1"}],"replies":[{"embeddable":true,"href":"https:\/\/www.bitacoracdmx.com\/index.php?rest_route=%2Fwp%2Fv2%2Fcomments&post=33870"}],"version-history":[{"count":1,"href":"https:\/\/www.bitacoracdmx.com\/index.php?rest_route=\/wp\/v2\/posts\/33870\/revisions"}],"predecessor-version":[{"id":33872,"href":"https:\/\/www.bitacoracdmx.com\/index.php?rest_route=\/wp\/v2\/posts\/33870\/revisions\/33872"}],"wp:featuredmedia":[{"embeddable":true,"href":"https:\/\/www.bitacoracdmx.com\/index.php?rest_route=\/wp\/v2\/media\/33871"}],"wp:attachment":[{"href":"https:\/\/www.bitacoracdmx.com\/index.php?rest_route=%2Fwp%2Fv2%2Fmedia&parent=33870"}],"wp:term":[{"taxonomy":"category","embeddable":true,"href":"https:\/\/www.bitacoracdmx.com\/index.php?rest_route=%2Fwp%2Fv2%2Fcategories&post=33870"},{"taxonomy":"post_tag","embeddable":true,"href":"https:\/\/www.bitacoracdmx.com\/index.php?rest_route=%2Fwp%2Fv2%2Ftags&post=33870"}],"curies":[{"name":"wp","href":"https:\/\/api.w.org\/{rel}","templated":true}]}}