{"id":36506,"date":"2020-10-15T13:20:20","date_gmt":"2020-10-15T13:20:20","guid":{"rendered":"https:\/\/www.bitacoracdmx.com\/?p=36506"},"modified":"2020-10-15T13:20:20","modified_gmt":"2020-10-15T13:20:20","slug":"patrick-johansson-presenta-el-espanol-y-el-nahuatl-en-la-fil-zocalo-virtual","status":"publish","type":"post","link":"https:\/\/www.bitacoracdmx.com\/?p=36506","title":{"rendered":"Patrick Johansson presenta El espa\u00f1ol y el n\u00e1huatl en la FIL Z\u00f3calo Virtual."},"content":{"rendered":"<p>[fusion_builder_container hundred_percent=&#8221;no&#8221; equal_height_columns=&#8221;no&#8221; menu_anchor=&#8221;&#8221; hide_on_mobile=&#8221;small-visibility,medium-visibility,large-visibility&#8221; class=&#8221;&#8221; id=&#8221;&#8221; background_color=&#8221;&#8221; background_image=&#8221;&#8221; background_position=&#8221;center center&#8221; background_repeat=&#8221;no-repeat&#8221; fade=&#8221;no&#8221; background_parallax=&#8221;none&#8221; parallax_speed=&#8221;0.3&#8243; video_mp4=&#8221;&#8221; video_webm=&#8221;&#8221; video_ogv=&#8221;&#8221; video_url=&#8221;&#8221; video_aspect_ratio=&#8221;16:9&#8243; video_loop=&#8221;yes&#8221; video_mute=&#8221;yes&#8221; overlay_color=&#8221;&#8221; video_preview_image=&#8221;&#8221; border_size=&#8221;&#8221; border_color=&#8221;&#8221; border_style=&#8221;solid&#8221; padding_top=&#8221;&#8221; padding_bottom=&#8221;&#8221; padding_left=&#8221;&#8221; padding_right=&#8221;&#8221;][fusion_builder_row][fusion_builder_column type=&#8221;1_1&#8243; layout=&#8221;1_1&#8243; background_position=&#8221;left top&#8221; background_color=&#8221;&#8221; border_size=&#8221;&#8221; border_color=&#8221;&#8221; border_style=&#8221;solid&#8221; border_position=&#8221;all&#8221; spacing=&#8221;yes&#8221; background_image=&#8221;&#8221; background_repeat=&#8221;no-repeat&#8221; padding_top=&#8221;&#8221; padding_right=&#8221;&#8221; padding_bottom=&#8221;&#8221; padding_left=&#8221;&#8221; margin_top=&#8221;0px&#8221; margin_bottom=&#8221;0px&#8221; class=&#8221;&#8221; id=&#8221;&#8221; animation_type=&#8221;&#8221; animation_speed=&#8221;0.3&#8243; animation_direction=&#8221;left&#8221; hide_on_mobile=&#8221;small-visibility,medium-visibility,large-visibility&#8221; center_content=&#8221;no&#8221; last=&#8221;no&#8221; min_height=&#8221;&#8221; hover_type=&#8221;none&#8221; link=&#8221;&#8221;][fusion_text]<\/p>\n<p>REDACCI\u00d3N<\/p>\n<p class=\"x_MsoNormal\">El estudioso de la lengua,\u00a0<b>Patrick Johansson<\/b>, investigador y profesor del Instituto de Investigaciones Hist\u00f3ricas de la Universidad Nacional Aut\u00f3noma de M\u00e9xico (UNAM) present\u00f3, en el cuarto d\u00eda de actividades de la\u00a0<b>Feria Internacional del Libro en el Z\u00f3calo Virtual 2020<\/b>, que se realiza hasta el<b>\u00a0<\/b>18 de octubre,\u00a0su m\u00e1s reciente obra titulada<i>\u00a0<b>El espa\u00f1ol y el n\u00e1huatl.\u00a0<\/b><\/i><b><i>Encuentro de dos mundos (1519-2019)<\/i><\/b>, publicada por la Academia Mexicana de la Lengua.<\/p>\n<p class=\"x_MsoNormal\">En compa\u00f1\u00eda del director de la academia, Gonzalo Celorio, y de la investigadora Ascensi\u00f3n Hern\u00e1ndez Trivi\u00f1o, miembro de la Comisi\u00f3n de Lexicograf\u00eda, el autor record\u00f3 su inserci\u00f3n al mundo n\u00e1huatl de la mano de su maestro, el fil\u00f3sofo e historiador mexicano Miguel Le\u00f3n Portilla, fallecido el a\u00f1o pasado, con quien form\u00f3 parte del Seminario de Cultura N\u00e1huatl. \u201cEste libro es la culminaci\u00f3n de toda una vida de estudios para conocer a los ind\u00edgenas\u201d, dijo.<\/p>\n<p class=\"x_MsoNormal\">A trav\u00e9s de 22 cap\u00edtulos que narran diversos hechos hist\u00f3ricos entrelazados por la lengua, el tambi\u00e9n\u00a0profesor de Literaturas Prehisp\u00e1nicas\u00a0explica los cambios y paradigmas vigentes del espa\u00f1ol y el n\u00e1huatl desde el mundo prehisp\u00e1nico hasta la actualidad. \u201cHemos tenido momentos de vasallaje, reivindicaci\u00f3n y terrible marginaci\u00f3n, es una historia fascinante la relaci\u00f3n de estas dos lenguas porque es la historia de nuestro pa\u00eds y nuestra cultura\u201d, indic\u00f3 Celorio.<\/p>\n<p class=\"x_MsoNormal\">Para Hern\u00e1ndez Trivi\u00f1o, Johansson percibe la lengua como \u201cun espejo en el que la historia se mira y, sobre todo, como la palabra con la que la historia se escribe\u201d. Adelant\u00f3 a los futuros lectores que en sus p\u00e1ginas podr\u00e1n encontrar desde la llegada de los espa\u00f1oles, su entrada a Tenochtitlan, un an\u00e1lisis pictogr\u00e1fico y de la oralidad, hasta el estudio de los textos novohispanos, la perspectiva actual del n\u00e1huatl y sus representantes m\u00e1s contempor\u00e1neos.<\/p>\n<p class=\"x_MsoNormal\">\u201cCuando dos lenguas se permean son dos almas que se compenetran y creo que eso es un punto muy importante porque el M\u00e9xico de hoy es esencialmente mestizo y, a nivel ling\u00fc\u00edstico, como sabemos, el espa\u00f1ol de M\u00e9xico es un lenguaje permeado por much\u00edsimas palabras en n\u00e1huatl\u201d, precis\u00f3 Johansson, ganador en\u00a02003 del Premio al Mejor Ensayo Literario que otorga la C\u00e1mara Nacional de la Industria Editorial Mexicana (CANIEM), por su obra\u00a0<i>Flor sin ra\u00edz<\/i>.<\/p>\n<p class=\"x_MsoNormal\">Pese a la existencia de textos especializados como el\u00a0<i>Diccionario del n\u00e1huatl en el espa\u00f1ol de M\u00e9xico<\/i>, de Carlos Montemayor, Patrick Johansson subray\u00f3 que \u201cen M\u00e9xico no se sabe que ciertas palabras son n\u00e1huatl\u201d, por lo que exhort\u00f3 al p\u00fablico a leer su obra para adentrarse a una nueva lengua y, con ello, a una nueva forma de ver el mundo.<\/p>\n<p class=\"x_MsoNormal\">La\u00a0<b>Feria Internacional del Libro en el Z\u00f3calo Virtual 2020\u00a0<\/b>ofrece, a trav\u00e9s de transmisiones continuas de 12 horas, diversas presentaciones de libros, charlas, homenajes, seminarios y una amplia oferta de actividades para ni\u00f1as y ni\u00f1os\u00a0<b>hasta el 18 de octubre,\u00a0<\/b>en las redes sociales de la\u00a0<b>Secretar\u00eda de Cultura de la Ciudad de M\u00e9xico<\/b>\u00a0(<a href=\"https:\/\/www.facebook.com\/Cultura.Ciudad.de.Mexico\/\" target=\"_blank\" rel=\"noopener noreferrer\" data-auth=\"NotApplicable\">Facebook<\/a>,\u00a0<a href=\"https:\/\/twitter.com\/CulturaCiudadMx\" target=\"_blank\" rel=\"noopener noreferrer\" data-auth=\"NotApplicable\">Twitter<\/a>\u00a0y\u00a0<a href=\"https:\/\/www.youtube.com\/c\/Secretar%C3%ADadeCulturaCiudaddeM%C3%A9xico\/videos\" target=\"_blank\" rel=\"noopener noreferrer\" data-auth=\"NotApplicable\">YouTube<\/a>). La programaci\u00f3n completa, adem\u00e1s de Tienda de Libros y un directorio de Librer\u00edas de Barrio est\u00e1n disponible en el sitio web:\u00a0<a href=\"http:\/\/www.filzocalo.cdmx.gob.mx\/\" target=\"_blank\" rel=\"noopener noreferrer\" data-auth=\"NotApplicable\">www.filzocalo.cdmx.gob.mx<\/a>.<\/p>\n<p>[\/fusion_text][fusion_gallery layout=&#8221;&#8221; picture_size=&#8221;&#8221; columns=&#8221;&#8221; column_spacing=&#8221;10&#8243; gallery_masonry_grid_ratio=&#8221;&#8221; gallery_masonry_width_double=&#8221;&#8221; hover_type=&#8221;&#8221; lightbox=&#8221;yes&#8221; lightbox_content=&#8221;&#8221; bordersize=&#8221;&#8221; bordercolor=&#8221;&#8221; border_radius=&#8221;&#8221; hide_on_mobile=&#8221;small-visibility,medium-visibility,large-visibility&#8221; class=&#8221;&#8221; id=&#8221;&#8221;][fusion_gallery_image image=&#8221;https:\/\/www.bitacoracdmx.com\/wp-content\/uploads\/2020\/10\/Plataform-2-300&#215;169.jpeg&#8221; image_id=&#8221;36507|medium&#8221; link=&#8221;&#8221; linktarget=&#8221;_self&#8221; \/][fusion_gallery_image image=&#8221;https:\/\/www.bitacoracdmx.com\/wp-content\/uploads\/2020\/10\/Plataform-2-1-300&#215;169.jpeg&#8221; image_id=&#8221;36508|medium&#8221; link=&#8221;&#8221; linktarget=&#8221;_self&#8221; \/][fusion_gallery_image image=&#8221;https:\/\/www.bitacoracdmx.com\/wp-content\/uploads\/2020\/10\/Plataform-1-1-300&#215;169.jpeg&#8221; image_id=&#8221;36509|medium&#8221; link=&#8221;&#8221; linktarget=&#8221;_self&#8221; \/][\/fusion_gallery][\/fusion_builder_column][\/fusion_builder_row][\/fusion_builder_container]<\/p>\n","protected":false},"excerpt":{"rendered":"<p>[fusion_builder_container hundred_percent=&#8221;no&#8221; equal_height_columns=&#8221;no&#8221; menu_anchor=&#8221;&#8221; hide_on_mobile=&#8221;small-visibility,medium-visibility,large-visibility&#8221; class=&#8221;&#8221; id=&#8221;&#8221; background_color=&#8221;&#8221; background_image=&#8221;&#8221; background_position=&#8221;center center&#8221; background_repeat=&#8221;no-repeat&#8221; fade=&#8221;no&#8221; background_parallax=&#8221;none&#8221; parallax_speed=&#8221;0.3&#8243; video_mp4=&#8221;&#8221; video_webm=&#8221;&#8221; video_ogv=&#8221;&#8221; video_url=&#8221;&#8221; video_aspect_ratio=&#8221;16:9&#8243; video_loop=&#8221;yes&#8221; video_mute=&#8221;yes&#8221; overlay_color=&#8221;&#8221; video_preview_image=&#8221;&#8221; border_size=&#8221;&#8221; border_color=&#8221;&#8221; border_style=&#8221;solid&#8221; padding_top=&#8221;&#8221; padding_bottom=&#8221;&#8221; padding_left=&#8221;&#8221; padding_right=&#8221;&#8221;][fusion_builder_row][fusion_builder_column type=&#8221;1_1&#8243; layout=&#8221;1_1&#8243; background_position=&#8221;left top&#8221; background_color=&#8221;&#8221; border_size=&#8221;&#8221; border_color=&#8221;&#8221; border_style=&#8221;solid&#8221; border_position=&#8221;all&#8221; spacing=&#8221;yes&#8221; background_image=&#8221;&#8221; background_repeat=&#8221;no-repeat&#8221; padding_top=&#8221;&#8221; padding_right=&#8221;&#8221; padding_bottom=&#8221;&#8221; padding_left=&#8221;&#8221; margin_top=&#8221;0px&#8221; margin_bottom=&#8221;0px&#8221; class=&#8221;&#8221; id=&#8221;&#8221; animation_type=&#8221;&#8221; animation_speed=&#8221;0.3&#8243; animation_direction=&#8221;left&#8221; hide_on_mobile=&#8221;small-visibility,medium-visibility,large-visibility&#8221; center_content=&#8221;no&#8221; last=&#8221;no&#8221; min_height=&#8221;&#8221; hover_type=&#8221;none&#8221; link=&#8221;&#8221;][fusion_text] REDACCI\u00d3N El estudioso de la lengua,\u00a0Patrick Johansson, investigador y profesor del Instituto de Investigaciones Hist\u00f3ricas de la Universidad Nacional Aut\u00f3noma de M\u00e9xico (UNAM) present\u00f3, en el cuarto d\u00eda de actividades de la\u00a0Feria Internacional del Libro en el Z\u00f3calo Virtual 2020, [&hellip;]<\/p>\n","protected":false},"author":1,"featured_media":36509,"comment_status":"open","ping_status":"open","sticky":false,"template":"","format":"standard","meta":{"footnotes":""},"categories":[9,10],"tags":[],"_links":{"self":[{"href":"https:\/\/www.bitacoracdmx.com\/index.php?rest_route=\/wp\/v2\/posts\/36506"}],"collection":[{"href":"https:\/\/www.bitacoracdmx.com\/index.php?rest_route=\/wp\/v2\/posts"}],"about":[{"href":"https:\/\/www.bitacoracdmx.com\/index.php?rest_route=\/wp\/v2\/types\/post"}],"author":[{"embeddable":true,"href":"https:\/\/www.bitacoracdmx.com\/index.php?rest_route=\/wp\/v2\/users\/1"}],"replies":[{"embeddable":true,"href":"https:\/\/www.bitacoracdmx.com\/index.php?rest_route=%2Fwp%2Fv2%2Fcomments&post=36506"}],"version-history":[{"count":1,"href":"https:\/\/www.bitacoracdmx.com\/index.php?rest_route=\/wp\/v2\/posts\/36506\/revisions"}],"predecessor-version":[{"id":36510,"href":"https:\/\/www.bitacoracdmx.com\/index.php?rest_route=\/wp\/v2\/posts\/36506\/revisions\/36510"}],"wp:featuredmedia":[{"embeddable":true,"href":"https:\/\/www.bitacoracdmx.com\/index.php?rest_route=\/wp\/v2\/media\/36509"}],"wp:attachment":[{"href":"https:\/\/www.bitacoracdmx.com\/index.php?rest_route=%2Fwp%2Fv2%2Fmedia&parent=36506"}],"wp:term":[{"taxonomy":"category","embeddable":true,"href":"https:\/\/www.bitacoracdmx.com\/index.php?rest_route=%2Fwp%2Fv2%2Fcategories&post=36506"},{"taxonomy":"post_tag","embeddable":true,"href":"https:\/\/www.bitacoracdmx.com\/index.php?rest_route=%2Fwp%2Fv2%2Ftags&post=36506"}],"curies":[{"name":"wp","href":"https:\/\/api.w.org\/{rel}","templated":true}]}}