{"id":36966,"date":"2020-10-30T04:01:29","date_gmt":"2020-10-30T04:01:29","guid":{"rendered":"https:\/\/www.bitacoracdmx.com\/?p=36966"},"modified":"2020-10-30T04:01:29","modified_gmt":"2020-10-30T04:01:29","slug":"listo-el-calendario-de-la-copa-juntos-por-mexico","status":"publish","type":"post","link":"https:\/\/www.bitacoracdmx.com\/?p=36966","title":{"rendered":"Listo el calendario de la COPA JUNTOS POR M\u00c9XICO."},"content":{"rendered":"<p>[fusion_builder_container hundred_percent=&#8221;no&#8221; equal_height_columns=&#8221;no&#8221; menu_anchor=&#8221;&#8221; hide_on_mobile=&#8221;small-visibility,medium-visibility,large-visibility&#8221; class=&#8221;&#8221; id=&#8221;&#8221; background_color=&#8221;&#8221; background_image=&#8221;&#8221; background_position=&#8221;center center&#8221; background_repeat=&#8221;no-repeat&#8221; fade=&#8221;no&#8221; background_parallax=&#8221;none&#8221; parallax_speed=&#8221;0.3&#8243; video_mp4=&#8221;&#8221; video_webm=&#8221;&#8221; video_ogv=&#8221;&#8221; video_url=&#8221;&#8221; video_aspect_ratio=&#8221;16:9&#8243; video_loop=&#8221;yes&#8221; video_mute=&#8221;yes&#8221; overlay_color=&#8221;&#8221; video_preview_image=&#8221;&#8221; border_size=&#8221;&#8221; border_color=&#8221;&#8221; border_style=&#8221;solid&#8221; padding_top=&#8221;&#8221; padding_bottom=&#8221;&#8221; padding_left=&#8221;&#8221; padding_right=&#8221;&#8221;][fusion_builder_row][fusion_builder_column type=&#8221;1_1&#8243; layout=&#8221;1_1&#8243; background_position=&#8221;left top&#8221; background_color=&#8221;&#8221; border_size=&#8221;&#8221; border_color=&#8221;&#8221; border_style=&#8221;solid&#8221; border_position=&#8221;all&#8221; spacing=&#8221;yes&#8221; background_image=&#8221;&#8221; background_repeat=&#8221;no-repeat&#8221; padding_top=&#8221;&#8221; padding_right=&#8221;&#8221; padding_bottom=&#8221;&#8221; padding_left=&#8221;&#8221; margin_top=&#8221;0px&#8221; margin_bottom=&#8221;0px&#8221; class=&#8221;&#8221; id=&#8221;&#8221; animation_type=&#8221;&#8221; animation_speed=&#8221;0.3&#8243; animation_direction=&#8221;left&#8221; hide_on_mobile=&#8221;small-visibility,medium-visibility,large-visibility&#8221; center_content=&#8221;no&#8221; last=&#8221;no&#8221; min_height=&#8221;&#8221; hover_type=&#8221;none&#8221; link=&#8221;&#8221;][fusion_text]<\/p>\n<p>REDACCI\u00d3N<\/p>\n<p class=\"x_MsoNormal\">Cuando estamos justo a 15 d\u00edas de que se cante la voz de playball de la Copa Juntos Por M\u00e9xico, que disputar\u00e1n cuatro equipo conformados por jugadores de las organizaciones Guerreros de Oaxaca y Diablos Rojos del M\u00e9xico, alguno ya egresados y otros en cursos de la Academia Alfredo Harp Hel\u00fa, est\u00e1 listo el calendario de juegos de este torneo invernal.<\/p>\n<p class=\"x_MsoNormal\">El rol regular inicia el 12 de noviembre y concluir\u00e1 despu\u00e9s de 54 juegos, la temporada finalizar\u00e1 el 10 de diciembre. El d\u00eda 11 de diciembre se jugar\u00e1 el encuentro por el tercer lugar, y el 12 de diciembre se disputar\u00e1 el juego por el campeonato de la Copa Juntos Por M\u00e9xico.<\/p>\n<p class=\"x_MsoNormal\">Se jugar\u00e1n dos juegos por d\u00eda de martes a jueves, iniciando el primer encuentro a las 12:00 horas y el segundo de la doble cartelera a las 19:00 horas. Dos equipos estar\u00e1n usando uniformes de los Guerreros de Oaxaca y se llamar\u00e1n Alfredo \u201cEl Zurdo\u201d Ortiz y Nelson Barrera, en honor al primer m\u00e1nager en la historia de los Guerreros y al timonel que los llev\u00f3 a la conquista del primer campeonato de Oaxaca en la Liga Mexicana de Beisbol respectivamente, por su parte las otras dos novenas vestir\u00e1n los uniformes de los Diablos Rojos, ambas con los nombres de dos jugadores hist\u00f3ricos y emblem\u00e1ticos de la Pandilla Roja, como lo son Daniel Fern\u00e1ndez y Jos\u00e9 Luis \u201cEl Borrego\u201d Sandoval.<\/p>\n<p class=\"x_MsoNormal\">Todos los jugadores y cuerpo t\u00e9cnico de los cuatro equipos se estar\u00e1n concentrando a partir del domingo 1 de noviembre en el hotel sede, donde comenzar\u00e1n a cumplir con el plan de trabajo para prevenir cualquier posible contagio, todos los participantes sin excepci\u00f3n ser\u00e1n sometidos a las pruebas necesarias para poder ingresar a la burbuja de seguridad. Las pr\u00e1cticas y entrenamientos de pretemporada se llevar\u00e1n a cabo del 3 al 11 de noviembre para dar paso a la jornada inaugural el d\u00eda 12, toda la actividad se desarrollar\u00e1 en las instalaciones del Estadio Alfredo Harp Hel\u00fa.<\/p>\n<p class=\"x_MsoNormal\">Todos los juegos de la Copa Juntos Por M\u00e9xico tendr\u00e1n una gran proyecci\u00f3n y ser\u00e1n transmitidos en vivo por TVC Deportes, tambi\u00e9n en las redes sociales de los Diablos Rojos del M\u00e9xico y Guerreros de Oaxaca (FaceBook, YouTube).<\/p>\n<p>[\/fusion_text][fusion_imageframe image_id=&#8221;36967|medium&#8221; max_width=&#8221;&#8221; style_type=&#8221;&#8221; blur=&#8221;&#8221; stylecolor=&#8221;&#8221; hover_type=&#8221;none&#8221; bordersize=&#8221;&#8221; bordercolor=&#8221;&#8221; borderradius=&#8221;&#8221; align=&#8221;none&#8221; lightbox=&#8221;no&#8221; gallery_id=&#8221;&#8221; lightbox_image=&#8221;&#8221; lightbox_image_id=&#8221;&#8221; alt=&#8221;&#8221; link=&#8221;&#8221; linktarget=&#8221;_self&#8221; hide_on_mobile=&#8221;small-visibility,medium-visibility,large-visibility&#8221; class=&#8221;&#8221; id=&#8221;&#8221; animation_type=&#8221;&#8221; animation_direction=&#8221;left&#8221; animation_speed=&#8221;0.3&#8243; animation_offset=&#8221;&#8221;]https:\/\/www.bitacoracdmx.com\/wp-content\/uploads\/2020\/10\/CALENDARIO-COPA-JUNTOS-POR-MEXICO-232&#215;300.jpg[\/fusion_imageframe][\/fusion_builder_column][\/fusion_builder_row][\/fusion_builder_container]<\/p>\n","protected":false},"excerpt":{"rendered":"<p>[fusion_builder_container hundred_percent=&#8221;no&#8221; equal_height_columns=&#8221;no&#8221; menu_anchor=&#8221;&#8221; hide_on_mobile=&#8221;small-visibility,medium-visibility,large-visibility&#8221; class=&#8221;&#8221; id=&#8221;&#8221; background_color=&#8221;&#8221; background_image=&#8221;&#8221; background_position=&#8221;center center&#8221; background_repeat=&#8221;no-repeat&#8221; fade=&#8221;no&#8221; background_parallax=&#8221;none&#8221; parallax_speed=&#8221;0.3&#8243; video_mp4=&#8221;&#8221; video_webm=&#8221;&#8221; video_ogv=&#8221;&#8221; video_url=&#8221;&#8221; video_aspect_ratio=&#8221;16:9&#8243; video_loop=&#8221;yes&#8221; video_mute=&#8221;yes&#8221; overlay_color=&#8221;&#8221; video_preview_image=&#8221;&#8221; border_size=&#8221;&#8221; border_color=&#8221;&#8221; border_style=&#8221;solid&#8221; padding_top=&#8221;&#8221; padding_bottom=&#8221;&#8221; padding_left=&#8221;&#8221; padding_right=&#8221;&#8221;][fusion_builder_row][fusion_builder_column type=&#8221;1_1&#8243; layout=&#8221;1_1&#8243; background_position=&#8221;left top&#8221; background_color=&#8221;&#8221; border_size=&#8221;&#8221; border_color=&#8221;&#8221; border_style=&#8221;solid&#8221; border_position=&#8221;all&#8221; spacing=&#8221;yes&#8221; background_image=&#8221;&#8221; background_repeat=&#8221;no-repeat&#8221; padding_top=&#8221;&#8221; padding_right=&#8221;&#8221; padding_bottom=&#8221;&#8221; padding_left=&#8221;&#8221; margin_top=&#8221;0px&#8221; margin_bottom=&#8221;0px&#8221; class=&#8221;&#8221; id=&#8221;&#8221; animation_type=&#8221;&#8221; animation_speed=&#8221;0.3&#8243; animation_direction=&#8221;left&#8221; hide_on_mobile=&#8221;small-visibility,medium-visibility,large-visibility&#8221; center_content=&#8221;no&#8221; last=&#8221;no&#8221; min_height=&#8221;&#8221; hover_type=&#8221;none&#8221; link=&#8221;&#8221;][fusion_text] REDACCI\u00d3N Cuando estamos justo a 15 d\u00edas de que se cante la voz de playball de la Copa Juntos Por M\u00e9xico, que disputar\u00e1n cuatro equipo conformados por jugadores de las organizaciones Guerreros de Oaxaca y Diablos Rojos del M\u00e9xico, alguno [&hellip;]<\/p>\n","protected":false},"author":1,"featured_media":36967,"comment_status":"open","ping_status":"open","sticky":false,"template":"","format":"standard","meta":{"footnotes":""},"categories":[6,9],"tags":[],"_links":{"self":[{"href":"https:\/\/www.bitacoracdmx.com\/index.php?rest_route=\/wp\/v2\/posts\/36966"}],"collection":[{"href":"https:\/\/www.bitacoracdmx.com\/index.php?rest_route=\/wp\/v2\/posts"}],"about":[{"href":"https:\/\/www.bitacoracdmx.com\/index.php?rest_route=\/wp\/v2\/types\/post"}],"author":[{"embeddable":true,"href":"https:\/\/www.bitacoracdmx.com\/index.php?rest_route=\/wp\/v2\/users\/1"}],"replies":[{"embeddable":true,"href":"https:\/\/www.bitacoracdmx.com\/index.php?rest_route=%2Fwp%2Fv2%2Fcomments&post=36966"}],"version-history":[{"count":1,"href":"https:\/\/www.bitacoracdmx.com\/index.php?rest_route=\/wp\/v2\/posts\/36966\/revisions"}],"predecessor-version":[{"id":36968,"href":"https:\/\/www.bitacoracdmx.com\/index.php?rest_route=\/wp\/v2\/posts\/36966\/revisions\/36968"}],"wp:featuredmedia":[{"embeddable":true,"href":"https:\/\/www.bitacoracdmx.com\/index.php?rest_route=\/wp\/v2\/media\/36967"}],"wp:attachment":[{"href":"https:\/\/www.bitacoracdmx.com\/index.php?rest_route=%2Fwp%2Fv2%2Fmedia&parent=36966"}],"wp:term":[{"taxonomy":"category","embeddable":true,"href":"https:\/\/www.bitacoracdmx.com\/index.php?rest_route=%2Fwp%2Fv2%2Fcategories&post=36966"},{"taxonomy":"post_tag","embeddable":true,"href":"https:\/\/www.bitacoracdmx.com\/index.php?rest_route=%2Fwp%2Fv2%2Ftags&post=36966"}],"curies":[{"name":"wp","href":"https:\/\/api.w.org\/{rel}","templated":true}]}}