{"id":36972,"date":"2020-10-30T04:24:12","date_gmt":"2020-10-30T04:24:12","guid":{"rendered":"https:\/\/www.bitacoracdmx.com\/?p=36972"},"modified":"2020-10-30T04:24:12","modified_gmt":"2020-10-30T04:24:12","slug":"actividades-de-la-secretaria-de-cultura-de-la-ciudad-de-mexico-para-conmemorar-en-linea-el-dia-de-muertos","status":"publish","type":"post","link":"https:\/\/www.bitacoracdmx.com\/?p=36972","title":{"rendered":"Actividades de la Secretar\u00eda de Cultura de la Ciudad de M\u00e9xico para conmemorar en l\u00ednea el D\u00eda de Muertos."},"content":{"rendered":"<p>[fusion_builder_container hundred_percent=&#8221;no&#8221; equal_height_columns=&#8221;no&#8221; menu_anchor=&#8221;&#8221; hide_on_mobile=&#8221;small-visibility,medium-visibility,large-visibility&#8221; class=&#8221;&#8221; id=&#8221;&#8221; background_color=&#8221;&#8221; background_image=&#8221;&#8221; background_position=&#8221;center center&#8221; background_repeat=&#8221;no-repeat&#8221; fade=&#8221;no&#8221; background_parallax=&#8221;none&#8221; parallax_speed=&#8221;0.3&#8243; video_mp4=&#8221;&#8221; video_webm=&#8221;&#8221; video_ogv=&#8221;&#8221; video_url=&#8221;&#8221; video_aspect_ratio=&#8221;16:9&#8243; video_loop=&#8221;yes&#8221; video_mute=&#8221;yes&#8221; overlay_color=&#8221;&#8221; video_preview_image=&#8221;&#8221; border_size=&#8221;&#8221; border_color=&#8221;&#8221; border_style=&#8221;solid&#8221; padding_top=&#8221;&#8221; padding_bottom=&#8221;&#8221; padding_left=&#8221;&#8221; padding_right=&#8221;&#8221;][fusion_builder_row][fusion_builder_column type=&#8221;1_1&#8243; layout=&#8221;1_1&#8243; background_position=&#8221;left top&#8221; background_color=&#8221;&#8221; border_size=&#8221;&#8221; border_color=&#8221;&#8221; border_style=&#8221;solid&#8221; border_position=&#8221;all&#8221; spacing=&#8221;yes&#8221; background_image=&#8221;&#8221; background_repeat=&#8221;no-repeat&#8221; padding_top=&#8221;&#8221; padding_right=&#8221;&#8221; padding_bottom=&#8221;&#8221; padding_left=&#8221;&#8221; margin_top=&#8221;0px&#8221; margin_bottom=&#8221;0px&#8221; class=&#8221;&#8221; id=&#8221;&#8221; animation_type=&#8221;&#8221; animation_speed=&#8221;0.3&#8243; animation_direction=&#8221;left&#8221; hide_on_mobile=&#8221;small-visibility,medium-visibility,large-visibility&#8221; center_content=&#8221;no&#8221; last=&#8221;no&#8221; min_height=&#8221;&#8221; hover_type=&#8221;none&#8221; link=&#8221;&#8221;][fusion_text]<\/p>\n<p>REDACCI\u00d3N<\/p>\n<p class=\"x_MsoNormal\"><span style=\"color: #000000;\"><span lang=\"ES-TRAD\">En el marco de la campa\u00f1a\u00a0<b>Ofrenda Infinita desde tu Casa. Celebraci\u00f3n Virtual de D\u00eda de Muertos 2020<\/b>, en la que la\u00a0<\/span><b><span lang=\"ES-TRAD\">Secretar\u00eda de Cultura de la Ciudad de M\u00e9xico<\/span><\/b><span lang=\"ES-TRAD\">\u00a0convoca a la ciudadan\u00eda a realizar ofrendas en sus hogares y, mediante fotograf\u00edas, compartirlas en sus cuentas de redes sociales con el\u00a0<i>hashtag<\/i>\u00a0#OfrendaInfinita, esta dependencia tambi\u00e9n organiza una diversidad de actividades en torno a la conmemoraci\u00f3n que recuerda a los seres queridos.<\/span><\/span><\/p>\n<p class=\"x_MsoNormal\"><span style=\"color: #000000;\"><span lang=\"ES-TRAD\">Para mantener viva una de las tradiciones m\u00e1s antiguas y arraigadas en el pa\u00eds, pero al mismo tiempo procurar el cuidado de la salud, al promover que las personas se queden en sus casas, desde la plataforma digital\u00a0<b><i>Capital Cultural en Nuestra Casa<\/i><\/b>\u00a0(<\/span><span lang=\"ES-TRAD\"><a href=\"http:\/\/www.capitalculturalennuestracasa.cdmx.gob.mx\/\" target=\"_blank\" rel=\"noopener noreferrer\" data-auth=\"NotApplicable\">www.capitalculturalennuestracasa.cdmx.gob.mx<\/a><\/span><span lang=\"ES-TRAD\">) y por redes sociales de la Secretar\u00eda de Cultura local se compartir\u00e1 nuevo contenido original en torno a D\u00eda de Muertos.<\/span><\/span><\/p>\n<p class=\"x_MsoNormal\"><span lang=\"ES-TRAD\"><span style=\"color: #000000;\">\u00bfCu\u00e1l es el origen y la evoluci\u00f3n de la tradici\u00f3n de D\u00eda de Muertos en M\u00e9xico? La historiadora Guadalupe Lozada Le\u00f3n, encargada de despacho de la Secretar\u00eda de Cultura de la Ciudad de M\u00e9xico, hablar\u00e1 sobre este tema en la serie de charlas hist\u00f3ricas\u00a0<b>\u201cLa Ciudad de Guadalupe\u201d<\/b>. El estreno del cap\u00edtulo es este jueves 29 de octubre a las 19:00 horas desde\u00a0<i>Capital Cultural en Nuestra Casa\u00a0<\/i>y en redes sociales de la instituci\u00f3n, donde permanecer\u00e1 para consulta posterior.<\/span><\/span><\/p>\n<p class=\"x_MsoNormal\"><span lang=\"ES-TRAD\"><span style=\"color: #000000;\">Canto, energ\u00eda, humor y disfraces de catrinas y catrines caracterizar\u00e1n la noche especial de D\u00eda de Muertos del programa\u00a0<b>Karaoke desde tu Casa<\/b>, que, con la conducci\u00f3n de Tal\u00eda Loaria \u201cLa Remambaramba\u201d, el viernes 30 de octubre a las 18:00 horas se transmitir\u00e1 completamente en vivo en vivo desde\u00a0<i>Capital Cultural en Nuestra Casa<\/i>, as\u00ed como por redes sociales y el canal de YouTube de la Secretar\u00eda de Cultura capitalina.<\/span><\/span><\/p>\n<p class=\"x_MsoNormal\"><span style=\"color: #000000;\"><b><span lang=\"ES-TRAD\">\u201cLa muerte en la Ciudad de M\u00e9xico\u201d\u00a0<\/span><\/b><span lang=\"ES-TRAD\">ser\u00e1 el\u00a0<b>ciclo de leyendas<\/b>\u00a0que el programa\u00a0<b>Paseos Hist\u00f3ricos<\/b>\u00a0difundir\u00e1 del 31 de octubre al 8 de noviembre, a las 19:00 horas, desde la plataforma digital y en la cuenta de Facebook del programa. Cada mes y en el contexto de la pandemia, el proyecto realiza recorridos en l\u00ednea que acercan al p\u00fablico a puntos emblem\u00e1ticos de los pueblos, barrios y colonias de las 16 alcald\u00edas de la Ciudad de M\u00e9xico, para conocer, apreciar y defender el patrimonio.<\/span><\/span><\/p>\n<p class=\"x_MsoNormal\"><span lang=\"ES-TRAD\"><span style=\"color: #000000;\">Otra actividad impulsada por la Direcci\u00f3n General de Patrimonio Hist\u00f3rico, Art\u00edstico y Cultural de la dependencia ser\u00e1\u00a0<b>\u201cCuentos de muertos para los vivos\u201d<\/b>, del Foro Internacional de Narraci\u00f3n Oral FINO que el 31 de octubre, 1 y 2 de noviembre, a partir de las 17:00 horas, dar\u00e1n a conocer cuentos como \u201cEl diente del vampiro\u201d, \u201cMelquiades aire\u201d, \u201cLas cinco tortillas\u201d, \u201cTravesuras\u201d, \u201cCamino hacia el Mictl\u00e1n\u201d, \u201cEl morralito de ocelote\u201d, \u201cEl viaje de Don Chanito\u201d y \u201cLas tres cabezas\u201d.<\/span><\/span><\/p>\n<p class=\"x_MsoNormal\"><span lang=\"ES-TRAD\"><span style=\"color: #000000;\">Esta cartelera tambi\u00e9n estar\u00e1 a disposici\u00f3n del p\u00fablico en la plataforma de la Secretar\u00eda de Cultura capitalina, reconocida como buena pr\u00e1ctica cultural por la Organizaci\u00f3n de las Naciones Unidas para la Educaci\u00f3n, la Ciencia y la Cultura (Unesco).<\/span><\/span><\/p>\n<p class=\"x_MsoNormal\"><span lang=\"ES-TRAD\"><span style=\"color: #000000;\">Mientras que el\u00a0<b>Archivo Hist\u00f3rico de la Ciudad\u00a0<\/b>invita a seguir la serie\u00a0<b>\u201cViajes al Mictl\u00e1n\u201d<\/b>, #OfrendaInfinita en los pueblos originarios de la capital, del 29 de octubre al 3 de noviembre, a las 21:00 horas por redes sociales del recinto y desde<i>\u00a0Capital Cultural en Nuestra Casa<\/i>.<\/span><\/span><\/p>\n<p class=\"x_MsoNormal\"><span style=\"color: #000000;\"><span lang=\"ES-TRAD\">El 1 y 2 de noviembre, a las 18:00 horas, en\u00a0<\/span><span lang=\"ES-TRAD\"><a href=\"http:\/\/www.capitalculturalennuestracasa.cdmx.gob.mx\/\" target=\"_blank\" rel=\"noopener noreferrer\" data-auth=\"NotApplicable\">capitalculturalennuestracasa.cdmx.gob.mx<\/a><\/span><span lang=\"ES-TRAD\">\u00a0se estrenar\u00e1n dos c\u00e1psulas de video tituladas\u00a0<b>\u201cMixquic: Camino hacia el Mictl\u00e1n\u201d<\/b>, que mostrar\u00e1n c\u00f3mo se vive en San Andr\u00e9s Mixquic la tradici\u00f3n de D\u00eda de Muertos, el cultivo de la flor de cempas\u00fachil y la elaboraci\u00f3n de pan de muerto, a fin de promover el consumo local, la colocaci\u00f3n de altares en casa y una visita virtual a este ic\u00f3nico pueblo originario, ya que este a\u00f1o estar\u00e1n suspendidas las actividades que aglomeren a habitantes y visitantes de la zona.<\/span><\/span><\/p>\n<p class=\"x_MsoNormal\"><span lang=\"ES-TRAD\"><span style=\"color: #000000;\">En\u00a0<i>Capital Cultural en Nuestra Casa<\/i>\u00a0tambi\u00e9n se puede revivir lo mejor del\u00a0<b>Mega Desfile de D\u00eda de Muertos 2019<\/b>, uno de los imprescindibles del Festival de D\u00eda de Muertos que el Gobierno capitalino llev\u00f3 a cabo el a\u00f1o pasado, y la plataforma enlazar\u00e1 a su vez con la p\u00e1gina oficial de la campa\u00f1a\u00a0<b>Ofrenda Infinita<\/b>, la cual reunir\u00e1 reportajes y contenidos multimedia, talleres y fotograf\u00edas de ofrendas en museos, embajadas y familiares que compartan las personas en Facebook y Twitter con el hashtag #OfrendaInfinita.<\/span><\/span><\/p>\n<p class=\"x_MsoNormal\"><b><span lang=\"ES-TRAD\"><span style=\"color: #000000;\">Cultura Comunitaria virtual<\/span><\/span><\/b><\/p>\n<p class=\"x_MsoNormal\"><span lang=\"ES-TRAD\"><span style=\"color: #000000;\">A trav\u00e9s de la Direcci\u00f3n General de Vinculaci\u00f3n Cultural Comunitaria, la Secretar\u00eda de Cultura capitalina, en colaboraci\u00f3n con Capital 21, del Sistema P\u00fablico de Radiodifusi\u00f3n de la Ciudad de M\u00e9xico, transmite del 26 de octubre al 2 de noviembre un total de 23 c\u00e1psulas de video en las que se pueden ver talleres de elaboraci\u00f3n de papel picado, tapetes de aserr\u00edn, cr\u00e1neos de D\u00eda de Muertos, m\u00e1scaras de Guerrero, actos po\u00e9ticos y narraciones orales.<\/span><\/span><\/p>\n<p class=\"x_MsoNormal\"><span lang=\"ES-TRAD\"><span style=\"color: #000000;\">Como parte de Ofrenda Infinita, los contenidos se difunden en el programa \u201cConecta: Cartelera cultural activa\u201d, que se transmite a las 20:00 horas, la cuenta de YouTube de la dependencia y redes sociales de promotores y colectivos culturales comunitarios, as\u00ed como de talleristas de Artes y Oficios Comunitarios y de las F\u00e1bricas de Artes y Oficios (Faros) La Perulera, Arag\u00f3n, Indios Verdes, Tl\u00e1huac, Tec\u00f3mitl y Azcapotzalco Xochikalli, quienes preparan las c\u00e1psulas.<\/span><\/span><\/p>\n<p class=\"x_MsoNormal\"><span lang=\"ES-TRAD\"><span style=\"color: #000000;\">Adem\u00e1s, la\u00a0<b>Red de F\u00e1bricas de Artes y Oficios<\/b>\u00a0lleva a cabo la jornada cultural\u00a0<b>\u201cMemorial: 9 d\u00edas de resiliencia\u201d<\/b>, que del 24 de octubre al 2 de noviembre contenidos en redes sociales de Faros para establecer un di\u00e1logo entre las tradiciones, en especial las que tienen que ver con el D\u00eda de Muertos y las problem\u00e1ticas e inquietudes del presente (sociales, art\u00edsticas y pol\u00edticas), sobre todo en el contexto actual de emergencia sanitaria por el virus COVID-19.<\/span><\/span><\/p>\n<p class=\"x_MsoNormal\"><span lang=\"ES-TRAD\"><span style=\"color: #000000;\">Participar\u00e1n para estos d\u00edas Faro Azcapotzalco Xochikalli (video-memorial, jueves 29 de octubre, 20:00 horas), Faro Arag\u00f3n (audiovisual sobre elaboraci\u00f3n de pan de muerto, viernes 30, 20:00 horas) y Faro Miacatl\u00e1n (audiovisual, s\u00e1bado 31, 20:00 horas). Asimismo, el domingo 1 de noviembre tocar\u00e1 el turno a Faro Indios Verdes (espect\u00e1culo de t\u00edteres, 14:00 horas), Faro Tec\u00f3mitl (narraci\u00f3n oral, 16:00 horas), Faro Azcapotzalco Xochikalli (cuentos de miedo, 18:00 horas), Faro Oriente (exposici\u00f3n virtual, 20:00 horas), y el lunes 2 a Faro Arag\u00f3n (ceremonia n\u00e1huatl, 12:00 horas), Faro Tl\u00e1huac (cuentos, sones y canciones de Oaxaca, 14:00 horas), Faro La Perulera (recorrido audiovisual, 16:00 horas) y Faro Miacatl\u00e1n (teatro\u00a0<i>La leyenda de la llorona<\/i>, 18:00 horas).<\/span><\/span><\/p>\n<p class=\"x_MsoNormal\"><span lang=\"ES-TRAD\"><span style=\"color: #000000;\">En\u00a0<b>Faro Tl\u00e1huac<\/b>, del 20 de octubre al 2 de noviembre se realiza una \u201cCelebraci\u00f3n de D\u00eda de Muertos\u201d, que incluye el conversatorio \u201cBioculturalidad del\u00a0<i>cempoalx\u00f3chitl<\/i>\u201d, una coreograf\u00eda con alumnos del Taller Infantil y Juvenil caracterizados como calacas y catrinas, la instalaci\u00f3n \u201cEl no ser\u201d con calacas de cartoner\u00eda con formas de animales, y la muestra \u201cXhandu\u201d, que aborda la tem\u00e1tica de los difuntos desde la tradici\u00f3n zapoteca. En tanto que el 31, a las 18:00 horas,\u00a0<b>Faro Indios Verdes<\/b>\u00a0compartir\u00e1 en sus redes sociales el concierto \u201cLa nueva nostalgia\u201d.<\/span><\/span><\/p>\n<p class=\"x_MsoNormal\"><span lang=\"ES-TRAD\"><span style=\"color: #000000;\">En cuanto a los\u00a0<b>Festivales Comunitarios en L\u00ednea 2020<\/b>, la jornada\u00a0<b>\u201cAl son de los muertos\u201d<\/b>\u00a0llevar\u00e1 hasta los hogares teatro (la leyenda de \u201cLa Llorona\u201d), son jarocho, danza folcl\u00f3rica y m\u00fasica tradicional mexicana y prehisp\u00e1nica, en redes sociales del programa Entre Barrios y Pueblos el 1 y 2 de noviembre a partir de las 18:00 horas.<\/span><\/span><\/p>\n<p class=\"x_MsoNormal\"><span style=\"color: #000000;\"><b><i><span lang=\"ES-TRAD\">TikTokeando<\/span><\/i><\/b><b><span lang=\"ES-TRAD\">\u00a0entre muertos<\/span><\/b><\/span><\/p>\n<p class=\"x_MsoNormal\"><span lang=\"ES-TRAD\"><span style=\"color: #000000;\">En el marco de la Ofrenda Infinita desde tu Casa. Celebraci\u00f3n Virtual de D\u00eda de Muertos 2020, el\u00a0<b>Instituto de la Defensa de los Derechos Culturales de la Ciudad de M\u00e9xico<\/b>\u00a0llevar\u00e1 a cabo la din\u00e1mica\u00a0<b>\u201c<i>TikTokeando<\/i>\u00a0entre muertos\u201d<\/b>, en la que invita a la ciudadan\u00eda a compartir la descarga de un video de TikTok, con una duraci\u00f3n m\u00e1xima de 60 segundos, en donde se comparta una propuesta original.<\/span><\/span><\/p>\n<p class=\"x_MsoNormal\"><span lang=\"ES-TRAD\"><span style=\"color: #000000;\">La propuesta en video debe centrarse en alguno de los siguientes ejes tem\u00e1ticos: 1) lectura de una calaverita literaria, dirigida a un familiar o personaje de la comunidad; 2) caracterizaci\u00f3n de catrina o de catr\u00edn, y 3) ofrenda o altar comunitario.<\/span><\/span><\/p>\n<p class=\"x_MsoNormal\"><span style=\"color: #000000;\"><span lang=\"ES-TRAD\">Los videos deber\u00e1n enviarse al correo:\u00a0<\/span><span lang=\"ES-TRAD\"><a href=\"mailto:institutoderechosculturales@gmail.com\" target=\"_blank\" rel=\"noopener noreferrer\" data-auth=\"NotApplicable\">institutoderechosculturales@gmail.com<\/a><\/span><span lang=\"ES-TRAD\">. Se deber\u00e1 agregar el nombre del o de la participante, as\u00ed como su alcald\u00eda, colonia o barrio (sin direcci\u00f3n). Todos los\u00a0<i>TikToks\u00a0<\/i>seleccionados ser\u00e1n publicados el 2 de noviembre por Facebook o Instagram de la Secretar\u00eda de Cultura de la Ciudad de M\u00e9xico.<\/span><\/span><\/p>\n<p class=\"x_MsoNormal\"><b><span lang=\"ES-TRAD\"><span style=\"color: #000000;\">Museos y centros culturales en l\u00ednea<\/span><\/span><\/b><\/p>\n<p class=\"x_MsoNormal\"><span style=\"color: #000000;\">La\u00a0<b>Red de Museos de la Ciudad de M\u00e9xico<\/b>\u00a0estar\u00e1 presente en la Celebraci\u00f3n Virtual de D\u00eda de Muertos 2020 a trav\u00e9s de redes sociales del Museo de la Ciudad de M\u00e9xico, Sal\u00f3n de Cabildos, Nacional de la Revoluci\u00f3n, Archivo de la Fotograf\u00eda, Pante\u00f3n San Fernando, de los Ferrocarrileros y Archivo de la Fotograf\u00eda, este \u00faltimo con una ofrenda para visitarse de acuerdo con las medidas sanitarias y programaci\u00f3n digital diversa como el estreno del cortometraje documental\u00a0<i>Senderos amarillos<\/i>, del director Oscar Netzahual Cocoletzi, que el viernes 30 de octubre, a las 19:00 horas, mostrar\u00e1 un retrato del misticismo, la identidad y la memoria del D\u00eda de Muertos en Contla, Tlaxcala.<\/span><\/p>\n<p class=\"x_MsoNormal\"><span lang=\"ES-TRAD\"><span style=\"color: #000000;\">Seres fant\u00e1sticos ocupar\u00e1n las pantallas de computadoras y dispositivos m\u00f3viles con el\u00a0<b>Desfile Virtual de Mini Alebrijes<\/b>\u00a0que el Museo de Arte Popular transmitir\u00e1 el s\u00e1bado 31 de octubre a las 14:00 horas, en el marco de su exposici\u00f3n de alebrijes miniatura que puede ser visitada por el p\u00fablico, respetando las medidas sanitarias y el aforo permitido, hasta el 15 de noviembre. El Museo del Estanquillo y Colegio de San Ildefonso har\u00e1n lo propio con una cartelera especial.<\/span><\/span><\/p>\n<p class=\"x_MsoNormal\"><span lang=\"ES-TRAD\"><span style=\"color: #000000;\">Destaca la conmemoraci\u00f3n con m\u00fasica, cuentacuentos y danza que el Centro Cultural Ollin Yoliztli compartir\u00e1 en sus redes sociales. El 31 de octubre, a las 19:00 horas, se realizar\u00e1 el concierto \u201cEternas leyendas de M\u00e9xico\u201d, con el Istria Ensamble; el 1 de noviembre, en el mismo horario, se narrar\u00e1n historias de \u201cMuertos y aparecidos\u201d; un poco antes, a las 18:00 horas, presentar\u00e1 el video-performance \u201cAlmas escindidas\u201d, con m\u00fasica y danza contempor\u00e1nea. Finalmente, los d\u00edas 1 y 2 de noviembre, a lo largo del d\u00eda, se transmitir\u00e1 \u201cRuta de muertos\u201d, con danza en homenaje p\u00f3stumo a las v\u00edctimas de COVID-19.<\/span><\/span><\/p>\n<p class=\"x_MsoNormal\"><span style=\"color: #000000;\"><b>Espect\u00e1culo\u00a0<i>\u00bfY a d\u00f3nde ir\u00e1n los muertos?<\/i><\/b><\/span><\/p>\n<p class=\"x_MsoNormal\"><span style=\"color: #000000;\">Finalmente, el Ballet Folkl\u00f3rico Mexicano regresa a los escenarios con el espect\u00e1culo danc\u00edstico\u00a0<i>\u00bfY a d\u00f3nde ir\u00e1n los muertos?,<\/i>\u00a0que se presenta el s\u00e1bado 31 de octubre, a las 19:00 horas, en el Teatro de la Ciudad Esperanza Iris<span lang=\"ES-TRAD\">\u00a0(<\/span>Donceles 36, colonia Centro Hist\u00f3rico, cerca del Metro Allende), recinto del Sistema de Teatros de la Ciudad de M\u00e9xico.<\/span><\/p>\n<p class=\"x_MsoNormal\"><span style=\"color: #000000;\">Con la direcci\u00f3n de Guillermo Gonz\u00e1lez Aranda, la propuesta aborda la historia conceptual que los mexicanos tenemos sobre la muerte a lo largo de nuestra historia. El montaje inicia en los tiempos de los sacrificios humanos mesoamericanos y la lucha de los dioses por el alma de las personas, despu\u00e9s presenta la \u00e9poca colonial y la batalla constante del bien contra el mal en la religi\u00f3n cat\u00f3lica, y finalmente culmina con la simbiosis de estas dos visiones en la \u00e9poca actual.<\/span><\/p>\n<p class=\"x_MsoNormal\"><span style=\"color: #000000;\"><span lang=\"ES-TRAD\">Los recintos pertenecientes al Sistema de Teatros de la Ciudad de M\u00e9xico refuerzan acciones dirigidas a prevenir el contagio y la propagaci\u00f3n del coronavirus SARS-COV-2 y siguen los protocolos establecidos por el Gobierno capitalino en materia de recintos teatrales.<\/span><\/span><\/p>\n<p>[\/fusion_text][fusion_gallery layout=&#8221;&#8221; picture_size=&#8221;&#8221; columns=&#8221;&#8221; column_spacing=&#8221;10&#8243; gallery_masonry_grid_ratio=&#8221;&#8221; gallery_masonry_width_double=&#8221;&#8221; hover_type=&#8221;&#8221; lightbox=&#8221;yes&#8221; lightbox_content=&#8221;&#8221; bordersize=&#8221;&#8221; bordercolor=&#8221;&#8221; border_radius=&#8221;&#8221; hide_on_mobile=&#8221;small-visibility,medium-visibility,large-visibility&#8221; class=&#8221;&#8221; id=&#8221;&#8221;][fusion_gallery_image image=&#8221;https:\/\/www.bitacoracdmx.com\/wp-content\/uploads\/2020\/10\/CARTEL-MAF-MUERTOS-300&#215;300.jpg&#8221; image_id=&#8221;36973|medium&#8221; link=&#8221;&#8221; linktarget=&#8221;_self&#8221; \/][fusion_gallery_image image=&#8221;https:\/\/www.bitacoracdmx.com\/wp-content\/uploads\/2020\/10\/CARTEL-MAP-MUERTOS-250&#215;300.jpg&#8221; image_id=&#8221;36974|medium&#8221; link=&#8221;&#8221; linktarget=&#8221;_self&#8221; \/][fusion_gallery_image image=&#8221;https:\/\/www.bitacoracdmx.com\/wp-content\/uploads\/2020\/10\/CARTEL-AHCM-MUERTOS-300&#215;300.jpg&#8221; image_id=&#8221;36975|medium&#8221; link=&#8221;&#8221; linktarget=&#8221;_self&#8221; \/][fusion_gallery_image image=&#8221;https:\/\/www.bitacoracdmx.com\/wp-content\/uploads\/2020\/10\/CARTEL-TIKTOKEANDO-MUERTOS-250&#215;300.jpg&#8221; image_id=&#8221;36976|medium&#8221; link=&#8221;&#8221; linktarget=&#8221;_self&#8221; \/][fusion_gallery_image image=&#8221;https:\/\/www.bitacoracdmx.com\/wp-content\/uploads\/2020\/10\/CARTEL-FESTIVALES-COMUNITARIOS-MUERTOS-240&#215;300.jpg&#8221; image_id=&#8221;36977|medium&#8221; link=&#8221;&#8221; linktarget=&#8221;_self&#8221; \/][fusion_gallery_image image=&#8221;https:\/\/www.bitacoracdmx.com\/wp-content\/uploads\/2020\/10\/CARTEL-KARAOKE-MUERTOS-250&#215;300.jpg&#8221; image_id=&#8221;36978|medium&#8221; link=&#8221;&#8221; linktarget=&#8221;_self&#8221; \/][fusion_gallery_image image=&#8221;https:\/\/www.bitacoracdmx.com\/wp-content\/uploads\/2020\/10\/CARTEL-FESTIVALES-COMUNITARIOS-MUERTOS-II-242&#215;300.jpg&#8221; image_id=&#8221;36979|medium&#8221; link=&#8221;&#8221; linktarget=&#8221;_self&#8221; \/][fusion_gallery_image image=&#8221;https:\/\/www.bitacoracdmx.com\/wp-content\/uploads\/2020\/10\/CARTEL-CCXV-I-250&#215;300.jpg&#8221; image_id=&#8221;36980|medium&#8221; link=&#8221;&#8221; linktarget=&#8221;_self&#8221; \/][fusion_gallery_image image=&#8221;https:\/\/www.bitacoracdmx.com\/wp-content\/uploads\/2020\/10\/CARTEL-CCXV-II-250&#215;300.jpg&#8221; image_id=&#8221;36981|medium&#8221; link=&#8221;&#8221; linktarget=&#8221;_self&#8221; \/][fusion_gallery_image image=&#8221;https:\/\/www.bitacoracdmx.com\/wp-content\/uploads\/2020\/10\/CARTEL-MPS-MUERTOS-250&#215;300.jpg&#8221; image_id=&#8221;36982|medium&#8221; link=&#8221;&#8221; linktarget=&#8221;_self&#8221; \/][fusion_gallery_image image=&#8221;https:\/\/www.bitacoracdmx.com\/wp-content\/uploads\/2020\/10\/CARTEL-MF-MUERTOS-250&#215;300.jpg&#8221; image_id=&#8221;36983|medium&#8221; link=&#8221;&#8221; linktarget=&#8221;_self&#8221; \/][fusion_gallery_image image=&#8221;https:\/\/www.bitacoracdmx.com\/wp-content\/uploads\/2020\/10\/CARTEL-MNR-MUERTOS-250&#215;300.jpg&#8221; image_id=&#8221;36984|medium&#8221; link=&#8221;&#8221; linktarget=&#8221;_self&#8221; \/][\/fusion_gallery][\/fusion_builder_column][\/fusion_builder_row][\/fusion_builder_container]<\/p>\n","protected":false},"excerpt":{"rendered":"<p>[fusion_builder_container hundred_percent=&#8221;no&#8221; equal_height_columns=&#8221;no&#8221; menu_anchor=&#8221;&#8221; hide_on_mobile=&#8221;small-visibility,medium-visibility,large-visibility&#8221; class=&#8221;&#8221; id=&#8221;&#8221; background_color=&#8221;&#8221; background_image=&#8221;&#8221; background_position=&#8221;center center&#8221; background_repeat=&#8221;no-repeat&#8221; fade=&#8221;no&#8221; background_parallax=&#8221;none&#8221; parallax_speed=&#8221;0.3&#8243; video_mp4=&#8221;&#8221; video_webm=&#8221;&#8221; video_ogv=&#8221;&#8221; video_url=&#8221;&#8221; video_aspect_ratio=&#8221;16:9&#8243; video_loop=&#8221;yes&#8221; video_mute=&#8221;yes&#8221; overlay_color=&#8221;&#8221; video_preview_image=&#8221;&#8221; border_size=&#8221;&#8221; border_color=&#8221;&#8221; border_style=&#8221;solid&#8221; padding_top=&#8221;&#8221; padding_bottom=&#8221;&#8221; padding_left=&#8221;&#8221; padding_right=&#8221;&#8221;][fusion_builder_row][fusion_builder_column type=&#8221;1_1&#8243; layout=&#8221;1_1&#8243; background_position=&#8221;left top&#8221; background_color=&#8221;&#8221; border_size=&#8221;&#8221; border_color=&#8221;&#8221; border_style=&#8221;solid&#8221; border_position=&#8221;all&#8221; spacing=&#8221;yes&#8221; background_image=&#8221;&#8221; background_repeat=&#8221;no-repeat&#8221; padding_top=&#8221;&#8221; padding_right=&#8221;&#8221; padding_bottom=&#8221;&#8221; padding_left=&#8221;&#8221; margin_top=&#8221;0px&#8221; margin_bottom=&#8221;0px&#8221; class=&#8221;&#8221; id=&#8221;&#8221; animation_type=&#8221;&#8221; animation_speed=&#8221;0.3&#8243; animation_direction=&#8221;left&#8221; hide_on_mobile=&#8221;small-visibility,medium-visibility,large-visibility&#8221; center_content=&#8221;no&#8221; last=&#8221;no&#8221; min_height=&#8221;&#8221; hover_type=&#8221;none&#8221; link=&#8221;&#8221;][fusion_text] REDACCI\u00d3N En el marco de la campa\u00f1a\u00a0Ofrenda Infinita desde tu Casa. Celebraci\u00f3n Virtual de D\u00eda de Muertos 2020, en la que la\u00a0Secretar\u00eda de Cultura de la Ciudad de M\u00e9xico\u00a0convoca a la ciudadan\u00eda a realizar ofrendas en sus hogares y, mediante [&hellip;]<\/p>\n","protected":false},"author":1,"featured_media":36980,"comment_status":"open","ping_status":"open","sticky":false,"template":"","format":"standard","meta":{"footnotes":""},"categories":[5,4,9],"tags":[],"_links":{"self":[{"href":"https:\/\/www.bitacoracdmx.com\/index.php?rest_route=\/wp\/v2\/posts\/36972"}],"collection":[{"href":"https:\/\/www.bitacoracdmx.com\/index.php?rest_route=\/wp\/v2\/posts"}],"about":[{"href":"https:\/\/www.bitacoracdmx.com\/index.php?rest_route=\/wp\/v2\/types\/post"}],"author":[{"embeddable":true,"href":"https:\/\/www.bitacoracdmx.com\/index.php?rest_route=\/wp\/v2\/users\/1"}],"replies":[{"embeddable":true,"href":"https:\/\/www.bitacoracdmx.com\/index.php?rest_route=%2Fwp%2Fv2%2Fcomments&post=36972"}],"version-history":[{"count":1,"href":"https:\/\/www.bitacoracdmx.com\/index.php?rest_route=\/wp\/v2\/posts\/36972\/revisions"}],"predecessor-version":[{"id":36985,"href":"https:\/\/www.bitacoracdmx.com\/index.php?rest_route=\/wp\/v2\/posts\/36972\/revisions\/36985"}],"wp:featuredmedia":[{"embeddable":true,"href":"https:\/\/www.bitacoracdmx.com\/index.php?rest_route=\/wp\/v2\/media\/36980"}],"wp:attachment":[{"href":"https:\/\/www.bitacoracdmx.com\/index.php?rest_route=%2Fwp%2Fv2%2Fmedia&parent=36972"}],"wp:term":[{"taxonomy":"category","embeddable":true,"href":"https:\/\/www.bitacoracdmx.com\/index.php?rest_route=%2Fwp%2Fv2%2Fcategories&post=36972"},{"taxonomy":"post_tag","embeddable":true,"href":"https:\/\/www.bitacoracdmx.com\/index.php?rest_route=%2Fwp%2Fv2%2Ftags&post=36972"}],"curies":[{"name":"wp","href":"https:\/\/api.w.org\/{rel}","templated":true}]}}