{"id":36996,"date":"2020-10-31T02:48:08","date_gmt":"2020-10-31T02:48:08","guid":{"rendered":"https:\/\/www.bitacoracdmx.com\/?p=36996"},"modified":"2020-10-31T02:48:08","modified_gmt":"2020-10-31T02:48:08","slug":"magos-herrera-ofrecera-concierto-especial-para-recordar-a-los-seres-queridos","status":"publish","type":"post","link":"https:\/\/www.bitacoracdmx.com\/?p=36996","title":{"rendered":"Magos Herrera ofrecer\u00e1 concierto especial para recordar a los seres queridos."},"content":{"rendered":"<p>[fusion_builder_container hundred_percent=&#8221;no&#8221; equal_height_columns=&#8221;no&#8221; menu_anchor=&#8221;&#8221; hide_on_mobile=&#8221;small-visibility,medium-visibility,large-visibility&#8221; class=&#8221;&#8221; id=&#8221;&#8221; background_color=&#8221;&#8221; background_image=&#8221;&#8221; background_position=&#8221;center center&#8221; background_repeat=&#8221;no-repeat&#8221; fade=&#8221;no&#8221; background_parallax=&#8221;none&#8221; parallax_speed=&#8221;0.3&#8243; video_mp4=&#8221;&#8221; video_webm=&#8221;&#8221; video_ogv=&#8221;&#8221; video_url=&#8221;&#8221; video_aspect_ratio=&#8221;16:9&#8243; video_loop=&#8221;yes&#8221; video_mute=&#8221;yes&#8221; overlay_color=&#8221;&#8221; video_preview_image=&#8221;&#8221; border_size=&#8221;&#8221; border_color=&#8221;&#8221; border_style=&#8221;solid&#8221; padding_top=&#8221;&#8221; padding_bottom=&#8221;&#8221; padding_left=&#8221;&#8221; padding_right=&#8221;&#8221;][fusion_builder_row][fusion_builder_column type=&#8221;1_1&#8243; layout=&#8221;1_1&#8243; background_position=&#8221;left top&#8221; background_color=&#8221;&#8221; border_size=&#8221;&#8221; border_color=&#8221;&#8221; border_style=&#8221;solid&#8221; border_position=&#8221;all&#8221; spacing=&#8221;yes&#8221; background_image=&#8221;&#8221; background_repeat=&#8221;no-repeat&#8221; padding_top=&#8221;&#8221; padding_right=&#8221;&#8221; padding_bottom=&#8221;&#8221; padding_left=&#8221;&#8221; margin_top=&#8221;0px&#8221; margin_bottom=&#8221;0px&#8221; class=&#8221;&#8221; id=&#8221;&#8221; animation_type=&#8221;&#8221; animation_speed=&#8221;0.3&#8243; animation_direction=&#8221;left&#8221; hide_on_mobile=&#8221;small-visibility,medium-visibility,large-visibility&#8221; center_content=&#8221;no&#8221; last=&#8221;no&#8221; min_height=&#8221;&#8221; hover_type=&#8221;none&#8221; link=&#8221;&#8221;][fusion_text]<\/p>\n<p>REDACCI\u00d3N<\/p>\n<p class=\"x_MsoNormal\">Para festejar en familia\u00a0<b>D\u00eda de Muertos<\/b>, el\u00a0<b>Gobierno de la Ciudad de M\u00e9xico<\/b>, a trav\u00e9s de la\u00a0<b>Secretar\u00eda de Cultura<\/b>\u00a0y el medio p\u00fablico local\u00a0<b>Capital 21<\/b>, transmitir\u00e1 el\u00a0<b>s\u00e1bado 31 de octubre<\/b>, a partir de las\u00a0<b>21:30 horas<\/b>, un concierto original de la cantante y compositora\u00a0<b>Magos Herrera<\/b>, quien a trav\u00e9s del canal de televisi\u00f3n y redes sociales amenizar\u00e1 con melod\u00edas y ritmos latinoamericanos las horas previas a la llegada de los seres queridos.<\/p>\n<p class=\"x_MsoNormal\">Dentro de la campa\u00f1a\u00a0<b>Ofrenda Infinita desde tu Casa. Celebraci\u00f3n Virtual de D\u00eda de Muertos 2020<\/b>, que procura el cuidado de la salud al promover que las personas se queden en casa y disfruten de actividades digitales, la cantante Magos Herrera conmemora esta fecha y compartir\u00e1 con el p\u00fablico un concierto que fue grabado en el\u00a0<b>Teatro \u00c1ngela Peralta<\/b>, de\u00a0<b>San Miguel Allende<\/b>,\u00a0<b>Guanajuato<\/b>.<\/p>\n<p class=\"x_MsoNormal\">La int\u00e9rprete oriunda de la Ciudad de M\u00e9xico, pero que actualmente reside en Nueva York, es reconocida por su improvisaci\u00f3n vocal y su estilo que abarca elementos del jazz contempor\u00e1neo con melod\u00edas y ritmos latinoamericanos, con un canto en espa\u00f1ol, ingl\u00e9s y portugu\u00e9s.<\/p>\n<p class=\"x_MsoNormal\">Considerada una de las voces m\u00e1s expresivas del jazz contempor\u00e1neo, Magos Herrera interpretar\u00e1 temas como \u201cBalderrama\u201d, pieza con letra de Manuel Jos\u00e9 Castilla y m\u00fasica de Gustavo Leguizam\u00f3n; \u201cT\u00fa y yo\u201d, musicalizaci\u00f3n del poema de Rub\u00e9n Dar\u00edo; \u201cAlfonsina y el mar\u201d, compuesta por el pianista Ariel Ram\u00edrez y el escritor F\u00e9lix Luna, entre muchas otras.<\/p>\n<p class=\"x_MsoNormal\">La presentaci\u00f3n de la artista podr\u00e1 seguirse tambi\u00e9n desde la plataforma digital\u00a0<b><i>Capital Cultural en Nuestra Casa<\/i><\/b>\u00a0y redes sociales de Capital 21 y la Secretar\u00eda de Cultura capitalina. Y para quienes no puedan ver la transmisi\u00f3n el s\u00e1bado, el\u00a0<b>domingo 1 de noviembre<\/b>, a las\u00a0<b>18:00 horas<\/b>, el concierto estar\u00e1 disponible por segunda ocasi\u00f3n, ahora a nivel nacional por\u00a0<b>Canal Catorce\u00a0<\/b>(14.1).<\/p>\n<p class=\"x_MsoNormal\">La programaci\u00f3n de\u00a0<b>Capital 21<\/b>\u00a0para la campa\u00f1a\u00a0<b>Ofrenda Infinita<\/b>\u00a0tambi\u00e9n contempla talleres y reportajes para elaborar ofrendas, que se difunden del 26 de octubre al 2 de noviembre en el programa televisivo\u00a0<b>\u201cConecta: Cartelera cultural activa\u201d<\/b>, en colaboraci\u00f3n con la Direcci\u00f3n General de Vinculaci\u00f3n Cultural Comunitaria y el Fideicomiso para la Promoci\u00f3n y Desarrollo del Cine Mexicano (Procine) de esta Secretar\u00eda.<\/p>\n<p class=\"x_MsoNormal\">Asimismo, el ciclo\u00a0<b>\u201cCineMictl\u00e1n\u201d<\/b>, conformado por cintas de ficci\u00f3n y documentales proporcionados por Procine, el Instituto Mexicano de Cinematograf\u00eda (Imcine) y el festival de cine de terror Macabro, adem\u00e1s de la edici\u00f3n especial dedicada a los productores de cempas\u00fachil del programa\u00a0<b>\u201cClasificados\u201d<\/b>, pensado para promover productos y servicios locales.<\/p>\n<p class=\"x_MsoNormal\">El\u00a0<b>Concierto de D\u00eda de Muertos<\/b>\u00a0<b>de<\/b>\u00a0<b>Magos Herrera<\/b>\u00a0se transmitir\u00e1 el\u00a0<b>s\u00e1bado 31 de octubre<\/b>\u00a0por la se\u00f1al de\u00a0<b>Capital 21<\/b>\u00a0(21.1 de TV abierta, as\u00ed como en el 21 de HD Izzi, Totalplay y Axtel TV), y a trav\u00e9s de su nueva p\u00e1gina web:\u00a0<span lang=\"ES-TRAD\"><a href=\"http:\/\/www.capital21.cdmx.gob.mx\/\" target=\"_blank\" rel=\"noopener noreferrer\" data-auth=\"NotApplicable\"><span lang=\"ES-MX\">www.capital21.cdmx.gob.mx<\/span><\/a><\/span>\u00a0y redes sociales.<\/p>\n<p>[\/fusion_text][fusion_imageframe image_id=&#8221;36997|medium&#8221; max_width=&#8221;&#8221; style_type=&#8221;&#8221; blur=&#8221;&#8221; stylecolor=&#8221;&#8221; hover_type=&#8221;none&#8221; bordersize=&#8221;&#8221; bordercolor=&#8221;&#8221; borderradius=&#8221;&#8221; align=&#8221;none&#8221; lightbox=&#8221;no&#8221; gallery_id=&#8221;&#8221; lightbox_image=&#8221;&#8221; lightbox_image_id=&#8221;&#8221; alt=&#8221;&#8221; link=&#8221;&#8221; linktarget=&#8221;_self&#8221; hide_on_mobile=&#8221;small-visibility,medium-visibility,large-visibility&#8221; class=&#8221;&#8221; id=&#8221;&#8221; animation_type=&#8221;&#8221; animation_direction=&#8221;left&#8221; animation_speed=&#8221;0.3&#8243; animation_offset=&#8221;&#8221;]https:\/\/www.bitacoracdmx.com\/wp-content\/uploads\/2020\/10\/CARTEL-MAGOS-HERRERA-250&#215;300.jpg[\/fusion_imageframe][\/fusion_builder_column][\/fusion_builder_row][\/fusion_builder_container]<\/p>\n","protected":false},"excerpt":{"rendered":"<p>[fusion_builder_container hundred_percent=&#8221;no&#8221; equal_height_columns=&#8221;no&#8221; menu_anchor=&#8221;&#8221; hide_on_mobile=&#8221;small-visibility,medium-visibility,large-visibility&#8221; class=&#8221;&#8221; id=&#8221;&#8221; background_color=&#8221;&#8221; background_image=&#8221;&#8221; background_position=&#8221;center center&#8221; background_repeat=&#8221;no-repeat&#8221; fade=&#8221;no&#8221; background_parallax=&#8221;none&#8221; parallax_speed=&#8221;0.3&#8243; video_mp4=&#8221;&#8221; video_webm=&#8221;&#8221; video_ogv=&#8221;&#8221; video_url=&#8221;&#8221; video_aspect_ratio=&#8221;16:9&#8243; video_loop=&#8221;yes&#8221; video_mute=&#8221;yes&#8221; overlay_color=&#8221;&#8221; video_preview_image=&#8221;&#8221; border_size=&#8221;&#8221; border_color=&#8221;&#8221; border_style=&#8221;solid&#8221; padding_top=&#8221;&#8221; padding_bottom=&#8221;&#8221; padding_left=&#8221;&#8221; padding_right=&#8221;&#8221;][fusion_builder_row][fusion_builder_column type=&#8221;1_1&#8243; layout=&#8221;1_1&#8243; background_position=&#8221;left top&#8221; background_color=&#8221;&#8221; border_size=&#8221;&#8221; border_color=&#8221;&#8221; border_style=&#8221;solid&#8221; border_position=&#8221;all&#8221; spacing=&#8221;yes&#8221; background_image=&#8221;&#8221; background_repeat=&#8221;no-repeat&#8221; padding_top=&#8221;&#8221; padding_right=&#8221;&#8221; padding_bottom=&#8221;&#8221; padding_left=&#8221;&#8221; margin_top=&#8221;0px&#8221; margin_bottom=&#8221;0px&#8221; class=&#8221;&#8221; id=&#8221;&#8221; animation_type=&#8221;&#8221; animation_speed=&#8221;0.3&#8243; animation_direction=&#8221;left&#8221; hide_on_mobile=&#8221;small-visibility,medium-visibility,large-visibility&#8221; center_content=&#8221;no&#8221; last=&#8221;no&#8221; min_height=&#8221;&#8221; hover_type=&#8221;none&#8221; link=&#8221;&#8221;][fusion_text] REDACCI\u00d3N Para festejar en familia\u00a0D\u00eda de Muertos, el\u00a0Gobierno de la Ciudad de M\u00e9xico, a trav\u00e9s de la\u00a0Secretar\u00eda de Cultura\u00a0y el medio p\u00fablico local\u00a0Capital 21, transmitir\u00e1 el\u00a0s\u00e1bado 31 de octubre, a partir de las\u00a021:30 horas, un concierto original de la cantante [&hellip;]<\/p>\n","protected":false},"author":1,"featured_media":36997,"comment_status":"open","ping_status":"open","sticky":false,"template":"","format":"standard","meta":{"footnotes":""},"categories":[9,11],"tags":[],"_links":{"self":[{"href":"https:\/\/www.bitacoracdmx.com\/index.php?rest_route=\/wp\/v2\/posts\/36996"}],"collection":[{"href":"https:\/\/www.bitacoracdmx.com\/index.php?rest_route=\/wp\/v2\/posts"}],"about":[{"href":"https:\/\/www.bitacoracdmx.com\/index.php?rest_route=\/wp\/v2\/types\/post"}],"author":[{"embeddable":true,"href":"https:\/\/www.bitacoracdmx.com\/index.php?rest_route=\/wp\/v2\/users\/1"}],"replies":[{"embeddable":true,"href":"https:\/\/www.bitacoracdmx.com\/index.php?rest_route=%2Fwp%2Fv2%2Fcomments&post=36996"}],"version-history":[{"count":1,"href":"https:\/\/www.bitacoracdmx.com\/index.php?rest_route=\/wp\/v2\/posts\/36996\/revisions"}],"predecessor-version":[{"id":36998,"href":"https:\/\/www.bitacoracdmx.com\/index.php?rest_route=\/wp\/v2\/posts\/36996\/revisions\/36998"}],"wp:featuredmedia":[{"embeddable":true,"href":"https:\/\/www.bitacoracdmx.com\/index.php?rest_route=\/wp\/v2\/media\/36997"}],"wp:attachment":[{"href":"https:\/\/www.bitacoracdmx.com\/index.php?rest_route=%2Fwp%2Fv2%2Fmedia&parent=36996"}],"wp:term":[{"taxonomy":"category","embeddable":true,"href":"https:\/\/www.bitacoracdmx.com\/index.php?rest_route=%2Fwp%2Fv2%2Fcategories&post=36996"},{"taxonomy":"post_tag","embeddable":true,"href":"https:\/\/www.bitacoracdmx.com\/index.php?rest_route=%2Fwp%2Fv2%2Ftags&post=36996"}],"curies":[{"name":"wp","href":"https:\/\/api.w.org\/{rel}","templated":true}]}}