{"id":36999,"date":"2020-10-31T02:53:32","date_gmt":"2020-10-31T02:53:32","guid":{"rendered":"https:\/\/www.bitacoracdmx.com\/?p=36999"},"modified":"2020-10-31T02:53:32","modified_gmt":"2020-10-31T02:53:32","slug":"cinemictlan-ficcion-y-documentales-en-torno-a-dia-de-muertos-a-traves-de-capital-21","status":"publish","type":"post","link":"https:\/\/www.bitacoracdmx.com\/?p=36999","title":{"rendered":"\u201cCineMictl\u00e1n\u201d, ficci\u00f3n y documentales en torno a D\u00eda de Muertos a trav\u00e9s de Capital 21."},"content":{"rendered":"<p>[fusion_builder_container hundred_percent=&#8221;no&#8221; equal_height_columns=&#8221;no&#8221; menu_anchor=&#8221;&#8221; hide_on_mobile=&#8221;small-visibility,medium-visibility,large-visibility&#8221; class=&#8221;&#8221; id=&#8221;&#8221; background_color=&#8221;&#8221; background_image=&#8221;&#8221; background_position=&#8221;center center&#8221; background_repeat=&#8221;no-repeat&#8221; fade=&#8221;no&#8221; background_parallax=&#8221;none&#8221; parallax_speed=&#8221;0.3&#8243; video_mp4=&#8221;&#8221; video_webm=&#8221;&#8221; video_ogv=&#8221;&#8221; video_url=&#8221;&#8221; video_aspect_ratio=&#8221;16:9&#8243; video_loop=&#8221;yes&#8221; video_mute=&#8221;yes&#8221; overlay_color=&#8221;&#8221; video_preview_image=&#8221;&#8221; border_size=&#8221;&#8221; border_color=&#8221;&#8221; border_style=&#8221;solid&#8221; padding_top=&#8221;&#8221; padding_bottom=&#8221;&#8221; padding_left=&#8221;&#8221; padding_right=&#8221;&#8221;][fusion_builder_row][fusion_builder_column type=&#8221;1_1&#8243; layout=&#8221;1_1&#8243; background_position=&#8221;left top&#8221; background_color=&#8221;&#8221; border_size=&#8221;&#8221; border_color=&#8221;&#8221; border_style=&#8221;solid&#8221; border_position=&#8221;all&#8221; spacing=&#8221;yes&#8221; background_image=&#8221;&#8221; background_repeat=&#8221;no-repeat&#8221; padding_top=&#8221;&#8221; padding_right=&#8221;&#8221; padding_bottom=&#8221;&#8221; padding_left=&#8221;&#8221; margin_top=&#8221;0px&#8221; margin_bottom=&#8221;0px&#8221; class=&#8221;&#8221; id=&#8221;&#8221; animation_type=&#8221;&#8221; animation_speed=&#8221;0.3&#8243; animation_direction=&#8221;left&#8221; hide_on_mobile=&#8221;small-visibility,medium-visibility,large-visibility&#8221; center_content=&#8221;no&#8221; last=&#8221;no&#8221; min_height=&#8221;&#8221; hover_type=&#8221;none&#8221; link=&#8221;&#8221;][fusion_text]<\/p>\n<p>REDACCI\u00d3N<\/p>\n<p class=\"x_gmail-s9\"><span class=\"x_gmail-bumpedfont15\">El terror, drama y suspenso<\/span><span class=\"x_gmail-apple-converted-space\">\u00a0<\/span><span class=\"x_gmail-bumpedfont15\">ser\u00e1n algunos<\/span><span class=\"x_gmail-apple-converted-space\">\u00a0<\/span><span class=\"x_gmail-bumpedfont15\">de los g\u00e9neros que el ciclo de cine de ficci\u00f3n, cortometrajes y documentales,<\/span><span class=\"x_gmail-apple-converted-space\">\u00a0<\/span><span class=\"x_gmail-bumpedfont15\">\u201c<b>CineMictl\u00e1n<\/b>\u201d, llevar\u00e1 hasta los hogares el<\/span><span class=\"x_gmail-apple-converted-space\">\u00a0<\/span><span class=\"x_gmail-bumpedfont15\"><b>viernes 30<\/b><\/span><span class=\"x_gmail-apple-converted-space\">\u00a0<\/span><span class=\"x_gmail-bumpedfont15\">y\u00a0<b>s\u00e1bado 31<\/b><\/span><span class=\"x_gmail-apple-converted-space\"><b>\u00a0<\/b><\/span><span class=\"x_gmail-bumpedfont15\"><b>de octubre<\/b><\/span><span class=\"x_gmail-bumpedfont15\">,<\/span><span class=\"x_gmail-apple-converted-space\">\u00a0<\/span><span class=\"x_gmail-bumpedfont15\">as\u00ed como el<\/span><span class=\"x_gmail-apple-converted-space\">\u00a0<\/span><span class=\"x_gmail-bumpedfont15\"><b>domingo 1 de noviembre<\/b><\/span><span class=\"x_gmail-apple-converted-space\">\u00a0<\/span><span class=\"x_gmail-bumpedfont15\">a<\/span><span class=\"x_gmail-apple-converted-space\">\u00a0<\/span><span class=\"x_gmail-bumpedfont15\">trav\u00e9s del canal p\u00fablico local<\/span><span class=\"x_gmail-apple-converted-space\">\u00a0<\/span><span class=\"x_gmail-bumpedfont15\"><b>Capital 21<\/b><\/span><span class=\"x_gmail-apple-converted-space\"><b>\u00a0<\/b><\/span><span class=\"x_gmail-bumpedfont15\">(21.1<\/span><span class=\"x_gmail-apple-converted-space\">\u00a0<\/span><span class=\"x_gmail-bumpedfont15\">de la se\u00f1al de televisi\u00f3n digital).<\/span><\/p>\n<p class=\"x_gmail-s9\"><span class=\"x_gmail-bumpedfont15\">En el marco de la campa\u00f1a<\/span><span class=\"x_gmail-apple-converted-space\">\u00a0<\/span><span class=\"x_gmail-bumpedfont15\"><b>Ofrenda Infinita desde tu Casa. Celebraci\u00f3n Virtual de D\u00eda de Muertos 2020<\/b><\/span><span class=\"x_gmail-bumpedfont15\">, y en colaboraci\u00f3n con el<\/span><span class=\"x_gmail-apple-converted-space\">\u00a0<\/span><span class=\"x_gmail-bumpedfont15\">Instituto Mexicano de Cinematograf\u00eda\u00a0<\/span><span class=\"x_gmail-bumpedfont15\">(Imcine), el<\/span><span class=\"x_gmail-apple-converted-space\">\u00a0<\/span><span class=\"x_gmail-bumpedfont15\">Fideicomiso para la Promoci\u00f3n y Desarrollo del Cine Mexicano<\/span><span class=\"x_gmail-apple-converted-space\">\u00a0<\/span><span class=\"x_gmail-bumpedfont15\">(Procine)<\/span><span class=\"x_gmail-apple-converted-space\">\u00a0<\/span><span class=\"x_gmail-bumpedfont15\">de la<\/span><span class=\"x_gmail-apple-converted-space\">\u00a0<\/span><span class=\"x_gmail-bumpedfont15\"><b>Secretar\u00eda de Cultura<\/b><\/span><span class=\"x_gmail-apple-converted-space\"><b>\u00a0<\/b><\/span><span class=\"x_gmail-bumpedfont15\"><b>de la Ciudad de M\u00e9xico<\/b><\/span><span class=\"x_gmail-bumpedfont15\">, y<\/span><span class=\"x_gmail-apple-converted-space\">\u00a0<\/span><span class=\"x_gmail-bumpedfont15\">Macabro: Festival Internacional de Cine de Horror de la Ciudad de M\u00e9xico<\/span><span class=\"x_gmail-bumpedfont15\">, Capital<\/span><span class=\"x_gmail-apple-converted-space\">\u00a0<\/span><span class=\"x_gmail-bumpedfont15\">21 transmitir\u00e1 cinco producciones<\/span><span class=\"x_gmail-apple-converted-space\">\u00a0<\/span><span class=\"x_gmail-bumpedfont15\">cinematogr\u00e1ficas.<\/span><\/p>\n<p class=\"x_gmail-s9\"><span class=\"x_gmail-bumpedfont15\">Para los amantes del s\u00e9ptimo arte,<\/span><span class=\"x_gmail-apple-converted-space\">\u00a0<\/span><span class=\"x_gmail-bumpedfont15\">de manera gratuita y sin salir de casa<\/span><span class=\"x_gmail-apple-converted-space\">\u00a0<\/span><span class=\"x_gmail-bumpedfont15\"><b>\u201cCineMictl\u00e1n\u201d<\/b><\/span><span class=\"x_gmail-apple-converted-space\">\u00a0<\/span><span class=\"x_gmail-bumpedfont15\">compartir\u00e1<\/span><span class=\"x_gmail-apple-converted-space\">\u00a0<\/span><span class=\"x_gmail-bumpedfont15\">el<\/span><span class=\"x_gmail-apple-converted-space\">\u00a0<\/span><span class=\"x_gmail-bumpedfont15\">viernes 30<\/span><span class=\"x_gmail-apple-converted-space\">\u00a0<\/span><span class=\"x_gmail-bumpedfont15\">de octubre, a las 23:00 horas,<\/span><span class=\"x_gmail-apple-converted-space\">\u00a0<\/span><span class=\"x_gmail-bumpedfont15\">la proyecci\u00f3n de la cinta<\/span><span class=\"x_gmail-apple-converted-space\">\u00a0<\/span><span class=\"x_gmail-bumpedfont15\"><b><i>Terror y encajes negros<\/i><\/b><\/span><span class=\"x_gmail-apple-converted-space\"><i>\u00a0<\/i><\/span><span class=\"x_gmail-bumpedfont15\">(1985), bajo la direcci\u00f3n de Luis<\/span><span class=\"x_gmail-apple-converted-space\">\u00a0<\/span><span class=\"x_gmail-bumpedfont15\">Alcoriza, que retrata la historia de<\/span><span class=\"x_gmail-apple-converted-space\">\u00a0<\/span><span class=\"x_gmail-bumpedfont15\">\u201cIsabel Mart\u00ednez\u201d, una mujer<\/span><span class=\"x_gmail-apple-converted-space\">\u00a0<\/span><span class=\"x_gmail-bumpedfont15\">constantemente<\/span><span class=\"x_gmail-apple-converted-space\">\u00a0<\/span><span class=\"x_gmail-bumpedfont15\">maltratada por su esposo,<\/span><span class=\"x_gmail-apple-converted-space\">\u00a0<\/span><span class=\"x_gmail-bumpedfont15\">que<\/span><span class=\"x_gmail-apple-converted-space\">\u00a0<\/span><span class=\"x_gmail-bumpedfont15\">descubre<\/span><span class=\"x_gmail-apple-converted-space\">\u00a0<\/span><span class=\"x_gmail-bumpedfont15\">un oscuro secreto de<\/span><span class=\"x_gmail-apple-converted-space\">\u00a0<\/span><span class=\"x_gmail-bumpedfont15\">su vecino,<\/span><span class=\"x_gmail-apple-converted-space\">\u00a0<\/span><span class=\"x_gmail-bumpedfont15\">\u201cC\u00e9sar\u201d, por lo que<\/span><span class=\"x_gmail-apple-converted-space\">\u00a0<\/span><span class=\"x_gmail-bumpedfont15\">deber\u00e1<\/span><span class=\"x_gmail-apple-converted-space\">\u00a0<\/span><span class=\"x_gmail-bumpedfont15\">luchar por su vida.<\/span><\/p>\n<p class=\"x_gmail-s9\"><span class=\"x_gmail-bumpedfont15\">El s\u00e1bado 31, la programaci\u00f3n iniciar\u00e1 a las 20:40 horas con la transmisi\u00f3n del documental\u00a0<b><i>Bendita muerte<\/i><\/b>\u00a0(2003), retrato de la p\u00e9rdida en una comunidad ind\u00edgena, que dirigi\u00f3 Alejandro Jim\u00e9nez Ramos, \u00c9rika Mercado y Mario Trueba; al terminar, el festival Macabro compartir\u00e1 el cortometraje\u00a0<b><i>Otto<\/i><\/b>\u00a0(2016), de Sinhu\u00e9 F. Benavides, sobre la vida de un hombre atormentado a partir de un incidente fatal, el cual le lleva a desarrollar una sensaci\u00f3n de culpabilidad que va desde el miedo a la resignaci\u00f3n, llev\u00e1ndolo a enfrentar sus demonios internos.<\/span><\/p>\n<p class=\"x_gmail-s9\"><span class=\"x_gmail-bumpedfont15\">Continuar\u00e1 el ciclo, a las 23:00 horas, con una cinta que el<\/span><span class=\"x_gmail-apple-converted-space\">\u00a0<\/span><span class=\"x_gmail-bumpedfont15\">Imcine<\/span><span class=\"x_gmail-apple-converted-space\">\u00a0<\/span><span class=\"x_gmail-bumpedfont15\">compartir\u00e1 a la audiencia nocturna,<\/span><span class=\"x_gmail-apple-converted-space\">\u00a0<\/span><span class=\"x_gmail-bumpedfont15\"><b><i>El castillo de la<\/i><\/b><\/span><span class=\"x_gmail-apple-converted-space\"><b><i>\u00a0<\/i><\/b><\/span><span class=\"x_gmail-bumpedfont15\"><b><i>pureza<\/i><\/b><\/span><span class=\"x_gmail-apple-converted-space\"><b>\u00a0<\/b><\/span><span class=\"x_gmail-bumpedfont15\">(1972), una pel\u00edcula<\/span><span class=\"x_gmail-apple-converted-space\">\u00a0<\/span><span class=\"x_gmail-bumpedfont15\">dirigida por Arturo<\/span><span class=\"x_gmail-apple-converted-space\">\u00a0<\/span><span class=\"x_gmail-bumpedfont15\">Ripstein<\/span><span class=\"x_gmail-apple-converted-space\">\u00a0<\/span><span class=\"x_gmail-bumpedfont15\">y<\/span><span class=\"x_gmail-apple-converted-space\">\u00a0<\/span><span class=\"x_gmail-bumpedfont15\">basada en hechos reales, que<\/span><span class=\"x_gmail-apple-converted-space\">\u00a0<\/span><span class=\"x_gmail-bumpedfont15\">cuenta la historia de un vendedor de raticidas que mantiene recluida a su familia convencido de que el mundo exterior es da\u00f1ino para la formaci\u00f3n del ser humano ideal.<\/span><\/p>\n<p class=\"x_gmail-s9\"><span class=\"x_gmail-bumpedfont15\">En el \u00faltimo d\u00eda de actividades, domingo 1 de noviembre, a las 20:40 horas se transmitir\u00e1 el documental<\/span><span class=\"x_gmail-apple-converted-space\">\u00a0de Marcelo S\u00e1nchez y Sergio Crespo,\u00a0<\/span><span class=\"x_gmail-bumpedfont15\"><i>\u00c1nimecheri<\/i><\/span><span class=\"x_gmail-bumpedfont15\">\u00a0(2016), que narra c\u00f3mo la comunidad ind\u00edgena pur\u00e9pecha de Janitzio, Michoac\u00e1n, vive la noche de Muertos. La repetici\u00f3n de\u00a0<i>Otto<\/i>\u00a0ser\u00e1 el pre\u00e1mbulo para la proyecci\u00f3n de otro cortometraje de Sinhu\u00e9 F. Benavides,\u00a0<i>Ni\u00f1o doctor\u00a0<\/i>(2019), el cual plasma la historia de \u201cMila\u201d, una ni\u00f1a cuyo destino es fatal, pero que recibe una segunda oportunidad celestial para ella y su familia, o al menos eso es lo que parece.<\/span><\/p>\n<p class=\"x_gmail-s9\"><span class=\"x_gmail-bumpedfont15\">El festival f\u00edlmico concluir\u00e1 con una cinta que tambi\u00e9n forma parte de Macabro:<\/span><span class=\"x_gmail-apple-converted-space\">\u00a0<\/span><span class=\"x_gmail-bumpedfont15\"><b><i>La piel rota<\/i><\/b><\/span><span class=\"x_gmail-apple-converted-space\"><b>\u00a0<\/b><\/span><span class=\"x_gmail-bumpedfont15\">(2014),<\/span><span class=\"x_gmail-apple-converted-space\">\u00a0<\/span><span class=\"x_gmail-bumpedfont15\">dirigida por Leopoldo Laborde, que narra la historia de dos cuerpos adolescentes (\u201cDiego\u201d y \u201cKarina\u201d) quienes se buscan desesperados con la intensidad propia de quien descubre por primera vez los placeres.<\/span><\/p>\n<p class=\"x_gmail-s9\"><span class=\"x_gmail-bumpedfont15\">La se\u00f1al de<\/span><span class=\"x_gmail-apple-converted-space\">\u00a0<\/span><span class=\"x_gmail-bumpedfont15\"><b>Capital 21<\/b><\/span><span class=\"x_gmail-apple-converted-space\">\u00a0<\/span><span class=\"x_gmail-bumpedfont15\">se encuentra disponible en el 21.1<\/span><span class=\"x_gmail-apple-converted-space\">\u00a0<\/span><span class=\"x_gmail-bumpedfont15\">de televisi\u00f3n digital abierta, as\u00ed como en el 21 de HD Izzi, Totalplay y Axtel TV, y a trav\u00e9s de su nueva p\u00e1gina web\u00a0<a href=\"http:\/\/www.capital21.cdmx.gob.mx\/\" target=\"_blank\" rel=\"noopener noreferrer\" data-auth=\"NotApplicable\">www.capital21.cdmx.gob.mx<\/a>. De igual forma, sus contenidos pueden disfrutarse en vivo y en directo a trav\u00e9s de sus redes sociales:<\/span><span class=\"x_gmail-apple-converted-space\">\u00a0<\/span><span class=\"x_gmail-bumpedfont15\">Twitter<\/span><span class=\"x_gmail-apple-converted-space\">\u00a0<\/span><span class=\"x_gmail-bumpedfont15\">(@Capital_21), Facebook (@Capital21) y YouTube (Capital 21).<\/span><\/p>\n<p>[\/fusion_text][fusion_imageframe image_id=&#8221;37000|medium&#8221; max_width=&#8221;&#8221; style_type=&#8221;&#8221; blur=&#8221;&#8221; stylecolor=&#8221;&#8221; hover_type=&#8221;none&#8221; bordersize=&#8221;&#8221; bordercolor=&#8221;&#8221; borderradius=&#8221;&#8221; align=&#8221;none&#8221; lightbox=&#8221;no&#8221; gallery_id=&#8221;&#8221; lightbox_image=&#8221;&#8221; lightbox_image_id=&#8221;&#8221; alt=&#8221;&#8221; link=&#8221;&#8221; linktarget=&#8221;_self&#8221; hide_on_mobile=&#8221;small-visibility,medium-visibility,large-visibility&#8221; class=&#8221;&#8221; id=&#8221;&#8221; animation_type=&#8221;&#8221; animation_direction=&#8221;left&#8221; animation_speed=&#8221;0.3&#8243; animation_offset=&#8221;&#8221;]https:\/\/www.bitacoracdmx.com\/wp-content\/uploads\/2020\/10\/CARTEL-CINEMICTLAN-300&#215;169.jpeg[\/fusion_imageframe][\/fusion_builder_column][\/fusion_builder_row][\/fusion_builder_container]<\/p>\n","protected":false},"excerpt":{"rendered":"<p>[fusion_builder_container hundred_percent=&#8221;no&#8221; equal_height_columns=&#8221;no&#8221; menu_anchor=&#8221;&#8221; hide_on_mobile=&#8221;small-visibility,medium-visibility,large-visibility&#8221; class=&#8221;&#8221; id=&#8221;&#8221; background_color=&#8221;&#8221; background_image=&#8221;&#8221; background_position=&#8221;center center&#8221; background_repeat=&#8221;no-repeat&#8221; fade=&#8221;no&#8221; background_parallax=&#8221;none&#8221; parallax_speed=&#8221;0.3&#8243; video_mp4=&#8221;&#8221; video_webm=&#8221;&#8221; video_ogv=&#8221;&#8221; video_url=&#8221;&#8221; video_aspect_ratio=&#8221;16:9&#8243; video_loop=&#8221;yes&#8221; video_mute=&#8221;yes&#8221; overlay_color=&#8221;&#8221; video_preview_image=&#8221;&#8221; border_size=&#8221;&#8221; border_color=&#8221;&#8221; border_style=&#8221;solid&#8221; padding_top=&#8221;&#8221; padding_bottom=&#8221;&#8221; padding_left=&#8221;&#8221; padding_right=&#8221;&#8221;][fusion_builder_row][fusion_builder_column type=&#8221;1_1&#8243; layout=&#8221;1_1&#8243; background_position=&#8221;left top&#8221; background_color=&#8221;&#8221; border_size=&#8221;&#8221; border_color=&#8221;&#8221; border_style=&#8221;solid&#8221; border_position=&#8221;all&#8221; spacing=&#8221;yes&#8221; background_image=&#8221;&#8221; background_repeat=&#8221;no-repeat&#8221; padding_top=&#8221;&#8221; padding_right=&#8221;&#8221; padding_bottom=&#8221;&#8221; padding_left=&#8221;&#8221; margin_top=&#8221;0px&#8221; margin_bottom=&#8221;0px&#8221; class=&#8221;&#8221; id=&#8221;&#8221; animation_type=&#8221;&#8221; animation_speed=&#8221;0.3&#8243; animation_direction=&#8221;left&#8221; hide_on_mobile=&#8221;small-visibility,medium-visibility,large-visibility&#8221; center_content=&#8221;no&#8221; last=&#8221;no&#8221; min_height=&#8221;&#8221; hover_type=&#8221;none&#8221; link=&#8221;&#8221;][fusion_text] REDACCI\u00d3N El terror, drama y suspenso\u00a0ser\u00e1n algunos\u00a0de los g\u00e9neros que el ciclo de cine de ficci\u00f3n, cortometrajes y documentales,\u00a0\u201cCineMictl\u00e1n\u201d, llevar\u00e1 hasta los hogares el\u00a0viernes 30\u00a0y\u00a0s\u00e1bado 31\u00a0de octubre,\u00a0as\u00ed como el\u00a0domingo 1 de noviembre\u00a0a\u00a0trav\u00e9s del canal p\u00fablico local\u00a0Capital 21\u00a0(21.1\u00a0de la se\u00f1al de [&hellip;]<\/p>\n","protected":false},"author":1,"featured_media":37000,"comment_status":"open","ping_status":"open","sticky":false,"template":"","format":"standard","meta":{"footnotes":""},"categories":[3,9],"tags":[],"_links":{"self":[{"href":"https:\/\/www.bitacoracdmx.com\/index.php?rest_route=\/wp\/v2\/posts\/36999"}],"collection":[{"href":"https:\/\/www.bitacoracdmx.com\/index.php?rest_route=\/wp\/v2\/posts"}],"about":[{"href":"https:\/\/www.bitacoracdmx.com\/index.php?rest_route=\/wp\/v2\/types\/post"}],"author":[{"embeddable":true,"href":"https:\/\/www.bitacoracdmx.com\/index.php?rest_route=\/wp\/v2\/users\/1"}],"replies":[{"embeddable":true,"href":"https:\/\/www.bitacoracdmx.com\/index.php?rest_route=%2Fwp%2Fv2%2Fcomments&post=36999"}],"version-history":[{"count":1,"href":"https:\/\/www.bitacoracdmx.com\/index.php?rest_route=\/wp\/v2\/posts\/36999\/revisions"}],"predecessor-version":[{"id":37001,"href":"https:\/\/www.bitacoracdmx.com\/index.php?rest_route=\/wp\/v2\/posts\/36999\/revisions\/37001"}],"wp:featuredmedia":[{"embeddable":true,"href":"https:\/\/www.bitacoracdmx.com\/index.php?rest_route=\/wp\/v2\/media\/37000"}],"wp:attachment":[{"href":"https:\/\/www.bitacoracdmx.com\/index.php?rest_route=%2Fwp%2Fv2%2Fmedia&parent=36999"}],"wp:term":[{"taxonomy":"category","embeddable":true,"href":"https:\/\/www.bitacoracdmx.com\/index.php?rest_route=%2Fwp%2Fv2%2Fcategories&post=36999"},{"taxonomy":"post_tag","embeddable":true,"href":"https:\/\/www.bitacoracdmx.com\/index.php?rest_route=%2Fwp%2Fv2%2Ftags&post=36999"}],"curies":[{"name":"wp","href":"https:\/\/api.w.org\/{rel}","templated":true}]}}