{"id":37002,"date":"2020-10-31T02:59:10","date_gmt":"2020-10-31T02:59:10","guid":{"rendered":"https:\/\/www.bitacoracdmx.com\/?p=37002"},"modified":"2020-10-31T02:59:10","modified_gmt":"2020-10-31T02:59:10","slug":"artesanias-de-quito-para-el-mundo","status":"publish","type":"post","link":"https:\/\/www.bitacoracdmx.com\/?p=37002","title":{"rendered":"Artesan\u00edas de Quito para el mundo."},"content":{"rendered":"<p>[fusion_builder_container hundred_percent=&#8221;no&#8221; equal_height_columns=&#8221;no&#8221; menu_anchor=&#8221;&#8221; hide_on_mobile=&#8221;small-visibility,medium-visibility,large-visibility&#8221; class=&#8221;&#8221; id=&#8221;&#8221; background_color=&#8221;&#8221; background_image=&#8221;&#8221; background_position=&#8221;center center&#8221; background_repeat=&#8221;no-repeat&#8221; fade=&#8221;no&#8221; background_parallax=&#8221;none&#8221; parallax_speed=&#8221;0.3&#8243; video_mp4=&#8221;&#8221; video_webm=&#8221;&#8221; video_ogv=&#8221;&#8221; video_url=&#8221;&#8221; video_aspect_ratio=&#8221;16:9&#8243; video_loop=&#8221;yes&#8221; video_mute=&#8221;yes&#8221; overlay_color=&#8221;&#8221; video_preview_image=&#8221;&#8221; border_size=&#8221;&#8221; border_color=&#8221;&#8221; border_style=&#8221;solid&#8221; padding_top=&#8221;&#8221; padding_bottom=&#8221;&#8221; padding_left=&#8221;&#8221; padding_right=&#8221;&#8221;][fusion_builder_row][fusion_builder_column type=&#8221;1_1&#8243; layout=&#8221;1_1&#8243; background_position=&#8221;left top&#8221; background_color=&#8221;&#8221; border_size=&#8221;&#8221; border_color=&#8221;&#8221; border_style=&#8221;solid&#8221; border_position=&#8221;all&#8221; spacing=&#8221;yes&#8221; background_image=&#8221;&#8221; background_repeat=&#8221;no-repeat&#8221; padding_top=&#8221;&#8221; padding_right=&#8221;&#8221; padding_bottom=&#8221;&#8221; padding_left=&#8221;&#8221; margin_top=&#8221;0px&#8221; margin_bottom=&#8221;0px&#8221; class=&#8221;&#8221; id=&#8221;&#8221; animation_type=&#8221;&#8221; animation_speed=&#8221;0.3&#8243; animation_direction=&#8221;left&#8221; hide_on_mobile=&#8221;small-visibility,medium-visibility,large-visibility&#8221; center_content=&#8221;no&#8221; last=&#8221;no&#8221; min_height=&#8221;&#8221; hover_type=&#8221;none&#8221; link=&#8221;&#8221;][fusion_text]<\/p>\n<p>REDACCI\u00d3N<\/p>\n<ul>\n<li><strong><em><span id=\"x_email_9\">En pleno centro norte de Quito se encuentra el mercado artesanal de \u2018La Mariscal\u2019.<\/span><\/em><\/strong><\/li>\n<li><strong><em><span id=\"x_email_10\">Quito es reconocido por ser epicentro de la cultura ecuatoriana.<\/span><\/em><\/strong><\/li>\n<li><strong><em><span id=\"x_email_11\">Marroquiner\u00eda, cer\u00e1micas, textiles, joyas, entre otros, hacen parte de la muestra artesanal en Quito.<\/span><\/em><\/strong><\/li>\n<\/ul>\n<p><span id=\"x_email_12\"><strong><em><br \/>\nQuito (Ecuador), 30 de octubre de 2020.\u00a0<\/em><\/strong><\/span><span id=\"x_email_13\">En el Ecuador, como parte de su riqueza cultural, sus costumbres e historias milenarias, se pueden encontrar un sin n\u00famero de art\u00edculos artesanales que ser\u00e1n el recuerdo perfecto de tu visita a la mitad del mundo.<\/span><\/p>\n<p><span id=\"x_email_14\">Quito preserva, promociona y cuida su cultura a trav\u00e9s de diferentes talleres de artesan\u00eda y su legado tradicional, la mayor\u00eda ubicados en el barrio La Ronda, en donde uno puede descubrir y aprender de los maestros locales, quienes llevan la tradici\u00f3n de generaci\u00f3n en generaci\u00f3n. Los artistas quite\u00f1os realizan trabajos \u00fanicos y exclusivos, aut\u00e9nticas obras de arte con elementos como la madera, paja toquilla y metales preciosos.<\/span><\/p>\n<p><span id=\"x_email_15\">Aqu\u00ed te contamos algunas de los atractivos que te esperan en La Ronda:<\/span><\/p>\n<p><span id=\"x_email_16\"><strong><span id=\"x_email_17\">Humacatama &#8211;\u00a0<\/span><\/strong><span id=\"x_email_18\">Si est\u00e1s buscando una tienda de sombreros este es el lugar, una sombrerer\u00eda tradicional que ha existido desde 1920 con una variedad de modelos para todos los gustos.\u00a0 (Casa 925)<\/span><\/span><\/p>\n<p><span id=\"x_email_19\"><strong><span id=\"x_email_20\">Zabalartes &#8211;\u00a0<\/span><\/strong><span id=\"x_email_21\">Gerardo Zabala puede hacer un juguete de madera en frente tuyo en cuesti\u00f3n de minutos. Su preferido: el trompo, encuentra adem\u00e1s m\u00e1s dise\u00f1os de juguetes que vas a querer llevar contigo. (Casa 925)<\/span><\/span><\/p>\n<p><span id=\"x_email_22\"><strong><span id=\"x_email_23\">Chez Tiff &#8211;\u00a0<\/span><\/strong><span id=\"x_email_24\">Una tienda que rinde tributo al fabuloso chocolate ecuatoriano, donde se puede disfrutar de pasteles y otros postres hechos del mejor chocolate artesanal. Son parte de la tendencia Farms to Bars. (Casa 989)<\/span><\/span><\/p>\n<p><span id=\"x_email_25\"><strong><span id=\"x_email_26\">Juegos Tradicionales &#8211;\u00a0<\/span><\/strong><span id=\"x_email_27\">Parte importante del proyecto de Manos en La Ronda es la exposici\u00f3n de los \u201cjuegos tradicionales\u201d de los quite\u00f1os, ideal para las visitas con ni\u00f1os. (Casa 925 y 989)<\/span><\/span><\/p>\n<p><span id=\"x_email_28\"><strong><span id=\"x_email_29\">Orfebrer\u00eda &#8211;\u00a0<\/span><\/strong><span id=\"x_email_30\">Taller donde se trabaja art\u00edsticamente metales como el oro, plata, bronce con dise\u00f1os coloniales de la Escuela Quite\u00f1a. (Casa 989)<\/span><\/span><\/p>\n<p><span id=\"x_email_31\"><strong><span id=\"x_email_32\">Taller de Taracea \u2013<\/span><\/strong><span id=\"x_email_33\">\u00a0\u00a0<\/span><span id=\"x_email_34\">Arte de la construcci\u00f3n de muebles con incrustaciones de madera, concha, hueso, n\u00e1car y metales. Se realiza un taller sobre las t\u00e9cnicas b\u00e1sicas de tallado y taraceado en madera.\u00a0<\/span><span id=\"x_email_35\">(Casa 989)<\/span><\/span><\/p>\n<p><span id=\"x_email_36\"><strong><span id=\"x_email_37\">Hojalater\u00eda Silva \u2013<\/span><\/strong><span id=\"x_email_38\">\u00a0<\/span><span id=\"x_email_39\">Las h\u00e1biles manos de Manuel Silva y Martha Pacheco han dado vida, por casi 60 a\u00f1os, a peque\u00f1os objetos de hojalata. El visitante puede elaborar una peque\u00f1a pieza de hojalata as\u00ed como los acabados.\u00a0<\/span><span id=\"x_email_40\">(Casa 925)<\/span><\/span><\/p>\n<p><span id=\"x_email_41\">En Quito, la capital, se ubican mercados y galer\u00edas artesanales con productos de todo el pa\u00eds, visita en tu estad\u00eda en la ciudad:<\/span><\/p>\n<ul>\n<li><span id=\"x_email_42\"><strong>El Quinde Shop &amp; Visitor Center:\u00a0<\/strong>una moderna tienda ubicada en el coraz\u00f3n el Centro Hist\u00f3rico de Quito, proyecto impulsado por la Alcald\u00eda de Quito a trav\u00e9s de Quito Turismo, que se muestra al mundo como un lugar en el que los visitantes pueden encontrar diversos servicios, productos e informaci\u00f3n tur\u00edstica de la capital. En este espacio se concentran trabajos elaborados en otras zonas del Ecuador.<\/span><\/li>\n<\/ul>\n<ul>\n<li><span id=\"x_email_43\"><strong>Mercado Artesanal de \u2018La Mariscal\u2019:<\/strong>\u00a0ubicado en pleno centro norte de Quito, en la Calle Reina Victoria y Juan Le\u00f3n Mera; ofrece a sus visitantes una amplia oferta de creatividad y pasi\u00f3n artesanal con 194 locales comerciales, en los que se pueden adquirir los mejores tejidos de la regi\u00f3n, sombreros, joyas, instrumentos musicales, bolsos de cuero, entre otros productos t\u00edpicos elaborados a mano, conservando materias primas y t\u00e9cnicas ancestrales ind\u00edgenas.<\/span><\/li>\n<li><span id=\"x_email_44\"><strong>Tianguez:\u00a0<\/strong>en la Plaza de San Francisco (bajo el atrio) en pleno Centro Hist\u00f3rico de Quito, encuentra esta tienda de artesan\u00edas, un emprendimiento constituido por empresas solidarias, orientadas a\u00a0la generaci\u00f3n de ingresos para la poblaci\u00f3n de escasos recursos, a trav\u00e9s de la comercializaci\u00f3n de artesan\u00edas con identidad, la valoraci\u00f3n del patrimonio natural y cultural y la construcci\u00f3n de capacidades en los peque\u00f1os productores artesanales del pa\u00eds.<\/span><\/li>\n<li><span id=\"x_email_45\"><strong>Plaza Naya:\u00a0<\/strong>ubicada en Juan Le\u00f3n Mera y Vicente Ram\u00f3n Roca Esquina, encuentra los mejores y \u00fanicos productos elaborados por artistas y dise\u00f1adores locales: joyas, sombreros, tejidos de alpaca, textiles, camisetas, piezas de cer\u00e1mica, arte en madera y m\u00e1s.<\/span><\/li>\n<\/ul>\n<p><span id=\"x_email_46\">Invitamos a todos los turistas a disfrutar de toda la riqueza cultural, artesanal, natural, gastron\u00f3mica y de bienestar que tiene el destino, con la mejor calidad y cumpliendo riguroso de protocolos de bioseguridad, para que lleven a sus hogares el mejor recuerdo de su visita a la mitad del mundo.<\/span><\/p>\n<p><span id=\"x_email_47\">\u00a1Vive la cultura en Quito!<\/span><\/p>\n<p>[\/fusion_text][fusion_imageframe image_id=&#8221;37003|medium&#8221; max_width=&#8221;&#8221; style_type=&#8221;&#8221; blur=&#8221;&#8221; stylecolor=&#8221;&#8221; hover_type=&#8221;none&#8221; bordersize=&#8221;&#8221; bordercolor=&#8221;&#8221; borderradius=&#8221;&#8221; align=&#8221;none&#8221; lightbox=&#8221;no&#8221; gallery_id=&#8221;&#8221; lightbox_image=&#8221;&#8221; lightbox_image_id=&#8221;&#8221; alt=&#8221;&#8221; link=&#8221;&#8221; linktarget=&#8221;_self&#8221; hide_on_mobile=&#8221;small-visibility,medium-visibility,large-visibility&#8221; class=&#8221;&#8221; id=&#8221;&#8221; animation_type=&#8221;&#8221; animation_direction=&#8221;left&#8221; animation_speed=&#8221;0.3&#8243; animation_offset=&#8221;&#8221;]https:\/\/www.bitacoracdmx.com\/wp-content\/uploads\/2020\/10\/blob-5-300&#215;199.jpg[\/fusion_imageframe][\/fusion_builder_column][\/fusion_builder_row][\/fusion_builder_container]<\/p>\n","protected":false},"excerpt":{"rendered":"<p>[fusion_builder_container hundred_percent=&#8221;no&#8221; equal_height_columns=&#8221;no&#8221; menu_anchor=&#8221;&#8221; hide_on_mobile=&#8221;small-visibility,medium-visibility,large-visibility&#8221; class=&#8221;&#8221; id=&#8221;&#8221; background_color=&#8221;&#8221; background_image=&#8221;&#8221; background_position=&#8221;center center&#8221; background_repeat=&#8221;no-repeat&#8221; fade=&#8221;no&#8221; background_parallax=&#8221;none&#8221; parallax_speed=&#8221;0.3&#8243; video_mp4=&#8221;&#8221; video_webm=&#8221;&#8221; video_ogv=&#8221;&#8221; video_url=&#8221;&#8221; video_aspect_ratio=&#8221;16:9&#8243; video_loop=&#8221;yes&#8221; video_mute=&#8221;yes&#8221; overlay_color=&#8221;&#8221; video_preview_image=&#8221;&#8221; border_size=&#8221;&#8221; border_color=&#8221;&#8221; border_style=&#8221;solid&#8221; padding_top=&#8221;&#8221; padding_bottom=&#8221;&#8221; padding_left=&#8221;&#8221; padding_right=&#8221;&#8221;][fusion_builder_row][fusion_builder_column type=&#8221;1_1&#8243; layout=&#8221;1_1&#8243; background_position=&#8221;left top&#8221; background_color=&#8221;&#8221; border_size=&#8221;&#8221; border_color=&#8221;&#8221; border_style=&#8221;solid&#8221; border_position=&#8221;all&#8221; spacing=&#8221;yes&#8221; background_image=&#8221;&#8221; background_repeat=&#8221;no-repeat&#8221; padding_top=&#8221;&#8221; padding_right=&#8221;&#8221; padding_bottom=&#8221;&#8221; padding_left=&#8221;&#8221; margin_top=&#8221;0px&#8221; margin_bottom=&#8221;0px&#8221; class=&#8221;&#8221; id=&#8221;&#8221; animation_type=&#8221;&#8221; animation_speed=&#8221;0.3&#8243; animation_direction=&#8221;left&#8221; hide_on_mobile=&#8221;small-visibility,medium-visibility,large-visibility&#8221; center_content=&#8221;no&#8221; last=&#8221;no&#8221; min_height=&#8221;&#8221; hover_type=&#8221;none&#8221; link=&#8221;&#8221;][fusion_text] REDACCI\u00d3N En pleno centro norte de Quito se encuentra el mercado artesanal de \u2018La Mariscal\u2019. Quito es reconocido por ser epicentro de la cultura ecuatoriana. Marroquiner\u00eda, cer\u00e1micas, textiles, joyas, entre otros, hacen parte de la muestra artesanal en Quito. Quito [&hellip;]<\/p>\n","protected":false},"author":1,"featured_media":37003,"comment_status":"open","ping_status":"open","sticky":false,"template":"","format":"standard","meta":{"footnotes":""},"categories":[9,16],"tags":[],"_links":{"self":[{"href":"https:\/\/www.bitacoracdmx.com\/index.php?rest_route=\/wp\/v2\/posts\/37002"}],"collection":[{"href":"https:\/\/www.bitacoracdmx.com\/index.php?rest_route=\/wp\/v2\/posts"}],"about":[{"href":"https:\/\/www.bitacoracdmx.com\/index.php?rest_route=\/wp\/v2\/types\/post"}],"author":[{"embeddable":true,"href":"https:\/\/www.bitacoracdmx.com\/index.php?rest_route=\/wp\/v2\/users\/1"}],"replies":[{"embeddable":true,"href":"https:\/\/www.bitacoracdmx.com\/index.php?rest_route=%2Fwp%2Fv2%2Fcomments&post=37002"}],"version-history":[{"count":1,"href":"https:\/\/www.bitacoracdmx.com\/index.php?rest_route=\/wp\/v2\/posts\/37002\/revisions"}],"predecessor-version":[{"id":37004,"href":"https:\/\/www.bitacoracdmx.com\/index.php?rest_route=\/wp\/v2\/posts\/37002\/revisions\/37004"}],"wp:featuredmedia":[{"embeddable":true,"href":"https:\/\/www.bitacoracdmx.com\/index.php?rest_route=\/wp\/v2\/media\/37003"}],"wp:attachment":[{"href":"https:\/\/www.bitacoracdmx.com\/index.php?rest_route=%2Fwp%2Fv2%2Fmedia&parent=37002"}],"wp:term":[{"taxonomy":"category","embeddable":true,"href":"https:\/\/www.bitacoracdmx.com\/index.php?rest_route=%2Fwp%2Fv2%2Fcategories&post=37002"},{"taxonomy":"post_tag","embeddable":true,"href":"https:\/\/www.bitacoracdmx.com\/index.php?rest_route=%2Fwp%2Fv2%2Ftags&post=37002"}],"curies":[{"name":"wp","href":"https:\/\/api.w.org\/{rel}","templated":true}]}}