{"id":37484,"date":"2020-11-18T19:53:02","date_gmt":"2020-11-18T19:53:02","guid":{"rendered":"https:\/\/www.bitacoracdmx.com\/?p=37484"},"modified":"2020-11-18T19:53:02","modified_gmt":"2020-11-18T19:53:02","slug":"paco-huidobro-de-fobia-participa-en-la-serie-hay-futuro-dialogos-de-la-industria-de-la-musica-en-vivo-ante-la-pandemia","status":"publish","type":"post","link":"https:\/\/www.bitacoracdmx.com\/?p=37484","title":{"rendered":"Paco Huidobro, de Fobia, participa en la serie \u201cHay futuro. Di\u00e1logos de la industria de la m\u00fasica en vivo, ante la pandemia\u201d."},"content":{"rendered":"<p>[fusion_builder_container hundred_percent=&#8221;no&#8221; equal_height_columns=&#8221;no&#8221; menu_anchor=&#8221;&#8221; hide_on_mobile=&#8221;small-visibility,medium-visibility,large-visibility&#8221; class=&#8221;&#8221; id=&#8221;&#8221; background_color=&#8221;&#8221; background_image=&#8221;&#8221; background_position=&#8221;center center&#8221; background_repeat=&#8221;no-repeat&#8221; fade=&#8221;no&#8221; background_parallax=&#8221;none&#8221; parallax_speed=&#8221;0.3&#8243; video_mp4=&#8221;&#8221; video_webm=&#8221;&#8221; video_ogv=&#8221;&#8221; video_url=&#8221;&#8221; video_aspect_ratio=&#8221;16:9&#8243; video_loop=&#8221;yes&#8221; video_mute=&#8221;yes&#8221; overlay_color=&#8221;&#8221; video_preview_image=&#8221;&#8221; border_size=&#8221;&#8221; border_color=&#8221;&#8221; border_style=&#8221;solid&#8221; padding_top=&#8221;&#8221; padding_bottom=&#8221;&#8221; padding_left=&#8221;&#8221; padding_right=&#8221;&#8221;][fusion_builder_row][fusion_builder_column type=&#8221;1_1&#8243; layout=&#8221;1_1&#8243; background_position=&#8221;left top&#8221; background_color=&#8221;&#8221; border_size=&#8221;&#8221; border_color=&#8221;&#8221; border_style=&#8221;solid&#8221; border_position=&#8221;all&#8221; spacing=&#8221;yes&#8221; background_image=&#8221;&#8221; background_repeat=&#8221;no-repeat&#8221; padding_top=&#8221;&#8221; padding_right=&#8221;&#8221; padding_bottom=&#8221;&#8221; padding_left=&#8221;&#8221; margin_top=&#8221;0px&#8221; margin_bottom=&#8221;0px&#8221; class=&#8221;&#8221; id=&#8221;&#8221; animation_type=&#8221;&#8221; animation_speed=&#8221;0.3&#8243; animation_direction=&#8221;left&#8221; hide_on_mobile=&#8221;small-visibility,medium-visibility,large-visibility&#8221; center_content=&#8221;no&#8221; last=&#8221;no&#8221; min_height=&#8221;&#8221; hover_type=&#8221;none&#8221; link=&#8221;&#8221;][fusion_text]<\/p>\n<p>REDACCI\u00d3N<\/p>\n<p class=\"x_MsoNormal\">Durante la segunda emisi\u00f3n de la serie\u00a0<b>\u201cHay futuro. Di\u00e1logos de la industria de la m\u00fasica en vivo, ante la pandemia\u201d<\/b>, realizada por la\u00a0<b>Secretar\u00eda de Cultura de la Ciudad de M\u00e9xico<\/b>, la periodista Patricia Pe\u00f1aloza habl\u00f3 con el m\u00fasico\u00a0<b>Paco Huidobro<\/b>, guitarrista, compositor e integrante del grupo de rock en espa\u00f1ol Fobia, acerca de su experiencia en torno a su trabajo art\u00edstico en el contexto del confinamiento social provocado por el virus COVID-19.<\/p>\n<p class=\"x_MsoNormal\">En la charla, transmitida por redes sociales de la dependencia capitalina la noche del martes 17 de noviembre, Pe\u00f1aloza coment\u00f3 que, en general, la industria de la m\u00fasica en vivo est\u00e1 en problemas, pero que esta situaci\u00f3n, estas limitaciones que provoca la pandemia, sin duda impulsan la creatividad y la innovaci\u00f3n. \u201cEs el momento de crear y pensar cosas nuevas en la m\u00fasica, en el arte, para salir adelante\u201d, consider\u00f3.<\/p>\n<p class=\"x_MsoNormal\">Paco Huidobro comenz\u00f3 por contextualizar que en el inicio de la pandemia \u00e9l estaba \u201cen medio de un proyecto que se qued\u00f3 primero en incertidumbre y en el que despu\u00e9s ya fui avanzando\u201d. M\u00e1s adelante, dijo que \u201cla pandemia de alguna manera me perjudic\u00f3 mucho, sin embargo, me abri\u00f3 puertas que no conoc\u00eda. Tambi\u00e9n puedo decir que soy una persona m\u00e1s eficiente y considerada, porque te preocupas tambi\u00e9n por la gente que colabora, como los t\u00e9cnicos\u201d.<\/p>\n<p class=\"x_MsoNormal\">Tras se\u00f1alar que \u201cla manera en que se est\u00e1 viviendo la actual situaci\u00f3n es para romper formatos en cuanto a la producci\u00f3n musical\u201d, Huidobro cont\u00f3 que prepara un disco\u00a0<i>unplugged<\/i>\u00a0del grupo Fobia, que se transmitir\u00e1 en diciembre, con la participaci\u00f3n de m\u00fasicos invitados que colaboraron desde sus propios espacios, entre ellos el grupo experimental espa\u00f1ol CaboSanRoque, el cual se grab\u00f3 con c\u00e1maras manejadas por robots.<\/p>\n<p class=\"x_MsoNormal\">\u201cHa sido un reto muy fuerte, dif\u00edcil de resolver, pero este tipo de desaf\u00edos son los que dejan mayores satisfacciones\u201d, asever\u00f3 el m\u00fasico, y agreg\u00f3: \u201cYa no quiero volver al formato de lo que hac\u00edamos antes; creo que hay que dar el salto hacia adelante\u201d.<\/p>\n<p class=\"x_MsoNormal\">Huidobro tambi\u00e9n lament\u00f3 que ya no se lleven a cabo conciertos presenciales, pues estos \u201cten\u00edan una funci\u00f3n social, como los bailes de otras \u00e9pocas, de nuestros padres y abuelos, en cuanto a que las personas se conocen, interact\u00faan y establecen v\u00ednculos, y ese es un problema actual en la pandemia, que esos lazos no se est\u00e1n estableciendo\u201d.<\/p>\n<p class=\"x_MsoNormal\">En la conversaci\u00f3n, el artista adelant\u00f3 que prepara un disco en solitario. Y concluy\u00f3: \u201cProbablemente se tarden mucho en volver los grandes festivales musicales, entonces se viene la \u00e9poca de conciertos peque\u00f1os en foros reducidos, con grupos sobre todo de j\u00f3venes\u201d.<\/p>\n<p class=\"x_MsoNormal\">M\u00fasicos y miembros reconocidos en la escena de M\u00e9xico se re\u00fanen virtualmente para dialogar en torno al escenario actual en que se desarrolla la industria, as\u00ed como para hablar de los retos y din\u00e1micas con las que han enfrentado la pandemia causada por COVID-19, dentro del ciclo de charlas\u00a0<b>\u201cHay futuro. Di\u00e1logos de la industria de la m\u00fasica en vivo, ante la pandemia\u201d<\/b>.<\/p>\n<p class=\"x_MsoNormal\">La serie se lleva a cabo cada martes, a las 20:00 horas, del 10 de noviembre al 22 de diciembre, con transmisi\u00f3n por redes sociales de Grandes Festivales Comunitarios de la Secretar\u00eda de Cultura de la Ciudad de M\u00e9xico, de la dependencia capitalina y desde la plataforma\u00a0<i>Capital Cultural en Nuestra Casa<\/i>.<\/p>\n<p class=\"x_MsoNormal\">El programa es conducido por la periodista musical Patricia Pe\u00f1aloza, subdirectora operativa de Grandes Festivales de la Secretar\u00eda de Cultura capitalina. En las pr\u00f3ximas emisiones participar\u00e1n\u00a0<b>Man\u00fa Charritton<\/b>\u00a0(24 de noviembre),\u00a0director art\u00edstico del Festival Marvin, y\u00a0<b>Denise Guti\u00e9rrez\u00a0<\/b>(1 de diciembre), cantante del grupo Hello Seahorse!<\/p>\n<p>[\/fusion_text][fusion_gallery layout=&#8221;&#8221; picture_size=&#8221;&#8221; columns=&#8221;&#8221; column_spacing=&#8221;10&#8243; gallery_masonry_grid_ratio=&#8221;&#8221; gallery_masonry_width_double=&#8221;&#8221; hover_type=&#8221;&#8221; lightbox=&#8221;yes&#8221; lightbox_content=&#8221;&#8221; bordersize=&#8221;&#8221; bordercolor=&#8221;&#8221; border_radius=&#8221;&#8221; hide_on_mobile=&#8221;small-visibility,medium-visibility,large-visibility&#8221; class=&#8221;&#8221; id=&#8221;&#8221;][fusion_gallery_image image=&#8221;https:\/\/www.bitacoracdmx.com\/wp-content\/uploads\/2020\/11\/HAY-FUTURO-HUIDOBRO-2-300&#215;169.png&#8221; image_id=&#8221;37485|medium&#8221; link=&#8221;&#8221; linktarget=&#8221;_self&#8221; \/][fusion_gallery_image image=&#8221;https:\/\/www.bitacoracdmx.com\/wp-content\/uploads\/2020\/11\/HAY-FUTURO-HUIDOBRO-300&#215;169.png&#8221; image_id=&#8221;37486|medium&#8221; link=&#8221;&#8221; linktarget=&#8221;_self&#8221; \/][fusion_gallery_image image=&#8221;https:\/\/www.bitacoracdmx.com\/wp-content\/uploads\/2020\/11\/HAY-FUTURO-HUIDOBRO-3-300&#215;169.png&#8221; image_id=&#8221;37487|medium&#8221; link=&#8221;&#8221; linktarget=&#8221;_self&#8221; \/][\/fusion_gallery][\/fusion_builder_column][\/fusion_builder_row][\/fusion_builder_container]<\/p>\n","protected":false},"excerpt":{"rendered":"<p>[fusion_builder_container hundred_percent=&#8221;no&#8221; equal_height_columns=&#8221;no&#8221; menu_anchor=&#8221;&#8221; hide_on_mobile=&#8221;small-visibility,medium-visibility,large-visibility&#8221; class=&#8221;&#8221; id=&#8221;&#8221; background_color=&#8221;&#8221; background_image=&#8221;&#8221; background_position=&#8221;center center&#8221; background_repeat=&#8221;no-repeat&#8221; fade=&#8221;no&#8221; background_parallax=&#8221;none&#8221; parallax_speed=&#8221;0.3&#8243; video_mp4=&#8221;&#8221; video_webm=&#8221;&#8221; video_ogv=&#8221;&#8221; video_url=&#8221;&#8221; video_aspect_ratio=&#8221;16:9&#8243; video_loop=&#8221;yes&#8221; video_mute=&#8221;yes&#8221; overlay_color=&#8221;&#8221; video_preview_image=&#8221;&#8221; border_size=&#8221;&#8221; border_color=&#8221;&#8221; border_style=&#8221;solid&#8221; padding_top=&#8221;&#8221; padding_bottom=&#8221;&#8221; padding_left=&#8221;&#8221; padding_right=&#8221;&#8221;][fusion_builder_row][fusion_builder_column type=&#8221;1_1&#8243; layout=&#8221;1_1&#8243; background_position=&#8221;left top&#8221; background_color=&#8221;&#8221; border_size=&#8221;&#8221; border_color=&#8221;&#8221; border_style=&#8221;solid&#8221; border_position=&#8221;all&#8221; spacing=&#8221;yes&#8221; background_image=&#8221;&#8221; background_repeat=&#8221;no-repeat&#8221; padding_top=&#8221;&#8221; padding_right=&#8221;&#8221; padding_bottom=&#8221;&#8221; padding_left=&#8221;&#8221; margin_top=&#8221;0px&#8221; margin_bottom=&#8221;0px&#8221; class=&#8221;&#8221; id=&#8221;&#8221; animation_type=&#8221;&#8221; animation_speed=&#8221;0.3&#8243; animation_direction=&#8221;left&#8221; hide_on_mobile=&#8221;small-visibility,medium-visibility,large-visibility&#8221; center_content=&#8221;no&#8221; last=&#8221;no&#8221; min_height=&#8221;&#8221; hover_type=&#8221;none&#8221; link=&#8221;&#8221;][fusion_text] REDACCI\u00d3N Durante la segunda emisi\u00f3n de la serie\u00a0\u201cHay futuro. Di\u00e1logos de la industria de la m\u00fasica en vivo, ante la pandemia\u201d, realizada por la\u00a0Secretar\u00eda de Cultura de la Ciudad de M\u00e9xico, la periodista Patricia Pe\u00f1aloza habl\u00f3 con el m\u00fasico\u00a0Paco Huidobro, [&hellip;]<\/p>\n","protected":false},"author":1,"featured_media":37487,"comment_status":"open","ping_status":"open","sticky":false,"template":"","format":"standard","meta":{"footnotes":""},"categories":[9,11],"tags":[],"_links":{"self":[{"href":"https:\/\/www.bitacoracdmx.com\/index.php?rest_route=\/wp\/v2\/posts\/37484"}],"collection":[{"href":"https:\/\/www.bitacoracdmx.com\/index.php?rest_route=\/wp\/v2\/posts"}],"about":[{"href":"https:\/\/www.bitacoracdmx.com\/index.php?rest_route=\/wp\/v2\/types\/post"}],"author":[{"embeddable":true,"href":"https:\/\/www.bitacoracdmx.com\/index.php?rest_route=\/wp\/v2\/users\/1"}],"replies":[{"embeddable":true,"href":"https:\/\/www.bitacoracdmx.com\/index.php?rest_route=%2Fwp%2Fv2%2Fcomments&post=37484"}],"version-history":[{"count":1,"href":"https:\/\/www.bitacoracdmx.com\/index.php?rest_route=\/wp\/v2\/posts\/37484\/revisions"}],"predecessor-version":[{"id":37488,"href":"https:\/\/www.bitacoracdmx.com\/index.php?rest_route=\/wp\/v2\/posts\/37484\/revisions\/37488"}],"wp:featuredmedia":[{"embeddable":true,"href":"https:\/\/www.bitacoracdmx.com\/index.php?rest_route=\/wp\/v2\/media\/37487"}],"wp:attachment":[{"href":"https:\/\/www.bitacoracdmx.com\/index.php?rest_route=%2Fwp%2Fv2%2Fmedia&parent=37484"}],"wp:term":[{"taxonomy":"category","embeddable":true,"href":"https:\/\/www.bitacoracdmx.com\/index.php?rest_route=%2Fwp%2Fv2%2Fcategories&post=37484"},{"taxonomy":"post_tag","embeddable":true,"href":"https:\/\/www.bitacoracdmx.com\/index.php?rest_route=%2Fwp%2Fv2%2Ftags&post=37484"}],"curies":[{"name":"wp","href":"https:\/\/api.w.org\/{rel}","templated":true}]}}