{"id":37489,"date":"2020-11-18T20:06:32","date_gmt":"2020-11-18T20:06:32","guid":{"rendered":"https:\/\/www.bitacoracdmx.com\/?p=37489"},"modified":"2020-11-18T20:06:32","modified_gmt":"2020-11-18T20:06:32","slug":"muestra-final-de-proyectos-del-programa-de-residencias-artisticas-del-centro-cultural-helenico-2020","status":"publish","type":"post","link":"https:\/\/www.bitacoracdmx.com\/?p=37489","title":{"rendered":"Muestra final de proyectos del Programa de Residencias Art\u00edsticas del Centro Cultural Hel\u00e9nico  2020."},"content":{"rendered":"<p>[fusion_builder_container hundred_percent=&#8221;no&#8221; equal_height_columns=&#8221;no&#8221; menu_anchor=&#8221;&#8221; hide_on_mobile=&#8221;small-visibility,medium-visibility,large-visibility&#8221; class=&#8221;&#8221; id=&#8221;&#8221; background_color=&#8221;&#8221; background_image=&#8221;&#8221; background_position=&#8221;center center&#8221; background_repeat=&#8221;no-repeat&#8221; fade=&#8221;no&#8221; background_parallax=&#8221;none&#8221; parallax_speed=&#8221;0.3&#8243; video_mp4=&#8221;&#8221; video_webm=&#8221;&#8221; video_ogv=&#8221;&#8221; video_url=&#8221;&#8221; video_aspect_ratio=&#8221;16:9&#8243; video_loop=&#8221;yes&#8221; video_mute=&#8221;yes&#8221; overlay_color=&#8221;&#8221; video_preview_image=&#8221;&#8221; border_size=&#8221;&#8221; border_color=&#8221;&#8221; border_style=&#8221;solid&#8221; padding_top=&#8221;&#8221; padding_bottom=&#8221;&#8221; padding_left=&#8221;&#8221; padding_right=&#8221;&#8221;][fusion_builder_row][fusion_builder_column type=&#8221;1_1&#8243; layout=&#8221;1_1&#8243; background_position=&#8221;left top&#8221; background_color=&#8221;&#8221; border_size=&#8221;&#8221; border_color=&#8221;&#8221; border_style=&#8221;solid&#8221; border_position=&#8221;all&#8221; spacing=&#8221;yes&#8221; background_image=&#8221;&#8221; background_repeat=&#8221;no-repeat&#8221; padding_top=&#8221;&#8221; padding_right=&#8221;&#8221; padding_bottom=&#8221;&#8221; padding_left=&#8221;&#8221; margin_top=&#8221;0px&#8221; margin_bottom=&#8221;0px&#8221; class=&#8221;&#8221; id=&#8221;&#8221; animation_type=&#8221;&#8221; animation_speed=&#8221;0.3&#8243; animation_direction=&#8221;left&#8221; hide_on_mobile=&#8221;small-visibility,medium-visibility,large-visibility&#8221; center_content=&#8221;no&#8221; last=&#8221;no&#8221; min_height=&#8221;&#8221; hover_type=&#8221;none&#8221; link=&#8221;&#8221;][fusion_text]<\/p>\n<p>REDACCI\u00d3N<\/p>\n<p>Nos congratula llevar a cabo esta muestra final de proyectos que habla sobre la importancia de construir lugares de visibilidad para aquello que ha dejado de ser dicho, para abrir la ventana hacia lo complejo que resulta hacer aparecer la memoria, los cuerpos, las palabras que, a su vez, colocan preguntas sobre el pasado, para analizar el presente y poder seguir pensando en el futuro.<\/p>\n<p>Durante estas residencias se hospedaron proyectos comprometidos con la memoria, el pensamiento cr\u00edtico, la b\u00fasqueda y la reivindicaci\u00f3n de los procesos de creaci\u00f3n como espacios de producci\u00f3n con sentido.<\/p>\n<p>En un tiempo de incertidumbre como el que atravesamos, el pensamiento teatral nos permite articular nuestras propias narrativas, dando paso al ensayo de las m\u00faltiples posibilidades de vivir y seguir reproduciendo la vida en colectivo.<\/p>\n<p>Teatro de Quimeras nos sumerge en la memoria de la dictadura y nos coloca ante una pregunta del presente: \u00bfc\u00f3mo desestructurar esa cultura que permite la perpetraci\u00f3n de los genocidios? Arte sin Frontera, cuestiona la existencia de los sistemas carcelarios, el concepto de penitencia y en c\u00f3mo son reproducidos en otros sistemas de disciplina como la escuela.<\/p>\n<p>En t\u00e9rminos de autonom\u00edas narrativas, C\u00e9sar Enr\u00edquez acude a una historia de agravio y represi\u00f3n a la identidad y corporalidad disidente. La vincula con su propio presente para hilar un origen y parentesco con la protagonista de su historia: Cotita.<\/p>\n<p>En similar sentido, Teatro Bola de Carne nos conduce por laberintos de experimentaci\u00f3n y registro de otras teatralidades. Propone acceder a diversas convenciones de creaci\u00f3n esc\u00e9nica que se alejen de las formas hegem\u00f3nicas de lo teatral para abrir umbrales de lenguaje, corporalidades y convivio.<\/p>\n<p>Programaci\u00f3n<br \/>\nTeatro Isabela Corona<br \/>\nUnas cosas \u2022 Teatro Bola de Carne<br \/>\nMi\u00e9rcoles 18 y jueves 19 de noviembre, 17 h<br \/>\nCotita \u2022 C\u00e9sar Enr\u00edquez<\/p>\n<p>Jueves 26 de noviembre y 3 de diciembre, 17 h<\/p>\n<p>Encuentro de teatro desde la privaci\u00f3n de la libertad \u2022 Arte sin Frontera<\/p>\n<p>Jueves 10 de diciembre, 17 h<br \/>\nNombres de combate \u2022 Teatro de Quimeras<br \/>\nJueves 17 de diciembre, 17 h<\/p>\n<p>Entrada libre<\/p>\n<p>*Teatro Isabela Corona. Eje Central L\u00e1zaro C\u00e1rdenas 445, Unidad Nonoalco Tlatelolco.<br \/>\nC. P. 06900, Ciudad de M\u00e9xico. Junto a la Plaza de las Tres culturas. Metro Tlatelolco, l\u00ednea 3.<\/p>\n<p>[\/fusion_text][fusion_gallery layout=&#8221;&#8221; picture_size=&#8221;&#8221; columns=&#8221;&#8221; column_spacing=&#8221;10&#8243; gallery_masonry_grid_ratio=&#8221;&#8221; gallery_masonry_width_double=&#8221;&#8221; hover_type=&#8221;&#8221; lightbox=&#8221;yes&#8221; lightbox_content=&#8221;&#8221; bordersize=&#8221;&#8221; bordercolor=&#8221;&#8221; border_radius=&#8221;&#8221; hide_on_mobile=&#8221;small-visibility,medium-visibility,large-visibility&#8221; class=&#8221;&#8221; id=&#8221;&#8221;][fusion_gallery_image image=&#8221;https:\/\/www.bitacoracdmx.com\/wp-content\/uploads\/2020\/11\/Unas-cosas-18-de-noviembre&#8211;300&#215;300.jpg&#8221; image_id=&#8221;37490|medium&#8221; link=&#8221;&#8221; linktarget=&#8221;_self&#8221; \/][fusion_gallery_image image=&#8221;https:\/\/www.bitacoracdmx.com\/wp-content\/uploads\/2020\/11\/Programa-general-300&#215;300.png&#8221; image_id=&#8221;37491|medium&#8221; link=&#8221;&#8221; linktarget=&#8221;_self&#8221; \/][fusion_gallery_image image=&#8221;https:\/\/www.bitacoracdmx.com\/wp-content\/uploads\/2020\/11\/Nombres-de-combate-17-de-diciembre-300&#215;300.jpg&#8221; image_id=&#8221;37492|medium&#8221; link=&#8221;&#8221; linktarget=&#8221;_self&#8221; \/][fusion_gallery_image image=&#8221;https:\/\/www.bitacoracdmx.com\/wp-content\/uploads\/2020\/11\/Encuentro-desde-la-privacion-de-la-libertad-10-de-dicembre-300&#215;300.jpg&#8221; image_id=&#8221;37493|medium&#8221; link=&#8221;&#8221; linktarget=&#8221;_self&#8221; \/][fusion_gallery_image image=&#8221;https:\/\/www.bitacoracdmx.com\/wp-content\/uploads\/2020\/11\/Cotita-26-de-noviembre-300&#215;300.jpg&#8221; image_id=&#8221;37494|medium&#8221; link=&#8221;&#8221; linktarget=&#8221;_self&#8221; \/][\/fusion_gallery][\/fusion_builder_column][\/fusion_builder_row][\/fusion_builder_container]<\/p>\n","protected":false},"excerpt":{"rendered":"<p>[fusion_builder_container hundred_percent=&#8221;no&#8221; equal_height_columns=&#8221;no&#8221; menu_anchor=&#8221;&#8221; hide_on_mobile=&#8221;small-visibility,medium-visibility,large-visibility&#8221; class=&#8221;&#8221; id=&#8221;&#8221; background_color=&#8221;&#8221; background_image=&#8221;&#8221; background_position=&#8221;center center&#8221; background_repeat=&#8221;no-repeat&#8221; fade=&#8221;no&#8221; background_parallax=&#8221;none&#8221; parallax_speed=&#8221;0.3&#8243; video_mp4=&#8221;&#8221; video_webm=&#8221;&#8221; video_ogv=&#8221;&#8221; video_url=&#8221;&#8221; video_aspect_ratio=&#8221;16:9&#8243; video_loop=&#8221;yes&#8221; video_mute=&#8221;yes&#8221; overlay_color=&#8221;&#8221; video_preview_image=&#8221;&#8221; border_size=&#8221;&#8221; border_color=&#8221;&#8221; border_style=&#8221;solid&#8221; padding_top=&#8221;&#8221; padding_bottom=&#8221;&#8221; padding_left=&#8221;&#8221; padding_right=&#8221;&#8221;][fusion_builder_row][fusion_builder_column type=&#8221;1_1&#8243; layout=&#8221;1_1&#8243; background_position=&#8221;left top&#8221; background_color=&#8221;&#8221; border_size=&#8221;&#8221; border_color=&#8221;&#8221; border_style=&#8221;solid&#8221; border_position=&#8221;all&#8221; spacing=&#8221;yes&#8221; background_image=&#8221;&#8221; background_repeat=&#8221;no-repeat&#8221; padding_top=&#8221;&#8221; padding_right=&#8221;&#8221; padding_bottom=&#8221;&#8221; padding_left=&#8221;&#8221; margin_top=&#8221;0px&#8221; margin_bottom=&#8221;0px&#8221; class=&#8221;&#8221; id=&#8221;&#8221; animation_type=&#8221;&#8221; animation_speed=&#8221;0.3&#8243; animation_direction=&#8221;left&#8221; hide_on_mobile=&#8221;small-visibility,medium-visibility,large-visibility&#8221; center_content=&#8221;no&#8221; last=&#8221;no&#8221; min_height=&#8221;&#8221; hover_type=&#8221;none&#8221; link=&#8221;&#8221;][fusion_text] REDACCI\u00d3N Nos congratula llevar a cabo esta muestra final de proyectos que habla sobre la importancia de construir lugares de visibilidad para aquello que ha dejado de ser dicho, para abrir la ventana hacia lo complejo que resulta hacer aparecer [&hellip;]<\/p>\n","protected":false},"author":1,"featured_media":37494,"comment_status":"open","ping_status":"open","sticky":false,"template":"","format":"standard","meta":{"footnotes":""},"categories":[9,14],"tags":[],"_links":{"self":[{"href":"https:\/\/www.bitacoracdmx.com\/index.php?rest_route=\/wp\/v2\/posts\/37489"}],"collection":[{"href":"https:\/\/www.bitacoracdmx.com\/index.php?rest_route=\/wp\/v2\/posts"}],"about":[{"href":"https:\/\/www.bitacoracdmx.com\/index.php?rest_route=\/wp\/v2\/types\/post"}],"author":[{"embeddable":true,"href":"https:\/\/www.bitacoracdmx.com\/index.php?rest_route=\/wp\/v2\/users\/1"}],"replies":[{"embeddable":true,"href":"https:\/\/www.bitacoracdmx.com\/index.php?rest_route=%2Fwp%2Fv2%2Fcomments&post=37489"}],"version-history":[{"count":1,"href":"https:\/\/www.bitacoracdmx.com\/index.php?rest_route=\/wp\/v2\/posts\/37489\/revisions"}],"predecessor-version":[{"id":37495,"href":"https:\/\/www.bitacoracdmx.com\/index.php?rest_route=\/wp\/v2\/posts\/37489\/revisions\/37495"}],"wp:featuredmedia":[{"embeddable":true,"href":"https:\/\/www.bitacoracdmx.com\/index.php?rest_route=\/wp\/v2\/media\/37494"}],"wp:attachment":[{"href":"https:\/\/www.bitacoracdmx.com\/index.php?rest_route=%2Fwp%2Fv2%2Fmedia&parent=37489"}],"wp:term":[{"taxonomy":"category","embeddable":true,"href":"https:\/\/www.bitacoracdmx.com\/index.php?rest_route=%2Fwp%2Fv2%2Fcategories&post=37489"},{"taxonomy":"post_tag","embeddable":true,"href":"https:\/\/www.bitacoracdmx.com\/index.php?rest_route=%2Fwp%2Fv2%2Ftags&post=37489"}],"curies":[{"name":"wp","href":"https:\/\/api.w.org\/{rel}","templated":true}]}}