{"id":37496,"date":"2020-11-18T20:38:25","date_gmt":"2020-11-18T20:38:25","guid":{"rendered":"https:\/\/www.bitacoracdmx.com\/?p=37496"},"modified":"2020-11-18T20:38:25","modified_gmt":"2020-11-18T20:38:25","slug":"la-novena-sinfonia-danza-contemporanea-impulso-emotivo-y-de-resistencia","status":"publish","type":"post","link":"https:\/\/www.bitacoracdmx.com\/?p=37496","title":{"rendered":"La Novena Sinfon\u00eda, danza contempor\u00e1nea, impulso emotivo y de resistencia."},"content":{"rendered":"<p>[fusion_builder_container hundred_percent=&#8221;no&#8221; equal_height_columns=&#8221;no&#8221; menu_anchor=&#8221;&#8221; hide_on_mobile=&#8221;small-visibility,medium-visibility,large-visibility&#8221; class=&#8221;&#8221; id=&#8221;&#8221; background_color=&#8221;&#8221; background_image=&#8221;&#8221; background_position=&#8221;center center&#8221; background_repeat=&#8221;no-repeat&#8221; fade=&#8221;no&#8221; background_parallax=&#8221;none&#8221; parallax_speed=&#8221;0.3&#8243; video_mp4=&#8221;&#8221; video_webm=&#8221;&#8221; video_ogv=&#8221;&#8221; video_url=&#8221;&#8221; video_aspect_ratio=&#8221;16:9&#8243; video_loop=&#8221;yes&#8221; video_mute=&#8221;yes&#8221; overlay_color=&#8221;&#8221; video_preview_image=&#8221;&#8221; border_size=&#8221;&#8221; border_color=&#8221;&#8221; border_style=&#8221;solid&#8221; padding_top=&#8221;&#8221; padding_bottom=&#8221;&#8221; padding_left=&#8221;&#8221; padding_right=&#8221;&#8221;][fusion_builder_row][fusion_builder_column type=&#8221;1_1&#8243; layout=&#8221;1_1&#8243; background_position=&#8221;left top&#8221; background_color=&#8221;&#8221; border_size=&#8221;&#8221; border_color=&#8221;&#8221; border_style=&#8221;solid&#8221; border_position=&#8221;all&#8221; spacing=&#8221;yes&#8221; background_image=&#8221;&#8221; background_repeat=&#8221;no-repeat&#8221; padding_top=&#8221;&#8221; padding_right=&#8221;&#8221; padding_bottom=&#8221;&#8221; padding_left=&#8221;&#8221; margin_top=&#8221;0px&#8221; margin_bottom=&#8221;0px&#8221; class=&#8221;&#8221; id=&#8221;&#8221; animation_type=&#8221;&#8221; animation_speed=&#8221;0.3&#8243; animation_direction=&#8221;left&#8221; hide_on_mobile=&#8221;small-visibility,medium-visibility,large-visibility&#8221; center_content=&#8221;no&#8221; last=&#8221;no&#8221; min_height=&#8221;&#8221; hover_type=&#8221;none&#8221; link=&#8221;&#8221;][fusion_text]<\/p>\n<p>REDACCI\u00d3N<\/p>\n<p dir=\"ltr\">En el 250 aniversario del natalicio de Ludwig van Beethoven, Rising Art A.C. y La infinita compa\u00f1\u00eda ofrecen la presente lectura danc\u00edstica a una de las m\u00e1s reconocidas melod\u00edas escritas en la historia<\/p>\n<p dir=\"ltr\">\u00b7 Bajo la direcci\u00f3n de Ra\u00fal Tamez, se lleva a cabo la presentaci\u00f3n con dos \u00fanicas funciones en el Teatro de la Ciudad Esperanza Iris<\/p>\n<p dir=\"ltr\">Como tributo a quienes perdieron la vida por su raza, g\u00e9nero, preferencia sexual, religi\u00f3n o ideolog\u00eda pol\u00edtica, Rising Art A.C. y La infinita compa\u00f1\u00eda presentan\u00a0Novena Sinfon\u00eda, danza contempor\u00e1nea, un acto po\u00e9tico de justicia para quienes ya no pueden ejercer su voluntad; \u201ces el grito de impotencia de los secuestrados, los torturados, los presos pol\u00edticos, los desaparecidos, los encerrados, los desahuciados, los excluidos, los que mueren de hambre; o los que luchan contra la enfermedad cr\u00f3nica f\u00edsica, o mental\u201d, afirma la producci\u00f3n.<\/p>\n<p dir=\"ltr\">En un lugar, custodiado por cuatro verdugos, se mantiene en cautiverio a un grupo de personas, hasta que una de las v\u00edctimas, detona un cambio inesperado.\u00a0El misterio de\u00a0la esperanza viva emana de estos lugares vulnerables, en los cuales se aprecian los coros corporales que se unen en un latir constante que traspasa muros y prohibiciones.<\/p>\n<p dir=\"ltr\">En el marco del 250 aniversario del natalicio de Ludwig van Beethoven (1770-1827), una de las obras sinf\u00f3nicas m\u00e1s prominentes de toda la historia es abordada desde el cuerpo en un impulso emotivo de resistencia. La alegr\u00eda propuesta por Friedrich Schiller es una oda a la esperanza, a la libertad y a la uni\u00f3n, en el contexto actual de la crisis por la que atravesamos.<\/p>\n<p dir=\"ltr\">Con base en la m\u00fasica de Beethoven, se integra el equipo creativo: la coreograf\u00eda y direcci\u00f3n art\u00edstica es de Ra\u00fal Tamez, el dise\u00f1o de iluminaci\u00f3n y escenograf\u00eda es de Aurelio Palomino y la producci\u00f3n ejecutiva recae en Rodrigo Gonz\u00e1lez.<\/p>\n<p dir=\"ltr\">La producci\u00f3n, que se presenta en el recinto de Donceles en el marco de Celebrando a Ludwig van Beethoven, cuenta con apoyo del Est\u00edmulo Fiscal a Proyectos de Inversi\u00f3n en la Producci\u00f3n Nacional de Danza (EFIDANZA) y de la empresa Liverpool.<\/p>\n<p dir=\"ltr\">Ra\u00fal Tamez es un core\u00f3grafo y director. Soci\u00f3logo por la Universidad Nacional Aut\u00f3noma de M\u00e9xico (UNAM), es licenciado en Danza Contempor\u00e1nea por la Escuela Nacional de Danza Cl\u00e1sica y Contempor\u00e1nea (ENDCC) y la Rotterdam Dance Academy, de Holanda. Cuenta con una maestr\u00eda en Danza en la John Moores Liverpool University.<\/p>\n<p dir=\"ltr\">En 2016 recibi\u00f3 el Premio Nacional de Danza Guillermo Arriaga. Ha colaborado en compa\u00f1\u00edas como IT Dansa, Two Move Dance Company, Aura Dance Theater y el Ballet de C\u00e1mara de Riga, de Letonia. En M\u00e9xico, bail\u00f3 en el Ballet Independiente, en el CEPRODAC y con core\u00f3grafos como Tania P\u00e9rez Salas, Alicia S\u00e1nchez, \u00d3scar Ruvalcaba y Jaime Camarena.<\/p>\n<p dir=\"ltr\">El\u00a0Teatro de la Ciudad Esperanza Iris\u00a0recuerda la figura y la importancia del compositor alem\u00e1n al recordar su obra en\u00a0Celebrando a Ludwig van Beethoven. 250 a\u00f1os de su natalicio.<\/p>\n<p dir=\"ltr\">Novena Sinfon\u00eda, danza contempor\u00e1nea\u00a0se presenta el s\u00e1bado 28 y domingo 29 de noviembre\u00a0a las 19:00 y 18:00 horas, respectivamente, en el\u00a0Teatro de la Ciudad Esperanza Iris\u00a0(Donceles 36, colonia Centro Hist\u00f3rico, cerca del Metro Allende).<\/p>\n<p dir=\"ltr\">Localidades: desde 150 hasta 250 pesos. Descuentos del 50% a estudiantes de nivel b\u00e1sico, maestros, personas con discapacidad, trabajadores de gobierno y miembros del INAPAM con credencial vigente. Sujeto a disponibilidad y aplican restricciones. Venta a trav\u00e9s del sistema Ticketmaster y en la taquilla del recinto.<\/p>\n<p dir=\"ltr\">Para consultar la programaci\u00f3n de la\u00a0Direcci\u00f3n del Sistema de\u00a0Teatros de la Ciudad de M\u00e9xico, adscrita a la Secretar\u00eda de Cultura capitalina, visite:\u00a0<a href=\"http:\/\/www.teatros.cultura.cdmx.gob.mx\/\" target=\"_blank\" rel=\"noopener noreferrer\" data-auth=\"NotApplicable\">www.teatros.cultura.cdmx.gob.mx<\/a>. Asimismo, descargue (sistemas operativos Android e IOS) la aplicaci\u00f3n de TeatrosCDMX.<\/p>\n<p dir=\"ltr\">Los recintos pertenecientes a la Direcci\u00f3n del Sistema de Teatros de la Ciudad de M\u00e9xico refuerzan acciones dirigidas a prevenir el contagio y la propagaci\u00f3n del coronavirus SARS-COV-2 y sigue los protocolos establecidos por el Gobierno de la Ciudad en materia de recintos teatrales. Para consultar las medidas sanitarias que se implementan, visite la p\u00e1gina:\u00a0<a href=\"https:\/\/medidassanitarias.covid19.cdmx.gob.mx\/dHome\/medidas_sanitarias\/LINEAMIENTOS_TEATROS.pdf\" target=\"_blank\" rel=\"noopener noreferrer\" data-auth=\"NotApplicable\">https:\/\/medidassanitarias.covid19.cdmx.gob.mx\/dHome\/medidas_sanitarias\/LINEAMIENTOS_TEATROS.pdf<\/a><\/p>\n<p dir=\"ltr\">Siga al Sistema de Teatros en redes sociales con los hashtags\u00a0#escenariosquetransforman, #SomosDanza, #HabitanTeatros.<\/p>\n<p>[\/fusion_text][fusion_gallery layout=&#8221;&#8221; picture_size=&#8221;&#8221; columns=&#8221;&#8221; column_spacing=&#8221;10&#8243; gallery_masonry_grid_ratio=&#8221;&#8221; gallery_masonry_width_double=&#8221;&#8221; hover_type=&#8221;&#8221; lightbox=&#8221;yes&#8221; lightbox_content=&#8221;&#8221; bordersize=&#8221;&#8221; bordercolor=&#8221;&#8221; border_radius=&#8221;&#8221; hide_on_mobile=&#8221;small-visibility,medium-visibility,large-visibility&#8221; class=&#8221;&#8221; id=&#8221;&#8221;][fusion_gallery_image image=&#8221;https:\/\/www.bitacoracdmx.com\/wp-content\/uploads\/2020\/11\/descargar-12-250&#215;300.png&#8221; image_id=&#8221;37497|medium&#8221; link=&#8221;&#8221; linktarget=&#8221;_self&#8221; \/][fusion_gallery_image image=&#8221;https:\/\/www.bitacoracdmx.com\/wp-content\/uploads\/2020\/11\/4-1-200&#215;300.jpg&#8221; image_id=&#8221;37498|medium&#8221; link=&#8221;&#8221; linktarget=&#8221;_self&#8221; \/][fusion_gallery_image image=&#8221;https:\/\/www.bitacoracdmx.com\/wp-content\/uploads\/2020\/11\/3-1-224&#215;300.jpg&#8221; image_id=&#8221;37499|medium&#8221; link=&#8221;&#8221; linktarget=&#8221;_self&#8221; \/][\/fusion_gallery][\/fusion_builder_column][\/fusion_builder_row][\/fusion_builder_container]<\/p>\n","protected":false},"excerpt":{"rendered":"<p>[fusion_builder_container hundred_percent=&#8221;no&#8221; equal_height_columns=&#8221;no&#8221; menu_anchor=&#8221;&#8221; hide_on_mobile=&#8221;small-visibility,medium-visibility,large-visibility&#8221; class=&#8221;&#8221; id=&#8221;&#8221; background_color=&#8221;&#8221; background_image=&#8221;&#8221; background_position=&#8221;center center&#8221; background_repeat=&#8221;no-repeat&#8221; fade=&#8221;no&#8221; background_parallax=&#8221;none&#8221; parallax_speed=&#8221;0.3&#8243; video_mp4=&#8221;&#8221; video_webm=&#8221;&#8221; video_ogv=&#8221;&#8221; video_url=&#8221;&#8221; video_aspect_ratio=&#8221;16:9&#8243; video_loop=&#8221;yes&#8221; video_mute=&#8221;yes&#8221; overlay_color=&#8221;&#8221; video_preview_image=&#8221;&#8221; border_size=&#8221;&#8221; border_color=&#8221;&#8221; border_style=&#8221;solid&#8221; padding_top=&#8221;&#8221; padding_bottom=&#8221;&#8221; padding_left=&#8221;&#8221; padding_right=&#8221;&#8221;][fusion_builder_row][fusion_builder_column type=&#8221;1_1&#8243; layout=&#8221;1_1&#8243; background_position=&#8221;left top&#8221; background_color=&#8221;&#8221; border_size=&#8221;&#8221; border_color=&#8221;&#8221; border_style=&#8221;solid&#8221; border_position=&#8221;all&#8221; spacing=&#8221;yes&#8221; background_image=&#8221;&#8221; background_repeat=&#8221;no-repeat&#8221; padding_top=&#8221;&#8221; padding_right=&#8221;&#8221; padding_bottom=&#8221;&#8221; padding_left=&#8221;&#8221; margin_top=&#8221;0px&#8221; margin_bottom=&#8221;0px&#8221; class=&#8221;&#8221; id=&#8221;&#8221; animation_type=&#8221;&#8221; animation_speed=&#8221;0.3&#8243; animation_direction=&#8221;left&#8221; hide_on_mobile=&#8221;small-visibility,medium-visibility,large-visibility&#8221; center_content=&#8221;no&#8221; last=&#8221;no&#8221; min_height=&#8221;&#8221; hover_type=&#8221;none&#8221; link=&#8221;&#8221;][fusion_text] REDACCI\u00d3N En el 250 aniversario del natalicio de Ludwig van Beethoven, Rising Art A.C. y La infinita compa\u00f1\u00eda ofrecen la presente lectura danc\u00edstica a una de las m\u00e1s reconocidas melod\u00edas escritas en la historia \u00b7 Bajo la direcci\u00f3n de Ra\u00fal [&hellip;]<\/p>\n","protected":false},"author":1,"featured_media":37497,"comment_status":"open","ping_status":"open","sticky":false,"template":"","format":"standard","meta":{"footnotes":""},"categories":[9,11],"tags":[],"_links":{"self":[{"href":"https:\/\/www.bitacoracdmx.com\/index.php?rest_route=\/wp\/v2\/posts\/37496"}],"collection":[{"href":"https:\/\/www.bitacoracdmx.com\/index.php?rest_route=\/wp\/v2\/posts"}],"about":[{"href":"https:\/\/www.bitacoracdmx.com\/index.php?rest_route=\/wp\/v2\/types\/post"}],"author":[{"embeddable":true,"href":"https:\/\/www.bitacoracdmx.com\/index.php?rest_route=\/wp\/v2\/users\/1"}],"replies":[{"embeddable":true,"href":"https:\/\/www.bitacoracdmx.com\/index.php?rest_route=%2Fwp%2Fv2%2Fcomments&post=37496"}],"version-history":[{"count":1,"href":"https:\/\/www.bitacoracdmx.com\/index.php?rest_route=\/wp\/v2\/posts\/37496\/revisions"}],"predecessor-version":[{"id":37502,"href":"https:\/\/www.bitacoracdmx.com\/index.php?rest_route=\/wp\/v2\/posts\/37496\/revisions\/37502"}],"wp:featuredmedia":[{"embeddable":true,"href":"https:\/\/www.bitacoracdmx.com\/index.php?rest_route=\/wp\/v2\/media\/37497"}],"wp:attachment":[{"href":"https:\/\/www.bitacoracdmx.com\/index.php?rest_route=%2Fwp%2Fv2%2Fmedia&parent=37496"}],"wp:term":[{"taxonomy":"category","embeddable":true,"href":"https:\/\/www.bitacoracdmx.com\/index.php?rest_route=%2Fwp%2Fv2%2Fcategories&post=37496"},{"taxonomy":"post_tag","embeddable":true,"href":"https:\/\/www.bitacoracdmx.com\/index.php?rest_route=%2Fwp%2Fv2%2Ftags&post=37496"}],"curies":[{"name":"wp","href":"https:\/\/api.w.org\/{rel}","templated":true}]}}