{"id":37503,"date":"2020-11-18T20:52:38","date_gmt":"2020-11-18T20:52:38","guid":{"rendered":"https:\/\/www.bitacoracdmx.com\/?p=37503"},"modified":"2020-11-18T20:52:38","modified_gmt":"2020-11-18T20:52:38","slug":"expertos-abordan-la-relevancia-del-patrimonio-documental","status":"publish","type":"post","link":"https:\/\/www.bitacoracdmx.com\/?p=37503","title":{"rendered":"Expertos abordan la relevancia del patrimonio documental."},"content":{"rendered":"<p>[fusion_builder_container hundred_percent=&#8221;no&#8221; equal_height_columns=&#8221;no&#8221; menu_anchor=&#8221;&#8221; hide_on_mobile=&#8221;small-visibility,medium-visibility,large-visibility&#8221; class=&#8221;&#8221; id=&#8221;&#8221; background_color=&#8221;&#8221; background_image=&#8221;&#8221; background_position=&#8221;center center&#8221; background_repeat=&#8221;no-repeat&#8221; fade=&#8221;no&#8221; background_parallax=&#8221;none&#8221; parallax_speed=&#8221;0.3&#8243; video_mp4=&#8221;&#8221; video_webm=&#8221;&#8221; video_ogv=&#8221;&#8221; video_url=&#8221;&#8221; video_aspect_ratio=&#8221;16:9&#8243; video_loop=&#8221;yes&#8221; video_mute=&#8221;yes&#8221; overlay_color=&#8221;&#8221; video_preview_image=&#8221;&#8221; border_size=&#8221;&#8221; border_color=&#8221;&#8221; border_style=&#8221;solid&#8221; padding_top=&#8221;&#8221; padding_bottom=&#8221;&#8221; padding_left=&#8221;&#8221; padding_right=&#8221;&#8221;][fusion_builder_row][fusion_builder_column type=&#8221;1_1&#8243; layout=&#8221;1_1&#8243; background_position=&#8221;left top&#8221; background_color=&#8221;&#8221; border_size=&#8221;&#8221; border_color=&#8221;&#8221; border_style=&#8221;solid&#8221; border_position=&#8221;all&#8221; spacing=&#8221;yes&#8221; background_image=&#8221;&#8221; background_repeat=&#8221;no-repeat&#8221; padding_top=&#8221;&#8221; padding_right=&#8221;&#8221; padding_bottom=&#8221;&#8221; padding_left=&#8221;&#8221; margin_top=&#8221;0px&#8221; margin_bottom=&#8221;0px&#8221; class=&#8221;&#8221; id=&#8221;&#8221; animation_type=&#8221;&#8221; animation_speed=&#8221;0.3&#8243; animation_direction=&#8221;left&#8221; hide_on_mobile=&#8221;small-visibility,medium-visibility,large-visibility&#8221; center_content=&#8221;no&#8221; last=&#8221;no&#8221; min_height=&#8221;&#8221; hover_type=&#8221;none&#8221; link=&#8221;&#8221;][fusion_text]<\/p>\n<p>REDACCI\u00d3N<\/p>\n<p class=\"x_MsoNormal\"><span lang=\"ES-TRAD\">Como repositorios de la experiencia previa, por su importancia en la investigaci\u00f3n del pasado, su repercusi\u00f3n en la vida p\u00fablica del pa\u00eds y su car\u00e1cter patrimonial, los documentos hist\u00f3ricos fueron abordados como parte d<\/span><span lang=\"ES-TRAD\">el\u00a0<b>Encuentro por el Patrimonio Cultural\u00a0<\/b><\/span><b><span lang=\"ES\">\u201cEl lugar de nuestra memoria e identidad<\/span><\/b><span lang=\"ES\">\u201d<\/span><span lang=\"ES-TRAD\">,<\/span><span lang=\"ES-TRAD\">\u00a0en el marco de la iniciativa\u00a0<b>Noviembre Mes del Patrimonio<\/b>, mediante la transmisi\u00f3n en vivo de la mesa\u00a0<b>\u201cExperiencias en la preservaci\u00f3n del patrimonio documental\u201d<\/b>.<b><\/b><\/span><\/p>\n<p class=\"x_MsoNormal\"><span lang=\"ES-TRAD\">Moderada por la<\/span><b><span lang=\"ES-TRAD\">\u00a0encargada de despacho de la Secretar\u00eda de Cultura de la Ciudad de M\u00e9xico<\/span><\/b><span lang=\"ES-TRAD\">,<b>\u00a0Guadalupe\u00a0<span class=\"x_gmail-il\">Lozada<\/span>\u00a0Le\u00f3n<\/b>, la charla difundida el martes 17 de noviembre, a trav\u00e9s de redes sociales, cont\u00f3 con la participaci\u00f3n de\u00a0<\/span><span lang=\"ES-TRAD\">Laura Beatriz Moreno Rodr\u00edguez, directora general del Acervo Hist\u00f3rico Diplom\u00e1tico de la Secretar\u00eda de Relaciones Exteriores, y de\u00a0<\/span><span lang=\"ES\">Juan Gerardo L\u00f3pez Hern\u00e1ndez, director de Archivo Hist\u00f3rico de la Ciudad de M\u00e9xico.<\/span><\/p>\n<p class=\"x_MsoNormal\"><span lang=\"ES\">\u201cEs fundamental que la gente aprenda a disfrutar de los archivos hist\u00f3ricos; es un viaje al pasado en presente, est\u00e1s leyendo lo que pas\u00f3 en ese momento, no lo que te han contado, sino lo que realmente sucedi\u00f3\u201d, expres\u00f3 la responsable de esta dependencia al inicio del di\u00e1logo en el que tambi\u00e9n se abord\u00f3 la catalogaci\u00f3n, clasificaci\u00f3n y organizaci\u00f3n de estos documentos.<\/span><\/p>\n<p class=\"x_MsoNormal\"><span lang=\"ES\">En su ponencia titulada \u201c<\/span><span lang=\"ES-TRAD\">Experiencias en el Acervo Hist\u00f3rico Diplom\u00e1tico\u201d, Moreno Rodr\u00edguez resalt\u00f3 la urgente necesidad de valorar estos archivos no s\u00f3lo como resguardo de la memoria, sino como documentos que pueden propiciar el desarrollo social, cultural, pol\u00edtico y econ\u00f3mico a trav\u00e9s de conocimientos que contribuyan a la toma de decisiones.<\/span><\/p>\n<p class=\"x_MsoNormal\"><span lang=\"ES-TRAD\">\u201cLa experiencia plasmada en miles de documentos que se encuentran custodiados por las entidades p\u00fablicas o privadas, son testimonios de las acciones tomadas en distintos momentos por ciudadanos, organizaciones y naciones en diferentes \u00e1mbitos de la historia, y que repercuten en el presente\u201d indic\u00f3 la experta en los exilios centroamericanos durante la primera mitad del siglo XX.<\/span><\/p>\n<p class=\"x_MsoNormal\"><span lang=\"ES-TRAD\">Inform\u00f3 que el Archivo Hist\u00f3rico \u201cGenaro Estrada\u201d, de la Secretar\u00eda de Relaciones Exteriores, concentra informaci\u00f3n de la actividad diplom\u00e1tica de M\u00e9xico, desde sus primeros a\u00f1os de vida independiente hasta los a\u00f1os 80 del siglo XX, y celebr\u00f3 la B\u00f3veda de Tratados,<\/span><span lang=\"ES-TRAD\">\u00a0<\/span><span lang=\"ES-TRAD\">extensi\u00f3n del Archivo Hist\u00f3rico integrada por m\u00e1s de 12 mil documentos, que mereci\u00f3 el nombramiento de Memoria del Mundo en 2018 por la\u00a0<\/span><span lang=\"ES-TRAD\">Organizaci\u00f3n de las Naciones Unidas para la Educaci\u00f3n, la Ciencia y la Cultura (<span class=\"x_gmail-il\">Unesco<\/span>)<\/span><span lang=\"ES-TRAD\">.<\/span><\/p>\n<p class=\"x_MsoNormal\"><span lang=\"ES-TRAD\">Asimismo, resalt\u00f3 el patrimonio documental como una herramienta de educaci\u00f3n disponible no s\u00f3lo para el disfrute de investigadores y estudiantes, sino para la ciudadan\u00eda en general, e introdujo al p\u00fablico al repositorio colaborativo\u00a0<b>\u201c<\/b><\/span><b><span lang=\"ES-TRAD\">Mem\u00f3rica. M\u00e9xico, haz memoria\u201d<\/span><\/b><span lang=\"ES-TRAD\">,\u00a0que permite el acceso a recursos digitales hist\u00f3ricos y culturales del pa\u00eds de m\u00e1s de 40 archivos.<\/span><\/p>\n<p class=\"x_MsoNormal\"><span lang=\"ES-TRAD\">Moreno Rodr\u00edguez consider\u00f3 de gran necesidad la creaci\u00f3n de un \u00e1rea de digitalizaci\u00f3n de alto nivel t\u00e9cnico y humano que permita acercar al p\u00fablico y, sobre todo, a las nuevas generaciones, a estos documentos, para \u201chilar los acontecimientos hist\u00f3ricos con su presente\u201d.<\/span><\/p>\n<p class=\"x_MsoNormal\"><span lang=\"ES-TRAD\">En este sentido,\u00a0<\/span><span lang=\"ES\">L\u00f3pez Hern\u00e1ndez reiter\u00f3 la urgencia de hacer accesibles estos repositorios de la memoria desde nuevos soportes, lo que llam\u00f3 \u201cmigraci\u00f3n documental\u201d, para \u201cdemocratizar la vida p\u00fablica de los archivos\u201d, labor que asegur\u00f3 ha logrado el<\/span><span lang=\"ES\">\u00a0<\/span><span lang=\"ES-TRAD\">Archivo Hist\u00f3rico de la Ciudad de M\u00e9xico \u201cCarlos de Sig\u00fcenza y\u00a0<span class=\"x_gmail-il\">G\u00f3ngora<\/span>\u201d a trav\u00e9s de la publicaci\u00f3n de archivos originales en redes sociales.<\/span><\/p>\n<p class=\"x_MsoNormal\"><span lang=\"ES-TRAD\">\u201cLos archivos, no son simples papeles, son la materializaci\u00f3n de derechos y obligaciones y, por lo tanto, son parte de nuestra memoria, pero tambi\u00e9n de nuestra identidad\u201d, expres\u00f3 el historiador, quien explic\u00f3 el proceso de tr\u00e1mite, concentraci\u00f3n y preservaci\u00f3n que mantiene un documento para volverse hist\u00f3rico.<\/span><\/p>\n<p class=\"x_MsoNormal\"><span lang=\"ES\">Subray\u00f3 que se busca mejorar el acceso a los documentos que han marcado la vida p\u00fabica del pa\u00eds, aunado al uso de las nuevas tecnolog\u00edas y a una mejor clasificaci\u00f3n y organizaci\u00f3n, pero, sobre todo, con la nueva Ley de Archivos de la Ciudad de M\u00e9xico, de pr\u00f3xima promulgaci\u00f3n en la Gaceta Oficial.<\/span><\/p>\n<p class=\"x_MsoNormal\"><span lang=\"ES-TRAD\">La mesa abri\u00f3 el<b>\u00a0Eje 2<\/b><\/span><b><span lang=\"ES-TRAD\">\u00a0<\/span><\/b><b><span lang=\"ES\">\u201cMuseos, archivos y bibliotecas: depositarios de identidad y memoria\u201d,\u00a0<\/span><\/b><span lang=\"ES-TRAD\">que se realiza hasta el 19 de noviembre como parte del\u00a0<b>Encuentro por el Patrimonio Cultural<\/b>\u00a0y en el marco de la iniciativa\u00a0<b>Noviembre Mes del Patrimonio<\/b>, que festeja\u00a0<\/span><span lang=\"ES\">el D\u00eda Internacional del Patrimonio Mundial establecido el 16 de noviembre por la Unesco.<\/span><\/p>\n<p class=\"x_MsoNormal\"><span lang=\"ES\">Este\u00a0<b>mi\u00e9rcoles 18<\/b>, tocar\u00e1 el turno al historiador Luis Francisco Gallardo Esparza, responsable del \u00c1gora Galer\u00eda del Pueblo del Antiguo Palacio del Ayuntamiento, con la ponencia \u201cMuseo: articulador de saberes comunitarios\u201d, y a Ana Isabel Salazar Mart\u00ednez, responsable del programa Noche de Museos, quien abordar\u00e1 la charla \u201cMuseos y pedagog\u00eda. Apropiaci\u00f3n patrimonial\u201d, ambas como parte de la segunda mesa\u00a0<b>\u201cMuseos como instrumento de apropiaci\u00f3n patrimonial\u201d<\/b>.<\/span><\/p>\n<p class=\"x_MsoNormal\"><span lang=\"ES\">El encuentro concluir\u00e1 el\u00a0<b>jueves 19 de noviembre<\/b>\u00a0con la mesa\u00a0<b>\u201cBibliotecas y gesti\u00f3n comunitaria. Estudios de caso\u201d<\/b>, en la cual la directora de Casa Refugio Citlalt\u00e9petl, Mar\u00eda Cortina Icaza, abordar\u00e1 la creaci\u00f3n de la Biblioteca Memorial 19 de Septiembre, surgida a partir de los libros hallados entre los escombros que dej\u00f3 el sismo de 2017, y junto con el director general de Bibliotecas de la Secretar\u00eda de Cultura federal, Marx Arriaga Navarro, charlar\u00e1n sobre la vinculaci\u00f3n comunitaria que se da en estos espacios de lectura.<\/span><\/p>\n<p class=\"x_MsoNormal\"><span lang=\"ES\">Las cuatro mesas pasadas del\u00a0<b>Eje 1 \u201cGesti\u00f3n comunitaria y patrimonio cultural\u201d<\/b>\u00a0y las tres mesas del\u00a0<\/span><b><span lang=\"ES-TRAD\">Eje 2<\/span><\/b><b><span lang=\"ES-TRAD\">\u00a0<\/span><\/b><b><span lang=\"ES\">\u201cMuseos, archivos y bibliotecas: depositarios de identidad y memoria\u201d<\/span><\/b><span lang=\"ES\">, permanecer\u00e1n disponibles para su consulta en\u00a0<\/span><span lang=\"ES-TRAD\"><a href=\"https:\/\/www.facebook.com\/PatrimonioCulturalCDMX\" target=\"_blank\" rel=\"noopener noreferrer\" data-auth=\"NotApplicable\"><span lang=\"ES\">www.facebook.com\/PatrimonioCulturalCDMX<\/span><\/a><\/span><span lang=\"ES\">\u00a0y en el apartado \u201cNoviembre Mes del Patrimonio\u201d de la plataforma digital\u00a0<\/span><span lang=\"ES-TRAD\"><a href=\"http:\/\/www.capitalculturalennuestracasa.cdmx.gob.mx\/\" target=\"_blank\" rel=\"noopener noreferrer\" data-auth=\"NotApplicable\"><i><span lang=\"ES\">Capital Cultural en Nuestra Casa<\/span><\/i><\/a><\/span><span lang=\"ES\">. Las pr\u00f3ximas charlas en vivo del 18 y 19 de noviembre se trasmitir\u00e1n de 19:00 a 21:00 horas.<\/span><\/p>\n<p>[\/fusion_text][fusion_gallery layout=&#8221;&#8221; picture_size=&#8221;&#8221; columns=&#8221;&#8221; column_spacing=&#8221;10&#8243; gallery_masonry_grid_ratio=&#8221;&#8221; gallery_masonry_width_double=&#8221;&#8221; hover_type=&#8221;&#8221; lightbox=&#8221;yes&#8221; lightbox_content=&#8221;&#8221; bordersize=&#8221;&#8221; bordercolor=&#8221;&#8221; border_radius=&#8221;&#8221; hide_on_mobile=&#8221;small-visibility,medium-visibility,large-visibility&#8221; class=&#8221;&#8221; id=&#8221;&#8221;][fusion_gallery_image image=&#8221;https:\/\/www.bitacoracdmx.com\/wp-content\/uploads\/2020\/11\/ENCUENTRO-POR-EL-PATRIMONIO-300&#215;169.png&#8221; image_id=&#8221;37504|medium&#8221; link=&#8221;&#8221; linktarget=&#8221;_self&#8221; \/][fusion_gallery_image image=&#8221;https:\/\/www.bitacoracdmx.com\/wp-content\/uploads\/2020\/11\/ENCUENTRO-POR-EL-PATRIMONIO-4-300&#215;169.png&#8221; image_id=&#8221;37505|medium&#8221; link=&#8221;&#8221; linktarget=&#8221;_self&#8221; \/][fusion_gallery_image image=&#8221;https:\/\/www.bitacoracdmx.com\/wp-content\/uploads\/2020\/11\/ENCUENTRO-POR-EL-PATRIMONIO-3-300&#215;169.png&#8221; image_id=&#8221;37506|medium&#8221; link=&#8221;&#8221; linktarget=&#8221;_self&#8221; \/][fusion_gallery_image image=&#8221;https:\/\/www.bitacoracdmx.com\/wp-content\/uploads\/2020\/11\/ENCUENTRO-POR-EL-PATRIMONIO-2-300&#215;169.png&#8221; image_id=&#8221;37507|medium&#8221; link=&#8221;&#8221; linktarget=&#8221;_self&#8221; \/][\/fusion_gallery][\/fusion_builder_column][\/fusion_builder_row][\/fusion_builder_container]<\/p>\n","protected":false},"excerpt":{"rendered":"<p>[fusion_builder_container hundred_percent=&#8221;no&#8221; equal_height_columns=&#8221;no&#8221; menu_anchor=&#8221;&#8221; hide_on_mobile=&#8221;small-visibility,medium-visibility,large-visibility&#8221; class=&#8221;&#8221; id=&#8221;&#8221; background_color=&#8221;&#8221; background_image=&#8221;&#8221; background_position=&#8221;center center&#8221; background_repeat=&#8221;no-repeat&#8221; fade=&#8221;no&#8221; background_parallax=&#8221;none&#8221; parallax_speed=&#8221;0.3&#8243; video_mp4=&#8221;&#8221; video_webm=&#8221;&#8221; video_ogv=&#8221;&#8221; video_url=&#8221;&#8221; video_aspect_ratio=&#8221;16:9&#8243; video_loop=&#8221;yes&#8221; video_mute=&#8221;yes&#8221; overlay_color=&#8221;&#8221; video_preview_image=&#8221;&#8221; border_size=&#8221;&#8221; border_color=&#8221;&#8221; border_style=&#8221;solid&#8221; padding_top=&#8221;&#8221; padding_bottom=&#8221;&#8221; padding_left=&#8221;&#8221; padding_right=&#8221;&#8221;][fusion_builder_row][fusion_builder_column type=&#8221;1_1&#8243; layout=&#8221;1_1&#8243; background_position=&#8221;left top&#8221; background_color=&#8221;&#8221; border_size=&#8221;&#8221; border_color=&#8221;&#8221; border_style=&#8221;solid&#8221; border_position=&#8221;all&#8221; spacing=&#8221;yes&#8221; background_image=&#8221;&#8221; background_repeat=&#8221;no-repeat&#8221; padding_top=&#8221;&#8221; padding_right=&#8221;&#8221; padding_bottom=&#8221;&#8221; padding_left=&#8221;&#8221; margin_top=&#8221;0px&#8221; margin_bottom=&#8221;0px&#8221; class=&#8221;&#8221; id=&#8221;&#8221; animation_type=&#8221;&#8221; animation_speed=&#8221;0.3&#8243; animation_direction=&#8221;left&#8221; hide_on_mobile=&#8221;small-visibility,medium-visibility,large-visibility&#8221; center_content=&#8221;no&#8221; last=&#8221;no&#8221; min_height=&#8221;&#8221; hover_type=&#8221;none&#8221; link=&#8221;&#8221;][fusion_text] REDACCI\u00d3N Como repositorios de la experiencia previa, por su importancia en la investigaci\u00f3n del pasado, su repercusi\u00f3n en la vida p\u00fablica del pa\u00eds y su car\u00e1cter patrimonial, los documentos hist\u00f3ricos fueron abordados como parte del\u00a0Encuentro por el Patrimonio Cultural\u00a0\u201cEl lugar [&hellip;]<\/p>\n","protected":false},"author":1,"featured_media":37507,"comment_status":"open","ping_status":"open","sticky":false,"template":"","format":"standard","meta":{"footnotes":""},"categories":[4,9],"tags":[],"_links":{"self":[{"href":"https:\/\/www.bitacoracdmx.com\/index.php?rest_route=\/wp\/v2\/posts\/37503"}],"collection":[{"href":"https:\/\/www.bitacoracdmx.com\/index.php?rest_route=\/wp\/v2\/posts"}],"about":[{"href":"https:\/\/www.bitacoracdmx.com\/index.php?rest_route=\/wp\/v2\/types\/post"}],"author":[{"embeddable":true,"href":"https:\/\/www.bitacoracdmx.com\/index.php?rest_route=\/wp\/v2\/users\/1"}],"replies":[{"embeddable":true,"href":"https:\/\/www.bitacoracdmx.com\/index.php?rest_route=%2Fwp%2Fv2%2Fcomments&post=37503"}],"version-history":[{"count":1,"href":"https:\/\/www.bitacoracdmx.com\/index.php?rest_route=\/wp\/v2\/posts\/37503\/revisions"}],"predecessor-version":[{"id":37508,"href":"https:\/\/www.bitacoracdmx.com\/index.php?rest_route=\/wp\/v2\/posts\/37503\/revisions\/37508"}],"wp:featuredmedia":[{"embeddable":true,"href":"https:\/\/www.bitacoracdmx.com\/index.php?rest_route=\/wp\/v2\/media\/37507"}],"wp:attachment":[{"href":"https:\/\/www.bitacoracdmx.com\/index.php?rest_route=%2Fwp%2Fv2%2Fmedia&parent=37503"}],"wp:term":[{"taxonomy":"category","embeddable":true,"href":"https:\/\/www.bitacoracdmx.com\/index.php?rest_route=%2Fwp%2Fv2%2Fcategories&post=37503"},{"taxonomy":"post_tag","embeddable":true,"href":"https:\/\/www.bitacoracdmx.com\/index.php?rest_route=%2Fwp%2Fv2%2Ftags&post=37503"}],"curies":[{"name":"wp","href":"https:\/\/api.w.org\/{rel}","templated":true}]}}