{"id":37546,"date":"2020-11-19T23:48:08","date_gmt":"2020-11-19T23:48:08","guid":{"rendered":"https:\/\/www.bitacoracdmx.com\/?p=37546"},"modified":"2020-11-19T23:48:08","modified_gmt":"2020-11-19T23:48:08","slug":"buscara-adal-ramones-aterrorizar-al-publico-con-su-nueva-pelicula-a-grabarse-en-zacatecas","status":"publish","type":"post","link":"https:\/\/www.bitacoracdmx.com\/?p=37546","title":{"rendered":"Buscar\u00e1 ADAL RAMONES aterrorizar al p\u00fablico con su nueva pel\u00edcula a grabarse en Zacatecas."},"content":{"rendered":"<p>[fusion_builder_container hundred_percent=&#8221;no&#8221; equal_height_columns=&#8221;no&#8221; menu_anchor=&#8221;&#8221; hide_on_mobile=&#8221;small-visibility,medium-visibility,large-visibility&#8221; class=&#8221;&#8221; id=&#8221;&#8221; background_color=&#8221;&#8221; background_image=&#8221;&#8221; background_position=&#8221;center center&#8221; background_repeat=&#8221;no-repeat&#8221; fade=&#8221;no&#8221; background_parallax=&#8221;none&#8221; parallax_speed=&#8221;0.3&#8243; video_mp4=&#8221;&#8221; video_webm=&#8221;&#8221; video_ogv=&#8221;&#8221; video_url=&#8221;&#8221; video_aspect_ratio=&#8221;16:9&#8243; video_loop=&#8221;yes&#8221; video_mute=&#8221;yes&#8221; overlay_color=&#8221;&#8221; video_preview_image=&#8221;&#8221; border_size=&#8221;&#8221; border_color=&#8221;&#8221; border_style=&#8221;solid&#8221; padding_top=&#8221;&#8221; padding_bottom=&#8221;&#8221; padding_left=&#8221;&#8221; padding_right=&#8221;&#8221;][fusion_builder_row][fusion_builder_column type=&#8221;1_1&#8243; layout=&#8221;1_1&#8243; background_position=&#8221;left top&#8221; background_color=&#8221;&#8221; border_size=&#8221;&#8221; border_color=&#8221;&#8221; border_style=&#8221;solid&#8221; border_position=&#8221;all&#8221; spacing=&#8221;yes&#8221; background_image=&#8221;&#8221; background_repeat=&#8221;no-repeat&#8221; padding_top=&#8221;&#8221; padding_right=&#8221;&#8221; padding_bottom=&#8221;&#8221; padding_left=&#8221;&#8221; margin_top=&#8221;0px&#8221; margin_bottom=&#8221;0px&#8221; class=&#8221;&#8221; id=&#8221;&#8221; animation_type=&#8221;&#8221; animation_speed=&#8221;0.3&#8243; animation_direction=&#8221;left&#8221; hide_on_mobile=&#8221;small-visibility,medium-visibility,large-visibility&#8221; center_content=&#8221;no&#8221; last=&#8221;no&#8221; min_height=&#8221;&#8221; hover_type=&#8221;none&#8221; link=&#8221;&#8221;][fusion_text]<\/p>\n<p>REDACCI\u00d3N<\/p>\n<p><b>Con la firme intenci\u00f3n de cerrar en su papel de productor la posibilidad de grabar el a\u00f1o entrante en Zacatecas una nueva pel\u00edcula, la primera en la que incursionar\u00eda dentro del g\u00e9nero de terror, el comediante, actor y presentador Adal Ramones estuvo reunido el pasado fin de semana en los vi\u00f1edos Tierra Adentro de Zacatecas con el maestro Alfonso V\u00e1zquez, Director del Instituto Zacatecano de Cultura \u201cRamon L\u00f3pez Velarde\u201d, y con Eduardo L\u00f3pez Mu\u00f1oz, reconocido empresario zacatecano a quien se invit\u00f3 a colaborar en esta producci\u00f3n, con el objetivo de buscar fondos para financiar dicha obra que de paso, busca promover a la entidad y su oferta tur\u00edstica con un gran reparto actoral.<\/b><\/p>\n<p><b>En dicha cita, en la que figur\u00f3 tambi\u00e9n el director Juan Carlos Carrasco (que se di\u00f3 a conocer como director gracias a trabajos precedentes como \u201cSantos Peregrinos\u201d (2004), \u201cMart\u00edn al amanecer\u201d (2010) y actualmente \u201cEl amor no puede esperar\u201d (2020) -esta \u00faltima que fu\u00e9 protagonizada precisamente por Adal Ramones y M\u00f3nica Huarte), se\u00f1alaron que ahora se busca poner en alto el nombre de Zacatecas con este nuevo filme que es respaldado por la brillante carrera de Ramones y con la cual \u00a0promover\u00e1n al estado desde sus paisajes, la banda sonora con m\u00fasicos de la entidad, actores muy reconocidos y diversos elementos que har\u00e1n honor al estado y as\u00ed, de la mano, llegar juntos a lo m\u00e1s alto de las carteleras mexicanas en su estreno a finales del a\u00f1o entrante.<\/b><\/p>\n<p><b>Con los m\u00faltiples recintos hist\u00f3ricos y culturales que este destino posee, propuestas como la que Adal Ramones y el director Juan Carlos Carrasco tuvieron oportunidad de proponer a la comisi\u00f3n de turismo y de cultura de la entidad, se pretende atraer la atenci\u00f3n de los turistas, aficionados, estudiantes y profesionistas de la industria f\u00edlmica de todo el pa\u00eds y el mundo, algo muy relevante en tiempos en que la suma de esfuerzos de todos generen consecuencias en la reactivaci\u00f3n econ\u00f3mica.<\/b><\/p>\n<p><b>La cinta de terror en la que intervendr\u00e1 Adal Ramones como productor y que tiene a Juan Carlos Carrasco como director est\u00e1 proyectada a estrenarse a fines del 2021 y ya cuenta con un casting extraordinario, con lo cual tiene garantizada la atenci\u00f3n de todas las salas de cine y cuyos productores la perfilan como uno de los grandes \u00e9xitos f\u00edlmicos del fin de a\u00f1o entrante.\u00a0<\/b><\/p>\n<p>[\/fusion_text][fusion_imageframe image_id=&#8221;37547|medium&#8221; max_width=&#8221;&#8221; style_type=&#8221;&#8221; blur=&#8221;&#8221; stylecolor=&#8221;&#8221; hover_type=&#8221;none&#8221; bordersize=&#8221;&#8221; bordercolor=&#8221;&#8221; borderradius=&#8221;&#8221; align=&#8221;none&#8221; lightbox=&#8221;no&#8221; gallery_id=&#8221;&#8221; lightbox_image=&#8221;&#8221; lightbox_image_id=&#8221;&#8221; alt=&#8221;&#8221; link=&#8221;&#8221; linktarget=&#8221;_self&#8221; hide_on_mobile=&#8221;small-visibility,medium-visibility,large-visibility&#8221; class=&#8221;&#8221; id=&#8221;&#8221; animation_type=&#8221;&#8221; animation_direction=&#8221;left&#8221; animation_speed=&#8221;0.3&#8243; animation_offset=&#8221;&#8221;]https:\/\/www.bitacoracdmx.com\/wp-content\/uploads\/2020\/11\/ADAL-RAMONES-NUEVO-FILM-2021-FOTO-300&#215;169.jpg[\/fusion_imageframe][\/fusion_builder_column][\/fusion_builder_row][\/fusion_builder_container]<\/p>\n","protected":false},"excerpt":{"rendered":"<p>[fusion_builder_container hundred_percent=&#8221;no&#8221; equal_height_columns=&#8221;no&#8221; menu_anchor=&#8221;&#8221; hide_on_mobile=&#8221;small-visibility,medium-visibility,large-visibility&#8221; class=&#8221;&#8221; id=&#8221;&#8221; background_color=&#8221;&#8221; background_image=&#8221;&#8221; background_position=&#8221;center center&#8221; background_repeat=&#8221;no-repeat&#8221; fade=&#8221;no&#8221; background_parallax=&#8221;none&#8221; parallax_speed=&#8221;0.3&#8243; video_mp4=&#8221;&#8221; video_webm=&#8221;&#8221; video_ogv=&#8221;&#8221; video_url=&#8221;&#8221; video_aspect_ratio=&#8221;16:9&#8243; video_loop=&#8221;yes&#8221; video_mute=&#8221;yes&#8221; overlay_color=&#8221;&#8221; video_preview_image=&#8221;&#8221; border_size=&#8221;&#8221; border_color=&#8221;&#8221; border_style=&#8221;solid&#8221; padding_top=&#8221;&#8221; padding_bottom=&#8221;&#8221; padding_left=&#8221;&#8221; padding_right=&#8221;&#8221;][fusion_builder_row][fusion_builder_column type=&#8221;1_1&#8243; layout=&#8221;1_1&#8243; background_position=&#8221;left top&#8221; background_color=&#8221;&#8221; border_size=&#8221;&#8221; border_color=&#8221;&#8221; border_style=&#8221;solid&#8221; border_position=&#8221;all&#8221; spacing=&#8221;yes&#8221; background_image=&#8221;&#8221; background_repeat=&#8221;no-repeat&#8221; padding_top=&#8221;&#8221; padding_right=&#8221;&#8221; padding_bottom=&#8221;&#8221; padding_left=&#8221;&#8221; margin_top=&#8221;0px&#8221; margin_bottom=&#8221;0px&#8221; class=&#8221;&#8221; id=&#8221;&#8221; animation_type=&#8221;&#8221; animation_speed=&#8221;0.3&#8243; animation_direction=&#8221;left&#8221; hide_on_mobile=&#8221;small-visibility,medium-visibility,large-visibility&#8221; center_content=&#8221;no&#8221; last=&#8221;no&#8221; min_height=&#8221;&#8221; hover_type=&#8221;none&#8221; link=&#8221;&#8221;][fusion_text] REDACCI\u00d3N Con la firme intenci\u00f3n de cerrar en su papel de productor la posibilidad de grabar el a\u00f1o entrante en Zacatecas una nueva pel\u00edcula, la primera en la que incursionar\u00eda dentro del g\u00e9nero de terror, el comediante, actor y presentador [&hellip;]<\/p>\n","protected":false},"author":1,"featured_media":37547,"comment_status":"open","ping_status":"open","sticky":false,"template":"","format":"standard","meta":{"footnotes":""},"categories":[3,9],"tags":[],"_links":{"self":[{"href":"https:\/\/www.bitacoracdmx.com\/index.php?rest_route=\/wp\/v2\/posts\/37546"}],"collection":[{"href":"https:\/\/www.bitacoracdmx.com\/index.php?rest_route=\/wp\/v2\/posts"}],"about":[{"href":"https:\/\/www.bitacoracdmx.com\/index.php?rest_route=\/wp\/v2\/types\/post"}],"author":[{"embeddable":true,"href":"https:\/\/www.bitacoracdmx.com\/index.php?rest_route=\/wp\/v2\/users\/1"}],"replies":[{"embeddable":true,"href":"https:\/\/www.bitacoracdmx.com\/index.php?rest_route=%2Fwp%2Fv2%2Fcomments&post=37546"}],"version-history":[{"count":1,"href":"https:\/\/www.bitacoracdmx.com\/index.php?rest_route=\/wp\/v2\/posts\/37546\/revisions"}],"predecessor-version":[{"id":37548,"href":"https:\/\/www.bitacoracdmx.com\/index.php?rest_route=\/wp\/v2\/posts\/37546\/revisions\/37548"}],"wp:featuredmedia":[{"embeddable":true,"href":"https:\/\/www.bitacoracdmx.com\/index.php?rest_route=\/wp\/v2\/media\/37547"}],"wp:attachment":[{"href":"https:\/\/www.bitacoracdmx.com\/index.php?rest_route=%2Fwp%2Fv2%2Fmedia&parent=37546"}],"wp:term":[{"taxonomy":"category","embeddable":true,"href":"https:\/\/www.bitacoracdmx.com\/index.php?rest_route=%2Fwp%2Fv2%2Fcategories&post=37546"},{"taxonomy":"post_tag","embeddable":true,"href":"https:\/\/www.bitacoracdmx.com\/index.php?rest_route=%2Fwp%2Fv2%2Ftags&post=37546"}],"curies":[{"name":"wp","href":"https:\/\/api.w.org\/{rel}","templated":true}]}}