{"id":37554,"date":"2020-11-20T00:04:28","date_gmt":"2020-11-20T00:04:28","guid":{"rendered":"https:\/\/www.bitacoracdmx.com\/?p=37554"},"modified":"2020-11-20T00:04:28","modified_gmt":"2020-11-20T00:04:28","slug":"conociendo-a-la-proxima-maravilla-de-la-bundesliga-youssoufa-moukoko","status":"publish","type":"post","link":"https:\/\/www.bitacoracdmx.com\/?p=37554","title":{"rendered":"Conociendo a la pr\u00f3xima maravilla de la Bundesliga: Youssoufa Moukoko."},"content":{"rendered":"<p>[fusion_builder_container hundred_percent=&#8221;no&#8221; equal_height_columns=&#8221;no&#8221; menu_anchor=&#8221;&#8221; hide_on_mobile=&#8221;small-visibility,medium-visibility,large-visibility&#8221; class=&#8221;&#8221; id=&#8221;&#8221; background_color=&#8221;&#8221; background_image=&#8221;&#8221; background_position=&#8221;center center&#8221; background_repeat=&#8221;no-repeat&#8221; fade=&#8221;no&#8221; background_parallax=&#8221;none&#8221; parallax_speed=&#8221;0.3&#8243; video_mp4=&#8221;&#8221; video_webm=&#8221;&#8221; video_ogv=&#8221;&#8221; video_url=&#8221;&#8221; video_aspect_ratio=&#8221;16:9&#8243; video_loop=&#8221;yes&#8221; video_mute=&#8221;yes&#8221; overlay_color=&#8221;&#8221; video_preview_image=&#8221;&#8221; border_size=&#8221;&#8221; border_color=&#8221;&#8221; border_style=&#8221;solid&#8221; padding_top=&#8221;&#8221; padding_bottom=&#8221;&#8221; padding_left=&#8221;&#8221; padding_right=&#8221;&#8221;][fusion_builder_row][fusion_builder_column type=&#8221;1_1&#8243; layout=&#8221;1_1&#8243; background_position=&#8221;left top&#8221; background_color=&#8221;&#8221; border_size=&#8221;&#8221; border_color=&#8221;&#8221; border_style=&#8221;solid&#8221; border_position=&#8221;all&#8221; spacing=&#8221;yes&#8221; background_image=&#8221;&#8221; background_repeat=&#8221;no-repeat&#8221; padding_top=&#8221;&#8221; padding_right=&#8221;&#8221; padding_bottom=&#8221;&#8221; padding_left=&#8221;&#8221; margin_top=&#8221;0px&#8221; margin_bottom=&#8221;0px&#8221; class=&#8221;&#8221; id=&#8221;&#8221; animation_type=&#8221;&#8221; animation_speed=&#8221;0.3&#8243; animation_direction=&#8221;left&#8221; hide_on_mobile=&#8221;small-visibility,medium-visibility,large-visibility&#8221; center_content=&#8221;no&#8221; last=&#8221;no&#8221; min_height=&#8221;&#8221; hover_type=&#8221;none&#8221; link=&#8221;&#8221;][fusion_text]<\/p>\n<p>REDACCI\u00d3N<\/p>\n<p><strong>En la octava jornada, un d\u00eda despu\u00e9s de cumplir 16 a\u00f1os, el alem\u00e1n nacido en Camer\u00fan podr\u00eda debutar en la Bundesliga. Los detalles de un jugador listo para dejar su huella.<\/strong><\/p>\n<p>La Bundesliga es famosa por su producci\u00f3n de jugadores j\u00f3venes y algunos de los m\u00e1s grandes futbolistas del juego moderno han aprendido su oficio en las academias juveniles de la Bundesliga.<\/p>\n<p>La lista de jugadores habla por s\u00ed misma:\u00a0<strong>Leroy San\u00e9<\/strong>,\u00a0<strong>Leon Goretzka<\/strong>\u00a0y\u00a0<strong>Julian Draxler<\/strong>\u00a0son s\u00f3lo tres ejemplos del talento que lleg\u00f3 a trav\u00e9s de la academia juvenil del\u00a0<strong>FC Schalke 04<\/strong>\u00a0y que dio forma a la Bundesliga y al f\u00fatbol mundial.<br \/>\nOtros jugadores como\u00a0<strong>Serge Gnabry<\/strong>,\u00a0<strong>Timo Werner<\/strong>\u00a0y\u00a0<strong>Sami Khedira<\/strong>\u00a0formaron parte de las categor\u00edas inferiores del\u00a0<strong>VfB Stuttgart<\/strong>\u00a0y\u00a0<strong>Toni Kroos<\/strong>,\u00a0<strong>Emre Can<\/strong>\u00a0y\u00a0<strong>Thomas M\u00fcller<\/strong>\u00a0comenzaron su carrera en el equipo juvenil del\u00a0<strong>FC Bayern M\u00fcnchen<\/strong>.<\/p>\n<p>Con programas de desarrollo tan exitosos, no es de extra\u00f1ar que la Bundesliga sea un im\u00e1n para los talentos internacionales prometedores, y esto es igualmente cierto para el\u00a0<strong>Borussia Dortmund<\/strong>.<br \/>\nEn su actual plantilla, jugadores como\u00a0<strong>Erling Haaland<\/strong>,\u00a0<strong>Jadon Sancho<\/strong>,\u00a0<strong>Giovanni Reyna<\/strong>\u00a0y\u00a0<strong>Jude Bellingham<\/strong>\u00a0han respondido a la llamada de la Bundesliga y han aprovechado su oportunidad para demostrar su val\u00eda al m\u00e1s alto nivel.<\/p>\n<p><strong>El pr\u00f3ximo joven jugador que espera debutar en la Bundesliga es un delantero llamado Youssoufa Moukoko.<\/strong><\/p>\n<p>El internacional alem\u00e1n nacido en Camer\u00fan, que cumplir\u00e1 16 a\u00f1os el 20 de noviembre, lleva entren\u00e1ndose desde agosto con el primer plantel del Dortmund y podr\u00eda finalmente debutar en el partido de Bundesliga contra el Hertha de Berl\u00edn.<br \/>\nDado que el Borussia ha establecido una cultura de j\u00f3venes pioneros, es sorprendente la gran emoci\u00f3n que hay en torno a Moukoko, incluso antes de haber competido en la categor\u00eda m\u00e1s alta. Sin embargo, si se observan las estad\u00edsticas, queda claro que no se detendr\u00e1 ante rivales m\u00e1s veteranos en el campo.<\/p>\n<p><strong>Moukoko jug\u00f3 por primera vez con el equipo sub-17 del Borussia Dortmund a los 13 a\u00f1os, y con el sub-19 a los 14, y a\u00fan as\u00ed consigui\u00f3 dominar dentro del campo.<br \/>\nEn lo que va de 2020\/21, ha anotado al menos una tripleta en cada uno de sus tres partidos con el equipo sub-19 de Dortmund esta temporada.<br \/>\nEn todas las competiciones de la categor\u00eda juvenil, Moukoko ha marcado la incre\u00edble cifra de 141 goles en s\u00f3lo 88 partidos.<\/strong><\/p>\n<p><strong>&#8220;En mi primer entrenamiento me dije: &#8216;Wow, \u00bfc\u00f3mo termin\u00e9 aqu\u00ed?'&#8221;<\/strong>, coment\u00f3 a BVB TV.<br \/>\n<strong>&#8220;Pero no escucho lo que la gente opina de m\u00ed. Sigo mi propio camino. Quiero ayudar a mi equipo, por eso estoy aqu\u00ed&#8221;<\/strong>.<\/p>\n<p>Dado que Moukoko es un joven delantero en Dortmund, la comparaci\u00f3n con\u00a0<strong>Erling Haaland<\/strong>\u00a0es natural. El propio Haaland subraya que Moukoko es m\u00e1s fuerte de lo que era a su misma edad.<br \/>\nComo Haaland se\u00f1ala, Moukoko tiene una ventaja al haberse unido a Dortmund tan pronto:\u00a0<strong>&#8220;La ventaja para \u00e9l es que ya est\u00e1 jugando para Dortmund a la edad de 15 a\u00f1os. A su edad, yo todav\u00eda jugaba para mi ciudad natal de Bryne.&#8221;<\/strong><\/p>\n<p>Esto pone de manifiesto por qu\u00e9 los clubes de la Bundesliga son reverenciados por su desarrollo juvenil: se han convertido en el destino de j\u00f3venes talentos de todo el mundo que est\u00e1n ansiosos por dar el paso hacia el f\u00fatbol de alto nivel.<\/p>\n<p>[\/fusion_text][fusion_imageframe image_id=&#8221;37555|medium&#8221; max_width=&#8221;&#8221; style_type=&#8221;&#8221; blur=&#8221;&#8221; stylecolor=&#8221;&#8221; hover_type=&#8221;none&#8221; bordersize=&#8221;&#8221; bordercolor=&#8221;&#8221; borderradius=&#8221;&#8221; align=&#8221;none&#8221; lightbox=&#8221;no&#8221; gallery_id=&#8221;&#8221; lightbox_image=&#8221;&#8221; lightbox_image_id=&#8221;&#8221; alt=&#8221;&#8221; link=&#8221;&#8221; linktarget=&#8221;_self&#8221; hide_on_mobile=&#8221;small-visibility,medium-visibility,large-visibility&#8221; class=&#8221;&#8221; id=&#8221;&#8221; animation_type=&#8221;&#8221; animation_direction=&#8221;left&#8221; animation_speed=&#8221;0.3&#8243; animation_offset=&#8221;&#8221;]https:\/\/www.bitacoracdmx.com\/wp-content\/uploads\/2020\/11\/blob-38-300&#215;169.jpg[\/fusion_imageframe][\/fusion_builder_column][\/fusion_builder_row][\/fusion_builder_container]<\/p>\n","protected":false},"excerpt":{"rendered":"<p>[fusion_builder_container hundred_percent=&#8221;no&#8221; equal_height_columns=&#8221;no&#8221; menu_anchor=&#8221;&#8221; hide_on_mobile=&#8221;small-visibility,medium-visibility,large-visibility&#8221; class=&#8221;&#8221; id=&#8221;&#8221; background_color=&#8221;&#8221; background_image=&#8221;&#8221; background_position=&#8221;center center&#8221; background_repeat=&#8221;no-repeat&#8221; fade=&#8221;no&#8221; background_parallax=&#8221;none&#8221; parallax_speed=&#8221;0.3&#8243; video_mp4=&#8221;&#8221; video_webm=&#8221;&#8221; video_ogv=&#8221;&#8221; video_url=&#8221;&#8221; video_aspect_ratio=&#8221;16:9&#8243; video_loop=&#8221;yes&#8221; video_mute=&#8221;yes&#8221; overlay_color=&#8221;&#8221; video_preview_image=&#8221;&#8221; border_size=&#8221;&#8221; border_color=&#8221;&#8221; border_style=&#8221;solid&#8221; padding_top=&#8221;&#8221; padding_bottom=&#8221;&#8221; padding_left=&#8221;&#8221; padding_right=&#8221;&#8221;][fusion_builder_row][fusion_builder_column type=&#8221;1_1&#8243; layout=&#8221;1_1&#8243; background_position=&#8221;left top&#8221; background_color=&#8221;&#8221; border_size=&#8221;&#8221; border_color=&#8221;&#8221; border_style=&#8221;solid&#8221; border_position=&#8221;all&#8221; spacing=&#8221;yes&#8221; background_image=&#8221;&#8221; background_repeat=&#8221;no-repeat&#8221; padding_top=&#8221;&#8221; padding_right=&#8221;&#8221; padding_bottom=&#8221;&#8221; padding_left=&#8221;&#8221; margin_top=&#8221;0px&#8221; margin_bottom=&#8221;0px&#8221; class=&#8221;&#8221; id=&#8221;&#8221; animation_type=&#8221;&#8221; animation_speed=&#8221;0.3&#8243; animation_direction=&#8221;left&#8221; hide_on_mobile=&#8221;small-visibility,medium-visibility,large-visibility&#8221; center_content=&#8221;no&#8221; last=&#8221;no&#8221; min_height=&#8221;&#8221; hover_type=&#8221;none&#8221; link=&#8221;&#8221;][fusion_text] REDACCI\u00d3N En la octava jornada, un d\u00eda despu\u00e9s de cumplir 16 a\u00f1os, el alem\u00e1n nacido en Camer\u00fan podr\u00eda debutar en la Bundesliga. Los detalles de un jugador listo para dejar su huella. La Bundesliga es famosa por su producci\u00f3n de [&hellip;]<\/p>\n","protected":false},"author":1,"featured_media":37555,"comment_status":"open","ping_status":"open","sticky":false,"template":"","format":"standard","meta":{"footnotes":""},"categories":[6,9],"tags":[],"_links":{"self":[{"href":"https:\/\/www.bitacoracdmx.com\/index.php?rest_route=\/wp\/v2\/posts\/37554"}],"collection":[{"href":"https:\/\/www.bitacoracdmx.com\/index.php?rest_route=\/wp\/v2\/posts"}],"about":[{"href":"https:\/\/www.bitacoracdmx.com\/index.php?rest_route=\/wp\/v2\/types\/post"}],"author":[{"embeddable":true,"href":"https:\/\/www.bitacoracdmx.com\/index.php?rest_route=\/wp\/v2\/users\/1"}],"replies":[{"embeddable":true,"href":"https:\/\/www.bitacoracdmx.com\/index.php?rest_route=%2Fwp%2Fv2%2Fcomments&post=37554"}],"version-history":[{"count":1,"href":"https:\/\/www.bitacoracdmx.com\/index.php?rest_route=\/wp\/v2\/posts\/37554\/revisions"}],"predecessor-version":[{"id":37556,"href":"https:\/\/www.bitacoracdmx.com\/index.php?rest_route=\/wp\/v2\/posts\/37554\/revisions\/37556"}],"wp:featuredmedia":[{"embeddable":true,"href":"https:\/\/www.bitacoracdmx.com\/index.php?rest_route=\/wp\/v2\/media\/37555"}],"wp:attachment":[{"href":"https:\/\/www.bitacoracdmx.com\/index.php?rest_route=%2Fwp%2Fv2%2Fmedia&parent=37554"}],"wp:term":[{"taxonomy":"category","embeddable":true,"href":"https:\/\/www.bitacoracdmx.com\/index.php?rest_route=%2Fwp%2Fv2%2Fcategories&post=37554"},{"taxonomy":"post_tag","embeddable":true,"href":"https:\/\/www.bitacoracdmx.com\/index.php?rest_route=%2Fwp%2Fv2%2Ftags&post=37554"}],"curies":[{"name":"wp","href":"https:\/\/api.w.org\/{rel}","templated":true}]}}