{"id":37592,"date":"2020-11-20T03:30:08","date_gmt":"2020-11-20T03:30:08","guid":{"rendered":"https:\/\/www.bitacoracdmx.com\/?p=37592"},"modified":"2020-11-20T03:30:08","modified_gmt":"2020-11-20T03:30:08","slug":"la-muestra-nacional-de-teatro-hara-una-escala-este-ano-para-celebrar-su-proxima-edicion-en-2021","status":"publish","type":"post","link":"https:\/\/www.bitacoracdmx.com\/?p=37592","title":{"rendered":"La Muestra Nacional de Teatro har\u00e1 una Escala este a\u00f1o para celebrar su pr\u00f3xima edici\u00f3n en 2021."},"content":{"rendered":"<p>[fusion_builder_container hundred_percent=&#8221;no&#8221; equal_height_columns=&#8221;no&#8221; menu_anchor=&#8221;&#8221; hide_on_mobile=&#8221;small-visibility,medium-visibility,large-visibility&#8221; class=&#8221;&#8221; id=&#8221;&#8221; background_color=&#8221;&#8221; background_image=&#8221;&#8221; background_position=&#8221;center center&#8221; background_repeat=&#8221;no-repeat&#8221; fade=&#8221;no&#8221; background_parallax=&#8221;none&#8221; parallax_speed=&#8221;0.3&#8243; video_mp4=&#8221;&#8221; video_webm=&#8221;&#8221; video_ogv=&#8221;&#8221; video_url=&#8221;&#8221; video_aspect_ratio=&#8221;16:9&#8243; video_loop=&#8221;yes&#8221; video_mute=&#8221;yes&#8221; overlay_color=&#8221;&#8221; video_preview_image=&#8221;&#8221; border_size=&#8221;&#8221; border_color=&#8221;&#8221; border_style=&#8221;solid&#8221; padding_top=&#8221;&#8221; padding_bottom=&#8221;&#8221; padding_left=&#8221;&#8221; padding_right=&#8221;&#8221;][fusion_builder_row][fusion_builder_column type=&#8221;1_1&#8243; layout=&#8221;1_1&#8243; background_position=&#8221;left top&#8221; background_color=&#8221;&#8221; border_size=&#8221;&#8221; border_color=&#8221;&#8221; border_style=&#8221;solid&#8221; border_position=&#8221;all&#8221; spacing=&#8221;yes&#8221; background_image=&#8221;&#8221; background_repeat=&#8221;no-repeat&#8221; padding_top=&#8221;&#8221; padding_right=&#8221;&#8221; padding_bottom=&#8221;&#8221; padding_left=&#8221;&#8221; margin_top=&#8221;0px&#8221; margin_bottom=&#8221;0px&#8221; class=&#8221;&#8221; id=&#8221;&#8221; animation_type=&#8221;&#8221; animation_speed=&#8221;0.3&#8243; animation_direction=&#8221;left&#8221; hide_on_mobile=&#8221;small-visibility,medium-visibility,large-visibility&#8221; center_content=&#8221;no&#8221; last=&#8221;no&#8221; min_height=&#8221;&#8221; hover_type=&#8221;none&#8221; link=&#8221;&#8221;][fusion_text]<\/p>\n<p>REDACCI\u00d3N<\/p>\n<p>\u00b7 Del 1 al 6 de diciembre, la Coordinaci\u00f3n Nacional de Teatro del INBAL realizar\u00e1 un encuentro digital que dar\u00e1 rumbo a la pr\u00f3xima edici\u00f3n de la MNT<\/p>\n<p>La Secretar\u00eda de Cultura del Gobierno de M\u00e9xico y el Instituto Nacional de Bellas Artes y Literatura (INBAL) informan que la Coordinaci\u00f3n Nacional de Teatro realizar\u00e1 el encuentro digital Escala 2020 rumbo a la 41 Muestra Nacional de Teatro, del 1 al 6 de diciembre, con el objetivo de perfilar y replantear el camino de la pr\u00f3xima edici\u00f3n del encuentro teatral m\u00e1s importante del pa\u00eds.<\/p>\n<p>En el marco de la campa\u00f1a \u201cContigo en la distancia\u201d, para contribuir a esto ha sido seleccionado un grupo de creadoras y creadores esc\u00e9nicos que cuentan con perfiles diversos y una visi\u00f3n propia del quehacer teatral nacional, quienes son parte de la Direcci\u00f3n Art\u00edstica de la 41 Muestra Nacional de Teatro (MNT): H\u00e9ctor Bourges, director de escena capitalino, cuyas propuestas se caracterizan por una visi\u00f3n contempor\u00e1nea y conceptual de las nuevas teatralidades; M\u00f3nica Hoth, dramaturga y gestora afincada en San Miguel Allende, Guanajuato, quien se ha destacado por aportar una visi\u00f3n po\u00e9tica, cr\u00edtica y con perspectiva social al teatro dirigido a ni\u00f1as, ni\u00f1os y j\u00f3venes; Ariadna Medina, directora, actriz y productora yucateca especializada en la escena contempor\u00e1nea con un marcado acento social; y Daniel Serrano, dramaturgo, director, actor y docente que reside en Tijuana, Baja California, con amplia trayectoria en las artes esc\u00e9nicas mexicanas.<\/p>\n<p>A lo largo de 40 ediciones, la Muestra Nacional de Teatro se ha consolidado como un espacio de intercambio y di\u00e1logo sobre po\u00e9ticas y ejes tem\u00e1ticos y est\u00e9ticos entre las y los creadores, cr\u00edticos, especialistas, gestores y programadores nacionales y extranjeros. Es alrededor de puestas en escena de distintas compa\u00f1\u00edas y agrupaciones teatrales de todo el pa\u00eds que se desarrollan mesas de reflexi\u00f3n, conferencias, exposiciones, libros y actividades acad\u00e9micas o de educaci\u00f3n continua, con el fin de asegurar la presencia y crecimiento de las y los profesionales del teatro y la escena nacional. La MNT se celebrar\u00eda este a\u00f1o en Yucat\u00e1n; sin embargo, por la situaci\u00f3n derivada por la pandemia, la entidad no podr\u00e1 albergar el encuentro esc\u00e9nico este a\u00f1o o el pr\u00f3ximo.<\/p>\n<p>Estructura de la Escala 2020<\/p>\n<p>Teniendo como prioridad preservar la salud de la comunidad teatral y del p\u00fablico en general, la Coordinaci\u00f3n Nacional de Teatro y la Direcci\u00f3n Art\u00edstica har\u00e1n una escala para reflexionar sobre la evoluci\u00f3n de la Muestra y las propuestas que est\u00e1n trabajando hoy las agrupaciones y compa\u00f1\u00edas.<\/p>\n<p>Mediante la Escala 2020 rumbo a la 41 Muestra Nacional de Teatro se realizar\u00e1n Di\u00e1logos sobre la escena, que abordar\u00e1n de una manera din\u00e1mica e interactiva temas diversos: Nuevos modelos de producci\u00f3n y creaci\u00f3n durante la pandemia, Teatro para, con y desde la comunidad, Virtualidad y teatro para infancias y adolescencias, Ensayos y especulaciones sobre teatro y cosmopol\u00edtica.<\/p>\n<p>Con el objetivo de enriquecer estas disertaciones se invitar\u00e1 a personalidades del \u00e1mbito teatral nacional e internacional, en el \u00e1nimo de nutrir la visi\u00f3n esc\u00e9nica mediante reuniones digitales bajo el nombre: Otra mirada.<\/p>\n<p>La Coordinaci\u00f3n y la Direcci\u00f3n Art\u00edstica se reunir\u00e1n con especialistas para discutir y perfilar mecanismos que fortalezcan la pr\u00e1ctica del teatro en el pa\u00eds, al tiempo que se delinear\u00e1 la estructura, convocatoria y ejes tem\u00e1ticos de la pr\u00f3xima edici\u00f3n de la Muestra mediante los Di\u00e1logos rumbo a la 41 MNT.<\/p>\n<p>Para crear una memoria colectiva audiovisual sobre el impacto que ha tenido la MNT durante estos a\u00f1os en la comunidad teatral, este a\u00f1o se invit\u00f3 a una diversidad de artistas a compartir sus experiencias y an\u00e9cdotas significativas en torno a ediciones pasadas. Estos testimonios formar\u00e1n parte de la iniciativa Memorias po\u00e9ticas, la cual se conforma por breves c\u00e1psulas de video que ser\u00e1n transmitidas a lo largo de la programaci\u00f3n de la Escala 2020 rumbo a la 41 Muestra Nacional de Teatro.<\/p>\n<p>Durante esta semana tambi\u00e9n se rendir\u00e1 homenaje a Juan Tovar, Jos\u00e9 Luis Ib\u00e1\u00f1ez y Juli\u00e1n Guajardo, personalidades que dejaron huella en la comunidad teatral de nuestro pa\u00eds.<\/p>\n<p>A estas actividades se suma el taller C\u00f3mo aplicar al est\u00edmulo fiscal Efiteatro, con la finalidad de que la comunidad teatral conozca los procedimientos necesarios para presentar un proyecto susceptible de ser beneficiado a trav\u00e9s de este est\u00edmulo.<\/p>\n<p>M\u00e1s informaci\u00f3n<\/p>\n<p>Te invitamos a mantenerte informado a trav\u00e9s del sitio web: teatro.inba.gob.mx y de las redes sociales de la Coordinaci\u00f3n Nacional de Teatro del INBAL: @teatroinbal en Facebook.<\/p>\n<p>Se pueden seguir las redes sociales del INBAL en Instagram (@INBAMX), Facebook (\/INBAmx), y Twitter (@bellasartesinba).<\/p>\n<p>Sigue las redes sociales de la Secretar\u00eda de Cultura en Twitter (@cultura_mx), Facebook (\/SecretariaCulturaMX) e Instagram (@culturamx).<\/p>\n<p>[\/fusion_text][fusion_gallery layout=&#8221;&#8221; picture_size=&#8221;&#8221; columns=&#8221;&#8221; column_spacing=&#8221;10&#8243; gallery_masonry_grid_ratio=&#8221;&#8221; gallery_masonry_width_double=&#8221;&#8221; hover_type=&#8221;&#8221; lightbox=&#8221;yes&#8221; lightbox_content=&#8221;&#8221; bordersize=&#8221;&#8221; bordercolor=&#8221;&#8221; border_radius=&#8221;&#8221; hide_on_mobile=&#8221;small-visibility,medium-visibility,large-visibility&#8221; class=&#8221;&#8221; id=&#8221;&#8221;][fusion_gallery_image image=&#8221;https:\/\/www.bitacoracdmx.com\/wp-content\/uploads\/2020\/11\/Imagen-Facebook2-300&#215;132.jpg&#8221; image_id=&#8221;37593|medium&#8221; link=&#8221;&#8221; linktarget=&#8221;_self&#8221; \/][fusion_gallery_image image=&#8221;https:\/\/www.bitacoracdmx.com\/wp-content\/uploads\/2020\/11\/La-vieja-rabiosa-del-norte-3-300&#215;200.jpg&#8221; image_id=&#8221;37594|medium&#8221; link=&#8221;&#8221; linktarget=&#8221;_self&#8221; \/][fusion_gallery_image image=&#8221;https:\/\/www.bitacoracdmx.com\/wp-content\/uploads\/2020\/11\/La-vieja-rabiosa-del-norte-2-300&#215;200.jpg&#8221; image_id=&#8221;37595|medium&#8221; link=&#8221;&#8221; linktarget=&#8221;_self&#8221; \/][fusion_gallery_image image=&#8221;https:\/\/www.bitacoracdmx.com\/wp-content\/uploads\/2020\/11\/Inauguracion-40-MNT-2-300&#215;200.jpg&#8221; image_id=&#8221;37596|medium&#8221; link=&#8221;&#8221; linktarget=&#8221;_self&#8221; \/][fusion_gallery_image image=&#8221;https:\/\/www.bitacoracdmx.com\/wp-content\/uploads\/2020\/11\/Inauguracion-40-MNT-1-300&#215;200.jpg&#8221; image_id=&#8221;37597|medium&#8221; link=&#8221;&#8221; linktarget=&#8221;_self&#8221; \/][\/fusion_gallery][\/fusion_builder_column][\/fusion_builder_row][\/fusion_builder_container]<\/p>\n","protected":false},"excerpt":{"rendered":"<p>[fusion_builder_container hundred_percent=&#8221;no&#8221; equal_height_columns=&#8221;no&#8221; menu_anchor=&#8221;&#8221; hide_on_mobile=&#8221;small-visibility,medium-visibility,large-visibility&#8221; class=&#8221;&#8221; id=&#8221;&#8221; background_color=&#8221;&#8221; background_image=&#8221;&#8221; background_position=&#8221;center center&#8221; background_repeat=&#8221;no-repeat&#8221; fade=&#8221;no&#8221; background_parallax=&#8221;none&#8221; parallax_speed=&#8221;0.3&#8243; video_mp4=&#8221;&#8221; video_webm=&#8221;&#8221; video_ogv=&#8221;&#8221; video_url=&#8221;&#8221; video_aspect_ratio=&#8221;16:9&#8243; video_loop=&#8221;yes&#8221; video_mute=&#8221;yes&#8221; overlay_color=&#8221;&#8221; video_preview_image=&#8221;&#8221; border_size=&#8221;&#8221; border_color=&#8221;&#8221; border_style=&#8221;solid&#8221; padding_top=&#8221;&#8221; padding_bottom=&#8221;&#8221; padding_left=&#8221;&#8221; padding_right=&#8221;&#8221;][fusion_builder_row][fusion_builder_column type=&#8221;1_1&#8243; layout=&#8221;1_1&#8243; background_position=&#8221;left top&#8221; background_color=&#8221;&#8221; border_size=&#8221;&#8221; border_color=&#8221;&#8221; border_style=&#8221;solid&#8221; border_position=&#8221;all&#8221; spacing=&#8221;yes&#8221; background_image=&#8221;&#8221; background_repeat=&#8221;no-repeat&#8221; padding_top=&#8221;&#8221; padding_right=&#8221;&#8221; padding_bottom=&#8221;&#8221; padding_left=&#8221;&#8221; margin_top=&#8221;0px&#8221; margin_bottom=&#8221;0px&#8221; class=&#8221;&#8221; id=&#8221;&#8221; animation_type=&#8221;&#8221; animation_speed=&#8221;0.3&#8243; animation_direction=&#8221;left&#8221; hide_on_mobile=&#8221;small-visibility,medium-visibility,large-visibility&#8221; center_content=&#8221;no&#8221; last=&#8221;no&#8221; min_height=&#8221;&#8221; hover_type=&#8221;none&#8221; link=&#8221;&#8221;][fusion_text] REDACCI\u00d3N \u00b7 Del 1 al 6 de diciembre, la Coordinaci\u00f3n Nacional de Teatro del INBAL realizar\u00e1 un encuentro digital que dar\u00e1 rumbo a la pr\u00f3xima edici\u00f3n de la MNT La Secretar\u00eda de Cultura del Gobierno de M\u00e9xico y el Instituto [&hellip;]<\/p>\n","protected":false},"author":1,"featured_media":37593,"comment_status":"open","ping_status":"open","sticky":false,"template":"","format":"standard","meta":{"footnotes":""},"categories":[9,14],"tags":[],"_links":{"self":[{"href":"https:\/\/www.bitacoracdmx.com\/index.php?rest_route=\/wp\/v2\/posts\/37592"}],"collection":[{"href":"https:\/\/www.bitacoracdmx.com\/index.php?rest_route=\/wp\/v2\/posts"}],"about":[{"href":"https:\/\/www.bitacoracdmx.com\/index.php?rest_route=\/wp\/v2\/types\/post"}],"author":[{"embeddable":true,"href":"https:\/\/www.bitacoracdmx.com\/index.php?rest_route=\/wp\/v2\/users\/1"}],"replies":[{"embeddable":true,"href":"https:\/\/www.bitacoracdmx.com\/index.php?rest_route=%2Fwp%2Fv2%2Fcomments&post=37592"}],"version-history":[{"count":1,"href":"https:\/\/www.bitacoracdmx.com\/index.php?rest_route=\/wp\/v2\/posts\/37592\/revisions"}],"predecessor-version":[{"id":37598,"href":"https:\/\/www.bitacoracdmx.com\/index.php?rest_route=\/wp\/v2\/posts\/37592\/revisions\/37598"}],"wp:featuredmedia":[{"embeddable":true,"href":"https:\/\/www.bitacoracdmx.com\/index.php?rest_route=\/wp\/v2\/media\/37593"}],"wp:attachment":[{"href":"https:\/\/www.bitacoracdmx.com\/index.php?rest_route=%2Fwp%2Fv2%2Fmedia&parent=37592"}],"wp:term":[{"taxonomy":"category","embeddable":true,"href":"https:\/\/www.bitacoracdmx.com\/index.php?rest_route=%2Fwp%2Fv2%2Fcategories&post=37592"},{"taxonomy":"post_tag","embeddable":true,"href":"https:\/\/www.bitacoracdmx.com\/index.php?rest_route=%2Fwp%2Fv2%2Ftags&post=37592"}],"curies":[{"name":"wp","href":"https:\/\/api.w.org\/{rel}","templated":true}]}}