{"id":37599,"date":"2020-11-24T02:39:05","date_gmt":"2020-11-24T02:39:05","guid":{"rendered":"https:\/\/www.bitacoracdmx.com\/?p=37599"},"modified":"2020-11-24T02:39:05","modified_gmt":"2020-11-24T02:39:05","slug":"thomas-muller-habla-sobre-el-gran-presente-del-bayern-en-2020","status":"publish","type":"post","link":"https:\/\/www.bitacoracdmx.com\/?p=37599","title":{"rendered":"Thomas M\u00fcller habla sobre el gran presente del Bayern en 2020."},"content":{"rendered":"<p>[fusion_builder_container hundred_percent=&#8221;no&#8221; equal_height_columns=&#8221;no&#8221; menu_anchor=&#8221;&#8221; hide_on_mobile=&#8221;small-visibility,medium-visibility,large-visibility&#8221; class=&#8221;&#8221; id=&#8221;&#8221; background_color=&#8221;&#8221; background_image=&#8221;&#8221; background_position=&#8221;center center&#8221; background_repeat=&#8221;no-repeat&#8221; fade=&#8221;no&#8221; background_parallax=&#8221;none&#8221; parallax_speed=&#8221;0.3&#8243; video_mp4=&#8221;&#8221; video_webm=&#8221;&#8221; video_ogv=&#8221;&#8221; video_url=&#8221;&#8221; video_aspect_ratio=&#8221;16:9&#8243; video_loop=&#8221;yes&#8221; video_mute=&#8221;yes&#8221; overlay_color=&#8221;&#8221; video_preview_image=&#8221;&#8221; border_size=&#8221;&#8221; border_color=&#8221;&#8221; border_style=&#8221;solid&#8221; padding_top=&#8221;&#8221; padding_bottom=&#8221;&#8221; padding_left=&#8221;&#8221; padding_right=&#8221;&#8221;][fusion_builder_row][fusion_builder_column type=&#8221;1_1&#8243; layout=&#8221;1_1&#8243; background_position=&#8221;left top&#8221; background_color=&#8221;&#8221; border_size=&#8221;&#8221; border_color=&#8221;&#8221; border_style=&#8221;solid&#8221; border_position=&#8221;all&#8221; spacing=&#8221;yes&#8221; background_image=&#8221;&#8221; background_repeat=&#8221;no-repeat&#8221; padding_top=&#8221;&#8221; padding_right=&#8221;&#8221; padding_bottom=&#8221;&#8221; padding_left=&#8221;&#8221; margin_top=&#8221;0px&#8221; margin_bottom=&#8221;0px&#8221; class=&#8221;&#8221; id=&#8221;&#8221; animation_type=&#8221;&#8221; animation_speed=&#8221;0.3&#8243; animation_direction=&#8221;left&#8221; hide_on_mobile=&#8221;small-visibility,medium-visibility,large-visibility&#8221; center_content=&#8221;no&#8221; last=&#8221;no&#8221; min_height=&#8221;&#8221; hover_type=&#8221;none&#8221; link=&#8221;&#8221;][fusion_text]<\/p>\n<p>REDACCI\u00d3N<\/p>\n<p><strong>El veterano Thomas M\u00fcller, uno de los grandes jugadores de Alemania con una gran carrera, es uno de los m\u00e1s destacados del Bayern de M\u00fanich. Con el alem\u00e1n en gran forma, los b\u00e1varos han ganado todos los t\u00edtulos que han jugado en la \u00faltima temporada y siguen teniendo un buen rendimiento.<\/strong><\/p>\n<p>M\u00fcller habl\u00f3 en una entrevista con la Bundesliga sobre los secretos del Bayern, los grandes momentos de la hist\u00f3rica temporada, la relaci\u00f3n con el entrenador Hansi Flick y destac\u00f3 el reconocimiento que el equipo ha recibido esta temporada.<\/p>\n<p><strong>Bundesliga &#8211; \u00bfQu\u00e9 es lo que hace que el Bayern 2020 se distinga del resto?<\/strong><\/p>\n<p>Thomas M\u00fcller &#8211; &#8220;Algunos \u00eddolos recibieron esa pregunta en un video de Youtube y Mario G\u00f3mez, que era un gran \u00eddolo, habl\u00f3 muy bien. Dijo que los jugadores siempre van en contra del error. Eso resume nuestra historia de \u00e9xito en 2020 y nos hace sobresalir del resto.<strong>\u00a0Por supuesto, tambi\u00e9n tenemos las cualidades necesarias para el \u00e9xito como talento y calidad para jugar al f\u00fatbol.<\/strong>&#8221;<\/p>\n<p><strong>Bundesliga &#8211; \u00bfQu\u00e9 papel juega Hansi Flick en la actuaci\u00f3n del equipo y, personalmente, para usted?<\/strong><\/p>\n<p>Thomas M\u00fcller &#8211; &#8220;Todo el mundo ha sido valorado, tanto el equipo como yo hemos crecido mucho desde que Hansi se hizo cargo. He jugado durante mucho tiempo y he podido rendir muy bien en nuestro camino, tanto por el t\u00edtulo como por todos los \u00e9xitos que hemos logrado como equipo.<br \/>\n<strong>Hansi ha jugado un papel clave en eso,<\/strong>\u00a0especialmente en mi posicionamiento en el campo y mi papel en el equipo. Tenemos una fuerte conexi\u00f3n, pero eso s\u00f3lo funciona si seguimos ganando como equipo y yo sigo rindiendo bien.&#8221;<\/p>\n<p><strong>Bundesliga &#8211; \u00bfC\u00f3mo fue su preparaci\u00f3n para el gran \u00e9xito de la segunda mitad de la temporada?<\/strong><\/p>\n<p>Thomas M\u00fcller &#8211; &#8220;Jugamos fenomenalmente bien en la segunda mitad de la temporada. Creo que tuvimos, estad\u00edsticamente,\u00a0<strong>la mejor segunda mitad de la temporada en la historia de la Bundesliga.<\/strong><br \/>\nCrecimos semana a semana, dominando a nuestros oponentes y no dejamos que nada se interponga en nuestro camino. S\u00f3lo tuvimos un empate y obtuvimos buenas actuaciones en todos los partidos.&#8221;<\/p>\n<p><strong>Bundesliga &#8211; \u00bfQu\u00e9 importancia tienen los partidos contra el Dortmund?<\/strong><\/p>\n<p>Thomas M\u00fcller &#8211; &#8220;Fue muy importante cuando ganamos 1-0 en Dortmund en la Bundesliga. Los vencimos en los \u00faltimos partidos, pero estaban casi todos muy apretados. Siempre es dif\u00edcil jugar con ellos porque tienen un muy buen equipo y tambi\u00e9n han tenido una buena segunda mitad de la temporada.<br \/>\nEl nuestro era un poco mejor, lo que fue suficiente para ganar la Bundesliga al final de la temporada pasada.\u00a0<strong>Pero tuvimos que pasar por Dortmund y nos fue bien.<\/strong>\u00a0Fue un gran gol de Joshua Kimmich y ese fue el punto decisivo en la carrera por el t\u00edtulo.&#8221;<\/p>\n<p><strong>Bundesliga &#8211; \u00bfAlg\u00fan compa\u00f1ero de equipo te sorprendi\u00f3 ese a\u00f1o?<\/strong><\/p>\n<p>Thomas M\u00fcller &#8211; &#8220;Tuvimos muchos jugadores que lo hicieron bien al m\u00e1s alto nivel, as\u00ed que no es sorprendente que no s\u00f3lo gan\u00e1ramos t\u00edtulos, sino que todos nos reconocieran. Incluso durante la exitosa campa\u00f1a de 2013, no puedo recordar a tantos jugadores del Bayern exaltados y premiados, como Robert Lewandowski, que fue el Jugador Europeo del A\u00f1o.<br \/>\nAunque Franck Ribery fuera elegido en 2013, no recuerdo que se celebrara a tantos jugadores como ahora.\u00a0<strong>Esto demuestra que hemos creado un punto de referencia en muchas partes del campo, como Alphonso Davies, que sorprendi\u00f3 e impresion\u00f3 a todos la temporada pasada. Fue muy especial.<\/strong>&#8221;<\/p>\n<p><strong>Bundesliga &#8211; \u00bfQu\u00e9 se siente al ser uno de los jugadores experimentados del equipo?<\/strong><\/p>\n<p>Thomas M\u00fcller &#8211; &#8220;Es muy agradable y tambi\u00e9n una gran responsabilidad cada d\u00eda. Si est\u00e1s en alg\u00fan lugar durante mucho tiempo, quieres asegurarte de que las cosas van bien, pero necesitas el apoyo de tus compa\u00f1eros si tenemos alg\u00fan problema y asegurarte de que vamos en la direcci\u00f3n correcta.\u00a0<strong>Pero es muy divertido.<\/strong>&#8221;<\/p>\n<p>[\/fusion_text][fusion_imageframe image_id=&#8221;37600|medium&#8221; max_width=&#8221;&#8221; style_type=&#8221;&#8221; blur=&#8221;&#8221; stylecolor=&#8221;&#8221; hover_type=&#8221;none&#8221; bordersize=&#8221;&#8221; bordercolor=&#8221;&#8221; borderradius=&#8221;&#8221; align=&#8221;none&#8221; lightbox=&#8221;no&#8221; gallery_id=&#8221;&#8221; lightbox_image=&#8221;&#8221; lightbox_image_id=&#8221;&#8221; alt=&#8221;&#8221; link=&#8221;&#8221; linktarget=&#8221;_self&#8221; hide_on_mobile=&#8221;small-visibility,medium-visibility,large-visibility&#8221; class=&#8221;&#8221; id=&#8221;&#8221; animation_type=&#8221;&#8221; animation_direction=&#8221;left&#8221; animation_speed=&#8221;0.3&#8243; animation_offset=&#8221;&#8221;]https:\/\/www.bitacoracdmx.com\/wp-content\/uploads\/2020\/11\/blob-43-300&#215;169.jpg[\/fusion_imageframe][\/fusion_builder_column][\/fusion_builder_row][\/fusion_builder_container]<\/p>\n","protected":false},"excerpt":{"rendered":"<p>[fusion_builder_container hundred_percent=&#8221;no&#8221; equal_height_columns=&#8221;no&#8221; menu_anchor=&#8221;&#8221; hide_on_mobile=&#8221;small-visibility,medium-visibility,large-visibility&#8221; class=&#8221;&#8221; id=&#8221;&#8221; background_color=&#8221;&#8221; background_image=&#8221;&#8221; background_position=&#8221;center center&#8221; background_repeat=&#8221;no-repeat&#8221; fade=&#8221;no&#8221; background_parallax=&#8221;none&#8221; parallax_speed=&#8221;0.3&#8243; video_mp4=&#8221;&#8221; video_webm=&#8221;&#8221; video_ogv=&#8221;&#8221; video_url=&#8221;&#8221; video_aspect_ratio=&#8221;16:9&#8243; video_loop=&#8221;yes&#8221; video_mute=&#8221;yes&#8221; overlay_color=&#8221;&#8221; video_preview_image=&#8221;&#8221; border_size=&#8221;&#8221; border_color=&#8221;&#8221; border_style=&#8221;solid&#8221; padding_top=&#8221;&#8221; padding_bottom=&#8221;&#8221; padding_left=&#8221;&#8221; padding_right=&#8221;&#8221;][fusion_builder_row][fusion_builder_column type=&#8221;1_1&#8243; layout=&#8221;1_1&#8243; background_position=&#8221;left top&#8221; background_color=&#8221;&#8221; border_size=&#8221;&#8221; border_color=&#8221;&#8221; border_style=&#8221;solid&#8221; border_position=&#8221;all&#8221; spacing=&#8221;yes&#8221; background_image=&#8221;&#8221; background_repeat=&#8221;no-repeat&#8221; padding_top=&#8221;&#8221; padding_right=&#8221;&#8221; padding_bottom=&#8221;&#8221; padding_left=&#8221;&#8221; margin_top=&#8221;0px&#8221; margin_bottom=&#8221;0px&#8221; class=&#8221;&#8221; id=&#8221;&#8221; animation_type=&#8221;&#8221; animation_speed=&#8221;0.3&#8243; animation_direction=&#8221;left&#8221; hide_on_mobile=&#8221;small-visibility,medium-visibility,large-visibility&#8221; center_content=&#8221;no&#8221; last=&#8221;no&#8221; min_height=&#8221;&#8221; hover_type=&#8221;none&#8221; link=&#8221;&#8221;][fusion_text] REDACCI\u00d3N El veterano Thomas M\u00fcller, uno de los grandes jugadores de Alemania con una gran carrera, es uno de los m\u00e1s destacados del Bayern de M\u00fanich. Con el alem\u00e1n en gran forma, los b\u00e1varos han ganado todos los t\u00edtulos que [&hellip;]<\/p>\n","protected":false},"author":1,"featured_media":37600,"comment_status":"open","ping_status":"open","sticky":false,"template":"","format":"standard","meta":{"footnotes":""},"categories":[6,9],"tags":[],"_links":{"self":[{"href":"https:\/\/www.bitacoracdmx.com\/index.php?rest_route=\/wp\/v2\/posts\/37599"}],"collection":[{"href":"https:\/\/www.bitacoracdmx.com\/index.php?rest_route=\/wp\/v2\/posts"}],"about":[{"href":"https:\/\/www.bitacoracdmx.com\/index.php?rest_route=\/wp\/v2\/types\/post"}],"author":[{"embeddable":true,"href":"https:\/\/www.bitacoracdmx.com\/index.php?rest_route=\/wp\/v2\/users\/1"}],"replies":[{"embeddable":true,"href":"https:\/\/www.bitacoracdmx.com\/index.php?rest_route=%2Fwp%2Fv2%2Fcomments&post=37599"}],"version-history":[{"count":1,"href":"https:\/\/www.bitacoracdmx.com\/index.php?rest_route=\/wp\/v2\/posts\/37599\/revisions"}],"predecessor-version":[{"id":37601,"href":"https:\/\/www.bitacoracdmx.com\/index.php?rest_route=\/wp\/v2\/posts\/37599\/revisions\/37601"}],"wp:featuredmedia":[{"embeddable":true,"href":"https:\/\/www.bitacoracdmx.com\/index.php?rest_route=\/wp\/v2\/media\/37600"}],"wp:attachment":[{"href":"https:\/\/www.bitacoracdmx.com\/index.php?rest_route=%2Fwp%2Fv2%2Fmedia&parent=37599"}],"wp:term":[{"taxonomy":"category","embeddable":true,"href":"https:\/\/www.bitacoracdmx.com\/index.php?rest_route=%2Fwp%2Fv2%2Fcategories&post=37599"},{"taxonomy":"post_tag","embeddable":true,"href":"https:\/\/www.bitacoracdmx.com\/index.php?rest_route=%2Fwp%2Fv2%2Ftags&post=37599"}],"curies":[{"name":"wp","href":"https:\/\/api.w.org\/{rel}","templated":true}]}}