{"id":37608,"date":"2020-11-24T02:59:11","date_gmt":"2020-11-24T02:59:11","guid":{"rendered":"https:\/\/www.bitacoracdmx.com\/?p=37608"},"modified":"2020-11-24T02:59:11","modified_gmt":"2020-11-24T02:59:11","slug":"en-el-mes-del-patrimonio-alcaldia-alvaro-obregon-lanza-la-aplicacion-movil-aoturismo","status":"publish","type":"post","link":"https:\/\/www.bitacoracdmx.com\/?p=37608","title":{"rendered":"En el Mes del Patrimonio, alcald\u00eda \u00c1lvaro Obreg\u00f3n lanza la aplicaci\u00f3n m\u00f3vil AOTurismo."},"content":{"rendered":"<p>[fusion_builder_container hundred_percent=&#8221;no&#8221; equal_height_columns=&#8221;no&#8221; menu_anchor=&#8221;&#8221; hide_on_mobile=&#8221;small-visibility,medium-visibility,large-visibility&#8221; class=&#8221;&#8221; id=&#8221;&#8221; background_color=&#8221;&#8221; background_image=&#8221;&#8221; background_position=&#8221;center center&#8221; background_repeat=&#8221;no-repeat&#8221; fade=&#8221;no&#8221; background_parallax=&#8221;none&#8221; parallax_speed=&#8221;0.3&#8243; video_mp4=&#8221;&#8221; video_webm=&#8221;&#8221; video_ogv=&#8221;&#8221; video_url=&#8221;&#8221; video_aspect_ratio=&#8221;16:9&#8243; video_loop=&#8221;yes&#8221; video_mute=&#8221;yes&#8221; overlay_color=&#8221;&#8221; video_preview_image=&#8221;&#8221; border_size=&#8221;&#8221; border_color=&#8221;&#8221; border_style=&#8221;solid&#8221; padding_top=&#8221;&#8221; padding_bottom=&#8221;&#8221; padding_left=&#8221;&#8221; padding_right=&#8221;&#8221;][fusion_builder_row][fusion_builder_column type=&#8221;1_1&#8243; layout=&#8221;1_1&#8243; background_position=&#8221;left top&#8221; background_color=&#8221;&#8221; border_size=&#8221;&#8221; border_color=&#8221;&#8221; border_style=&#8221;solid&#8221; border_position=&#8221;all&#8221; spacing=&#8221;yes&#8221; background_image=&#8221;&#8221; background_repeat=&#8221;no-repeat&#8221; padding_top=&#8221;&#8221; padding_right=&#8221;&#8221; padding_bottom=&#8221;&#8221; padding_left=&#8221;&#8221; margin_top=&#8221;0px&#8221; margin_bottom=&#8221;0px&#8221; class=&#8221;&#8221; id=&#8221;&#8221; animation_type=&#8221;&#8221; animation_speed=&#8221;0.3&#8243; animation_direction=&#8221;left&#8221; hide_on_mobile=&#8221;small-visibility,medium-visibility,large-visibility&#8221; center_content=&#8221;no&#8221; last=&#8221;no&#8221; min_height=&#8221;&#8221; hover_type=&#8221;none&#8221; link=&#8221;&#8221;][fusion_text]<\/p>\n<p>REDACCI\u00d3N<\/p>\n<p class=\"x_s10\"><span class=\"x_s9\"><span class=\"x_bumpedFont15\">La<\/span><\/span><span class=\"x_s9\"><span class=\"x_bumpedFont15\">\u00a0<\/span><\/span><span class=\"x_s4\"><span class=\"x_bumpedFont15\">encargada de despacho de la<\/span><\/span><span class=\"x_s9\"><span class=\"x_bumpedFont15\">\u00a0<\/span><\/span><span class=\"x_s4\"><span class=\"x_bumpedFont15\">Secretar\u00eda de Cultura de la Ciudad de M\u00e9xico<\/span><\/span><span class=\"x_s9\"><span class=\"x_bumpedFont15\">,<\/span><\/span><span class=\"x_s9\"><span class=\"x_bumpedFont15\">\u00a0<\/span><\/span><span class=\"x_s4\"><span class=\"x_bumpedFont15\">Guadalupe Lozada\u00a0<\/span><\/span><span class=\"x_s4\"><span class=\"x_bumpedFont15\">Le\u00f3n<\/span><\/span><span class=\"x_s9\"><span class=\"x_bumpedFont15\">,\u00a0<\/span><\/span><span class=\"x_s9\"><span class=\"x_bumpedFont15\">acompa\u00f1\u00f3 este viernes a la alcaldesa de \u00c1lvaro Obreg\u00f3n,\u00a0<\/span><\/span><span class=\"x_s9\"><span class=\"x_bumpedFont15\">Layda<\/span><\/span><span class=\"x_s9\"><span class=\"x_bumpedFont15\">Sansores, en<\/span><\/span><span class=\"x_s9\"><span class=\"x_bumpedFont15\">\u00a0<\/span><\/span><span class=\"x_s9\"><span class=\"x_bumpedFont15\">el lanzamiento<\/span><\/span><span class=\"x_s9\"><span class=\"x_bumpedFont15\">\u00a0<\/span><\/span><span class=\"x_s9\"><span class=\"x_bumpedFont15\">de la aplicaci\u00f3n m\u00f3vil\u00a0<\/span><\/span><span class=\"x_s4\"><span class=\"x_bumpedFont15\">AO<\/span><\/span><span class=\"x_s4\"><span class=\"x_bumpedFont15\">Turismo<\/span><\/span><span class=\"x_s9\"><span class=\"x_bumpedFont15\">, mediante la cual<\/span><\/span><span class=\"x_s9\"><span class=\"x_bumpedFont15\">\u00a0<\/span><\/span><span class=\"x_s9\"><span class=\"x_bumpedFont15\">la demarcaci\u00f3n<\/span><\/span><span class=\"x_s9\"><span class=\"x_bumpedFont15\">\u00a0<\/span><\/span><span class=\"x_s9\"><span class=\"x_bumpedFont15\">busca<\/span><\/span><span class=\"x_s9\"><span class=\"x_bumpedFont15\">\u00a0impulsar la preservaci\u00f3n y difusi\u00f3n de<\/span><\/span><span class=\"x_s9\"><span class=\"x_bumpedFont15\">\u00a0su\u00a0<\/span><\/span><span class=\"x_s9\"><span class=\"x_bumpedFont15\">patrimonio hist\u00f3rico, as\u00ed como<\/span><\/span><span class=\"x_s9\"><span class=\"x_bumpedFont15\">incentivar<\/span><\/span><span class=\"x_s9\"><span class=\"x_bumpedFont15\">\u00a0el<\/span><\/span><span class=\"x_s9\"><span class=\"x_bumpedFont15\">\u00a0turismo\u00a0<\/span><\/span><span class=\"x_s9\"><span class=\"x_bumpedFont15\">dentro de la<\/span><\/span><span class=\"x_s9\"><span class=\"x_bumpedFont15\">\u00a0zona<\/span><\/span><span class=\"x_s9\"><span class=\"x_bumpedFont15\">.<\/span><\/span><\/p>\n<p class=\"x_s10\"><span class=\"x_s9\"><span class=\"x_bumpedFont15\">As\u00ed lo indic\u00f3 la alcaldesa de \u00c1lvaro Obreg\u00f3n,\u00a0<\/span><\/span><span class=\"x_s9\"><span class=\"x_bumpedFont15\">Layda<\/span><\/span><span class=\"x_s9\"><span class=\"x_bumpedFont15\">\u00a0Sansores,<\/span><\/span><span class=\"x_s9\"><span class=\"x_bumpedFont15\">al mencionar\u00a0<\/span><\/span><span class=\"x_s9\"><span class=\"x_bumpedFont15\">en el patio del Instituto<\/span><\/span><span class=\"x_s9\"><span class=\"x_bumpedFont15\">\u00a0Cultural Hel\u00e9nico\u00a0<\/span><\/span><span class=\"x_s9\"><span class=\"x_bumpedFont15\">que<\/span><\/span><span class=\"x_s9\"><span class=\"x_bumpedFont15\">\u00a0la idea de esta aplicaci\u00f3n es promover de forma integral el turismo y la cultura en la demarcaci\u00f3n, que una vez que pase el periodo de pandemia, afirm\u00f3, \u201cpodr\u00e1 fortalecer nuestra econom\u00eda y el turismo que poco se ha explotado aqu\u00ed\u201d.<\/span><\/span><\/p>\n<p class=\"x_s10\"><span class=\"x_s9\"><span class=\"x_bumpedFont15\">En su oportunidad, la\u00a0<\/span><\/span><span class=\"x_s9\"><span class=\"x_bumpedFont15\">historiadora<\/span><\/span><span class=\"x_s9\"><span class=\"x_bumpedFont15\">\u00a0<\/span><\/span><span class=\"x_s9\"><span class=\"x_bumpedFont15\">Guadalupe\u00a0<\/span><\/span><span class=\"x_s9\"><span class=\"x_bumpedFont15\">Lozada\u00a0<\/span><\/span><span class=\"x_s9\"><span class=\"x_bumpedFont15\">felicit\u00f3 a la alcald\u00eda por desarrollar este tipo de iniciativas digitales y se\u00f1al\u00f3<\/span><\/span><span class=\"x_s9\"><span class=\"x_bumpedFont15\">\u00a0<\/span><\/span><span class=\"x_s9\"><span class=\"x_bumpedFont15\">que este tipo de proyectos son de suma importancia para visibilizar y concientizar a la ciudadan\u00eda acerca del patrimonio hist\u00f3rico\u00a0<\/span><\/span><span class=\"x_s9\"><span class=\"x_bumpedFont15\">y cultural que posee la ciudad<\/span><\/span><span class=\"x_s9\"><span class=\"x_bumpedFont15\">, en especial\u00a0<\/span><\/span><span class=\"x_s9\"><span class=\"x_bumpedFont15\">en el marco de la iniciativa\u00a0<\/span><\/span><span class=\"x_s4\"><span class=\"x_bumpedFont15\">Noviembre, Mes del Patrimonio<\/span><\/span><span class=\"x_s9\"><span class=\"x_bumpedFont15\">que organiza la\u00a0<\/span><\/span><span class=\"x_s9\"><span class=\"x_bumpedFont15\">Secretar\u00eda de Cultura capitalina.<\/span><\/span><\/p>\n<p class=\"x_s10\"><span class=\"x_s9\"><span class=\"x_bumpedFont15\">\u201c<\/span><\/span><span class=\"x_s9\"><span class=\"x_bumpedFont15\">L<\/span><\/span><span class=\"x_s9\"><span class=\"x_bumpedFont15\">a mejor forma de preservar el patrimonio es darlo a conocer, porque la gente no valora lo que no conoce. Esta aplicaci\u00f3n va a ayudar a descubrir estos sitios, para reconocernos en el pasado y aprender a cuidar este patrimonio que hemos heredado y que legamos a las generaciones\u201d, afirm\u00f3 Lozada<\/span><\/span><span class=\"x_s9\"><span class=\"x_bumpedFont15\">Le\u00f3n<\/span><\/span><span class=\"x_s9\"><span class=\"x_bumpedFont15\">\u00a0al respecto.<\/span><\/span><\/p>\n<p class=\"x_s10\"><span class=\"x_s9\"><span class=\"x_bumpedFont15\">Asimismo, insisti\u00f3 en que es<\/span><\/span><span class=\"x_s9\"><span class=\"x_bumpedFont15\">\u00a0necesario<\/span><\/span><span class=\"x_s9\"><span class=\"x_bumpedFont15\">\u00a0que tanto habitantes de la alcald\u00eda como de la Ciudad de M\u00e9xico<\/span><\/span><span class=\"x_s9\"><span class=\"x_bumpedFont15\">\u00a0y del extranjero<\/span><\/span><span class=\"x_s9\"><span class=\"x_bumpedFont15\">, reconozcan y sepan de la importancia cultural e hist\u00f3rica que guardan los recintos que alberga\u00a0<\/span><\/span><span class=\"x_s9\"><span class=\"x_bumpedFont15\">la demarcaci\u00f3n\u00a0<\/span><\/span><span class=\"x_s9\"><span class=\"x_bumpedFont15\">\u00c1lvaro Obreg\u00f3n<\/span><\/span><span class=\"x_s9\"><span class=\"x_bumpedFont15\">, mismos\u00a0<\/span><\/span><span class=\"x_s9\"><span class=\"x_bumpedFont15\">que han sido incluidos en la aplicaci\u00f3n<\/span><\/span><span class=\"x_s9\"><span class=\"x_bumpedFont15\">m\u00f3vil<\/span><\/span><span class=\"x_s9\"><span class=\"x_bumpedFont15\">, como la capilla g\u00f3tica<\/span><\/span><span class=\"x_s9\"><span class=\"x_bumpedFont15\">\u00a0y claustro<\/span><\/span><span class=\"x_s9\"><span class=\"x_bumpedFont15\">\u00a0del Instituto Cultural Hel\u00e9nico.<\/span><\/span><\/p>\n<p class=\"x_s10\"><span class=\"x_s9\"><span class=\"x_bumpedFont15\">\u201c<\/span><\/span><span class=\"x_s9\"><span class=\"x_bumpedFont15\">In<\/span><\/span><span class=\"x_s9\"><span class=\"x_bumpedFont15\">strumentos como\u00a0<\/span><\/span><span class=\"x_s9\"><span class=\"x_bumpedFont15\">e<\/span><\/span><span class=\"x_s9\"><span class=\"x_bumpedFont15\">ste son los que hacen posible que los ciudadanos puedan encontrar las razones para conocer mejor el patrimonio cultural y eso es important\u00edsimo<\/span><\/span><span class=\"x_s9\"><span class=\"x_bumpedFont15\">\u201d, se\u00f1al\u00f3<\/span><\/span><span class=\"x_s9\"><span class=\"x_bumpedFont15\">\u00a0la encargada de<\/span><\/span><span class=\"x_s9\"><span class=\"x_bumpedFont15\">\u00a0<\/span><\/span><span class=\"x_s9\"><span class=\"x_bumpedFont15\">despacho de la Secretar\u00eda de Cultura capitalina<\/span><\/span><span class=\"x_s9\"><span class=\"x_bumpedFont15\">en referencia al objetivo de divulgaci\u00f3n y preservaci\u00f3n que tiene\u00a0<\/span><\/span><span class=\"x_s9\"><span class=\"x_bumpedFont15\">el proyecto digital<\/span><\/span><span class=\"x_s9\"><span class=\"x_bumpedFont15\">.<\/span><\/span><\/p>\n<p class=\"x_s10\"><span class=\"x_s9\"><span class=\"x_bumpedFont15\">En tanto, Arturo Balandrano, titular de la Direcci\u00f3n General de Sitios y Monumentos del Patrimonio Cultural de la Secretar\u00eda de Cultura<\/span><\/span><span class=\"x_s9\"><span class=\"x_bumpedFont15\">\u00a0federal<\/span><\/span><span class=\"x_s9\"><span class=\"x_bumpedFont15\">, celebr\u00f3 en nombre de la instituci\u00f3n el lanzamiento de la aplicaci\u00f3n, que afirm\u00f3: \u201cSeguramente va a coadyuvar en los esfuerzos del pa\u00eds para difundir su diversidad cultural y su riqueza cultural en todo el territorio nacional\u201d.<\/span><\/span><\/p>\n<p class=\"x_s10\"><span class=\"x_s9\"><span class=\"x_bumpedFont15\">En el evento, donde tambi\u00e9n\u00a0<\/span><\/span><span class=\"x_s9\"><span class=\"x_bumpedFont15\">estuvo presente L<\/span><\/span><span class=\"x_s9\"><span class=\"x_bumpedFont15\">aura Ornelas, directora general de Cultura, Educaci\u00f3n y Deporte de la alcald\u00eda \u00c1lvaro Obreg\u00f3n<\/span><\/span><span class=\"x_s9\"><span class=\"x_bumpedFont15\">,\u00a0<\/span><\/span><span class=\"x_s9\"><span class=\"x_bumpedFont15\">Ricardo\u00a0<\/span><\/span><span class=\"x_s9\"><span class=\"x_bumpedFont15\">L\u00f3pez G\u00f3mez,\u00a0<\/span><\/span><span class=\"x_s9\"><span class=\"x_bumpedFont15\">d<\/span><\/span><span class=\"x_s9\"><span class=\"x_bumpedFont15\">irector de Proyectos Estrat<\/span><\/span><span class=\"x_s9\"><span class=\"x_bumpedFont15\">\u00e9<\/span><\/span><span class=\"x_s9\"><span class=\"x_bumpedFont15\">gicos<\/span><\/span><span class=\"x_s9\"><span class=\"x_bumpedFont15\">\u00a0de la demarcaci\u00f3n<\/span><\/span><span class=\"x_s9\"><span class=\"x_bumpedFont15\">,<\/span><\/span><span class=\"x_s9\"><span class=\"x_bumpedFont15\">\u00a0<\/span><\/span><span class=\"x_s9\"><span class=\"x_bumpedFont15\">ofreci\u00f3 detalles respecto a<\/span><\/span><span class=\"x_s9\"><span class=\"x_bumpedFont15\">l proyecto\u00a0<\/span><\/span><span class=\"x_s9\"><span class=\"x_bumpedFont15\">AOTurismo<\/span><\/span><span class=\"x_s9\"><span class=\"x_bumpedFont15\">.<\/span><\/span><\/p>\n<p class=\"x_s10\"><span class=\"x_s9\"><span class=\"x_bumpedFont15\">La\u00a0<\/span><\/span><span class=\"x_s9\"><span class=\"x_bumpedFont15\">plataforma<\/span><\/span><span class=\"x_s9\"><span class=\"x_bumpedFont15\">\u00a0<\/span><\/span><span class=\"x_s9\"><span class=\"x_bumpedFont15\">\u2014<\/span><\/span><span class=\"x_s9\"><span class=\"x_bumpedFont15\">ya\u00a0<\/span><\/span><span class=\"x_s9\"><span class=\"x_bumpedFont15\">disponible para s<\/span><\/span><span class=\"x_s9\"><span class=\"x_bumpedFont15\">istemas operativos Android y\u00a0<\/span><\/span><span class=\"x_s9\"><span class=\"x_bumpedFont15\">en una semana para\u00a0<\/span><\/span><span class=\"x_s9\"><span class=\"x_bumpedFont15\">iOS\u2014<\/span><\/span><span class=\"x_s9\"><span class=\"x_bumpedFont15\">\u00a0incluye la identificaci\u00f3n, ubicaci\u00f3n y\u00a0<\/span><\/span><span class=\"x_s9\"><span class=\"x_bumpedFont15\">geo<\/span><\/span><span class=\"x_s9\"><span class=\"x_bumpedFont15\">d<\/span><\/span><span class=\"x_s9\"><span class=\"x_bumpedFont15\">iferenciaci\u00f3n<\/span><\/span><span class=\"x_s9\"><span class=\"x_bumpedFont15\">\u00a0de los monumentos hist\u00f3ricos catalogados en la alcald\u00eda \u00c1lvaro Obreg\u00f3n, afirm\u00f3. A decir del encargado\u00a0<\/span><\/span><span class=\"x_s9\"><span class=\"x_bumpedFont15\">de\u00a0<\/span><\/span><span class=\"x_s9\"><span class=\"x_bumpedFont15\">Proyectos Estrat<\/span><\/span><span class=\"x_s9\"><span class=\"x_bumpedFont15\">\u00e9<\/span><\/span><span class=\"x_s9\"><span class=\"x_bumpedFont15\">gicos<\/span><\/span><span class=\"x_s9\"><span class=\"x_bumpedFont15\">, cada recinto cuenta con una descripci\u00f3n detallada hecha a partir de documentaci\u00f3n existente, una galer\u00eda fotogr\u00e1fica y de video.<\/span><\/span><\/p>\n<p class=\"x_s10\"><span class=\"x_s9\"><span class=\"x_bumpedFont15\">\u201c<\/span><\/span><span class=\"x_s9\"><span class=\"x_bumpedFont15\">La aplicaci\u00f3n m\u00f3vil que hoy presentamos contiene 180 monumentos hist\u00f3ricos\u00a0<\/span><\/span><span class=\"x_s9\"><span class=\"x_bumpedFont15\">de inter\u00e9s tur\u00edstico, de<\/span><\/span><span class=\"x_s9\"><span class=\"x_bumpedFont15\">\u00a0los 314<\/span><\/span><span class=\"x_s9\"><span class=\"x_bumpedFont15\">\u00a0que existen en la alcald\u00eda<\/span><\/span><span class=\"x_s9\"><span class=\"x_bumpedFont15\">. Cuenta con una galer\u00eda fotogr\u00e1fica de cada monumento con tomas a\u00e9reas y de 360 grados, en algunos casos, y una descripci\u00f3n en ingl\u00e9s y espa\u00f1ol, adem\u00e1s de una base de datos din\u00e1mica de los negocios vinculados al turismo y cercanos a los monumentos hist\u00f3ricos para ayudar a reactivar\u00a0<\/span><\/span><span class=\"x_s9\"><span class=\"x_bumpedFont15\">esa industria<\/span><\/span><span class=\"x_s9\"><span class=\"x_bumpedFont15\">\u201d, indic\u00f3<\/span><\/span><span class=\"x_s9\"><span class=\"x_bumpedFont15\">.<\/span><\/span><\/p>\n<p class=\"x_s10\"><span class=\"x_s9\"><span class=\"x_bumpedFont15\">Asimismo, el responsable del proyecto hizo \u00e9nfasis en\u00a0<\/span><\/span><span class=\"x_s9\"><span class=\"x_bumpedFont15\">el dise\u00f1o y ejecuci\u00f3n de una estrategia de difusi\u00f3n que permite generar identidad y dotar de significado a la comunidad<\/span><\/span><span class=\"x_s9\"><span class=\"x_bumpedFont15\">\u00a0de la alcald\u00eda<\/span><\/span><span class=\"x_s9\"><span class=\"x_bumpedFont15\">, y ayudar a reactivar econ\u00f3micamente los servicios asociados al turismo.<\/span><\/span><\/p>\n<p>[\/fusion_text][fusion_gallery layout=&#8221;&#8221; picture_size=&#8221;&#8221; columns=&#8221;&#8221; column_spacing=&#8221;10&#8243; gallery_masonry_grid_ratio=&#8221;&#8221; gallery_masonry_width_double=&#8221;&#8221; hover_type=&#8221;&#8221; lightbox=&#8221;yes&#8221; lightbox_content=&#8221;&#8221; bordersize=&#8221;&#8221; bordercolor=&#8221;&#8221; border_radius=&#8221;&#8221; hide_on_mobile=&#8221;small-visibility,medium-visibility,large-visibility&#8221; class=&#8221;&#8221; id=&#8221;&#8221;][fusion_gallery_image image=&#8221;https:\/\/www.bitacoracdmx.com\/wp-content\/uploads\/2020\/11\/IMG_7578-300&#215;200.jpg&#8221; image_id=&#8221;37609|medium&#8221; link=&#8221;&#8221; linktarget=&#8221;_self&#8221; \/][fusion_gallery_image image=&#8221;https:\/\/www.bitacoracdmx.com\/wp-content\/uploads\/2020\/11\/IMG_7579-300&#215;200.jpg&#8221; image_id=&#8221;37610|medium&#8221; link=&#8221;&#8221; linktarget=&#8221;_self&#8221; \/][fusion_gallery_image image=&#8221;https:\/\/www.bitacoracdmx.com\/wp-content\/uploads\/2020\/11\/IMG_7583-300&#215;200.jpg&#8221; image_id=&#8221;37611|medium&#8221; link=&#8221;&#8221; linktarget=&#8221;_self&#8221; \/][fusion_gallery_image image=&#8221;https:\/\/www.bitacoracdmx.com\/wp-content\/uploads\/2020\/11\/IMG_7587-300&#215;200.jpg&#8221; image_id=&#8221;37615|medium&#8221; link=&#8221;&#8221; linktarget=&#8221;_self&#8221; \/][\/fusion_gallery][\/fusion_builder_column][\/fusion_builder_row][\/fusion_builder_container]<\/p>\n","protected":false},"excerpt":{"rendered":"<p>[fusion_builder_container hundred_percent=&#8221;no&#8221; equal_height_columns=&#8221;no&#8221; menu_anchor=&#8221;&#8221; hide_on_mobile=&#8221;small-visibility,medium-visibility,large-visibility&#8221; class=&#8221;&#8221; id=&#8221;&#8221; background_color=&#8221;&#8221; background_image=&#8221;&#8221; background_position=&#8221;center center&#8221; background_repeat=&#8221;no-repeat&#8221; fade=&#8221;no&#8221; background_parallax=&#8221;none&#8221; parallax_speed=&#8221;0.3&#8243; video_mp4=&#8221;&#8221; video_webm=&#8221;&#8221; video_ogv=&#8221;&#8221; video_url=&#8221;&#8221; video_aspect_ratio=&#8221;16:9&#8243; video_loop=&#8221;yes&#8221; video_mute=&#8221;yes&#8221; overlay_color=&#8221;&#8221; video_preview_image=&#8221;&#8221; border_size=&#8221;&#8221; border_color=&#8221;&#8221; border_style=&#8221;solid&#8221; padding_top=&#8221;&#8221; padding_bottom=&#8221;&#8221; padding_left=&#8221;&#8221; padding_right=&#8221;&#8221;][fusion_builder_row][fusion_builder_column type=&#8221;1_1&#8243; layout=&#8221;1_1&#8243; background_position=&#8221;left top&#8221; background_color=&#8221;&#8221; border_size=&#8221;&#8221; border_color=&#8221;&#8221; border_style=&#8221;solid&#8221; border_position=&#8221;all&#8221; spacing=&#8221;yes&#8221; background_image=&#8221;&#8221; background_repeat=&#8221;no-repeat&#8221; padding_top=&#8221;&#8221; padding_right=&#8221;&#8221; padding_bottom=&#8221;&#8221; padding_left=&#8221;&#8221; margin_top=&#8221;0px&#8221; margin_bottom=&#8221;0px&#8221; class=&#8221;&#8221; id=&#8221;&#8221; animation_type=&#8221;&#8221; animation_speed=&#8221;0.3&#8243; animation_direction=&#8221;left&#8221; hide_on_mobile=&#8221;small-visibility,medium-visibility,large-visibility&#8221; center_content=&#8221;no&#8221; last=&#8221;no&#8221; min_height=&#8221;&#8221; hover_type=&#8221;none&#8221; link=&#8221;&#8221;][fusion_text] REDACCI\u00d3N La\u00a0encargada de despacho de la\u00a0Secretar\u00eda de Cultura de la Ciudad de M\u00e9xico,\u00a0Guadalupe Lozada\u00a0Le\u00f3n,\u00a0acompa\u00f1\u00f3 este viernes a la alcaldesa de \u00c1lvaro Obreg\u00f3n,\u00a0LaydaSansores, en\u00a0el lanzamiento\u00a0de la aplicaci\u00f3n m\u00f3vil\u00a0AOTurismo, mediante la cual\u00a0la demarcaci\u00f3n\u00a0busca\u00a0impulsar la preservaci\u00f3n y difusi\u00f3n de\u00a0su\u00a0patrimonio hist\u00f3rico, as\u00ed comoincentivar\u00a0el\u00a0turismo\u00a0dentro de [&hellip;]<\/p>\n","protected":false},"author":1,"featured_media":37615,"comment_status":"open","ping_status":"open","sticky":false,"template":"","format":"standard","meta":{"footnotes":""},"categories":[5,4,9,16],"tags":[],"_links":{"self":[{"href":"https:\/\/www.bitacoracdmx.com\/index.php?rest_route=\/wp\/v2\/posts\/37608"}],"collection":[{"href":"https:\/\/www.bitacoracdmx.com\/index.php?rest_route=\/wp\/v2\/posts"}],"about":[{"href":"https:\/\/www.bitacoracdmx.com\/index.php?rest_route=\/wp\/v2\/types\/post"}],"author":[{"embeddable":true,"href":"https:\/\/www.bitacoracdmx.com\/index.php?rest_route=\/wp\/v2\/users\/1"}],"replies":[{"embeddable":true,"href":"https:\/\/www.bitacoracdmx.com\/index.php?rest_route=%2Fwp%2Fv2%2Fcomments&post=37608"}],"version-history":[{"count":1,"href":"https:\/\/www.bitacoracdmx.com\/index.php?rest_route=\/wp\/v2\/posts\/37608\/revisions"}],"predecessor-version":[{"id":37616,"href":"https:\/\/www.bitacoracdmx.com\/index.php?rest_route=\/wp\/v2\/posts\/37608\/revisions\/37616"}],"wp:featuredmedia":[{"embeddable":true,"href":"https:\/\/www.bitacoracdmx.com\/index.php?rest_route=\/wp\/v2\/media\/37615"}],"wp:attachment":[{"href":"https:\/\/www.bitacoracdmx.com\/index.php?rest_route=%2Fwp%2Fv2%2Fmedia&parent=37608"}],"wp:term":[{"taxonomy":"category","embeddable":true,"href":"https:\/\/www.bitacoracdmx.com\/index.php?rest_route=%2Fwp%2Fv2%2Fcategories&post=37608"},{"taxonomy":"post_tag","embeddable":true,"href":"https:\/\/www.bitacoracdmx.com\/index.php?rest_route=%2Fwp%2Fv2%2Ftags&post=37608"}],"curies":[{"name":"wp","href":"https:\/\/api.w.org\/{rel}","templated":true}]}}