{"id":38320,"date":"2020-12-21T23:20:44","date_gmt":"2020-12-21T23:20:44","guid":{"rendered":"https:\/\/www.bitacoracdmx.com\/?p=38320"},"modified":"2020-12-21T23:20:44","modified_gmt":"2020-12-21T23:20:44","slug":"celebraran-dia-de-la-salsa-con-grandes-estrellas-internacionales-2","status":"publish","type":"post","link":"https:\/\/www.bitacoracdmx.com\/?p=38320","title":{"rendered":"Celebrar\u00e1n D\u00cdA DE LA SALSA con grandes estrellas internacionales."},"content":{"rendered":"<p>[fusion_builder_container hundred_percent=&#8221;no&#8221; equal_height_columns=&#8221;no&#8221; menu_anchor=&#8221;&#8221; hide_on_mobile=&#8221;small-visibility,medium-visibility,large-visibility&#8221; class=&#8221;&#8221; id=&#8221;&#8221; background_color=&#8221;&#8221; background_image=&#8221;&#8221; background_position=&#8221;center center&#8221; background_repeat=&#8221;no-repeat&#8221; fade=&#8221;no&#8221; background_parallax=&#8221;none&#8221; parallax_speed=&#8221;0.3&#8243; video_mp4=&#8221;&#8221; video_webm=&#8221;&#8221; video_ogv=&#8221;&#8221; video_url=&#8221;&#8221; video_aspect_ratio=&#8221;16:9&#8243; video_loop=&#8221;yes&#8221; video_mute=&#8221;yes&#8221; overlay_color=&#8221;&#8221; video_preview_image=&#8221;&#8221; border_size=&#8221;&#8221; border_color=&#8221;&#8221; border_style=&#8221;solid&#8221; padding_top=&#8221;&#8221; padding_bottom=&#8221;&#8221; padding_left=&#8221;&#8221; padding_right=&#8221;&#8221;][fusion_builder_row][fusion_builder_column type=&#8221;1_1&#8243; layout=&#8221;1_1&#8243; background_position=&#8221;left top&#8221; background_color=&#8221;&#8221; border_size=&#8221;&#8221; border_color=&#8221;&#8221; border_style=&#8221;solid&#8221; border_position=&#8221;all&#8221; spacing=&#8221;yes&#8221; background_image=&#8221;&#8221; background_repeat=&#8221;no-repeat&#8221; padding_top=&#8221;&#8221; padding_right=&#8221;&#8221; padding_bottom=&#8221;&#8221; padding_left=&#8221;&#8221; margin_top=&#8221;0px&#8221; margin_bottom=&#8221;0px&#8221; class=&#8221;&#8221; id=&#8221;&#8221; animation_type=&#8221;&#8221; animation_speed=&#8221;0.3&#8243; animation_direction=&#8221;left&#8221; hide_on_mobile=&#8221;small-visibility,medium-visibility,large-visibility&#8221; center_content=&#8221;no&#8221; last=&#8221;no&#8221; min_height=&#8221;&#8221; hover_type=&#8221;none&#8221; link=&#8221;&#8221;][fusion_text]<\/p>\n<p>REDACCI\u00d3N<\/p>\n<div>\n<div>\n<p><b><i>*Se llevar\u00e1 a cabo el S\u00e1bado 4 de Diciembre del 2021 en el Estadio Ciudad de los Deportes<\/i><\/b><\/p>\n<p><b><i>*Boletos ya a la venta en el Sistema Fronticket en\u00a0<a href=\"http:\/\/fronticket.com.mx\/\" target=\"_blank\" rel=\"noopener noreferrer\" data-auth=\"NotApplicable\">fronticket.com.mx<\/a><\/i><\/b><\/p>\n<p>El s\u00e1bado 4 de Diciembre de 2021 se avecina un hurac\u00e1n musical furioso que tocar\u00e1 tierras mexicanas, concretamente en el Estadio Ciudad de los Deportes (antes conocido como Estadio Azul) para llevar la que ser\u00e1 la primera edici\u00f3n del D\u00eda de la Salsa, contando para ello con una pl\u00e9yade de artistas internacionales que se han anunciado y que marcar\u00e1n sin duda el evento m\u00e1s importante del g\u00e9nero salsero del a\u00f1o entrante y que tiene como fin posicionarlo en M\u00e9xico, convirti\u00e9ndose de inmediato en un concepto \u00fanico no solo a nivel nacional, sino pretendiendo alcanzar un car\u00e1cter internacional gracias a la cuidadosa selecci\u00f3n de agrupaciones que har\u00e1n retumbar el escenario \u00e9se d\u00eda, dignificando a la salsa como un g\u00e9nero mundial a tomarse en cuenta y de gran convocatoria.<\/p>\n<p>Para M\u00e9xico es todo un orgullo que se haya tomado esta iniciativa que romper\u00e1 r\u00e9cords y esquemas en la capital mexicana, ya que estar\u00e1n reunidas enormes personalidades de todos los tiempos y \u00e9pocas, cuyos primeros confirmados son la Sonora Ponce\u00f1a, India, Spanish Harlem Orchestra, Maelo Ruiz, Ismael Miranda, Roberto Roena y su Apollo Sound, adem\u00e1s de Herman Olivera quienes arremeter\u00e1n junto a otros artistas estelares que ser\u00e1n anunciados en breve con lo mejor de sus \u00e9xitos y sus nutridas trayectorias como artistas estelares en un evento enfocado a diferentes p\u00fablicos y edades, todos ellos amantes de un g\u00e9nero que sigue vigente.<\/p>\n<p>La Sonora Ponce\u00f1a es una orquesta puertorrique\u00f1a de m\u00fasica salsa fundada por &#8220;Quique&#8221; Lucca en 1954. Dirigida por el hijo de &#8220;Quique&#8221;, Papo Lucca, es una de las agrupaciones m\u00e1s importantes del g\u00e9nero musical. La tambi\u00e9n boricua La India es conocida tambi\u00e9n como &#8220;La Princesa de la Salsa&#8221;, una cantante puertorrique\u00f1a que lo mismo hace justamente salsa, boleros, baladas, pop, reggaeton, bachata y otros g\u00e9neros. Ganadora de un Latin Grammy y nominada en tres ocasiones al Grammy Americano, es ganadora de 7 Premios Billboards de la M\u00fasica Latina, adem\u00e1s India es la mujer con m\u00e1s \u00e9xitos en el Billboard Tropical\/Salsa.<\/p>\n<p>La Spanish Harlem Orchestra es sin duda una de las mejores agrupaciones en la escena mundial de la Salsa y el Jazz Latino. Dos veces ganadora del premio Grammy, esta agrupaci\u00f3n marca el nivel de la Salsa dura al estilo neoyorkino con excelencia y autenticidad, evidenci\u00e1ndolo invariablemente tanto en sus presentaciones en vivo como en sus grabaciones. Ya sea en salas de concierto o en festivales de Jazz al aire libre, la Spanish Harlem Orchestra se presenta siempre con la fuerza y la elegancia caracter\u00edsticas de la Salsa dura y el Jazz Latino. Su sonoridad, precisi\u00f3n musical y energ\u00eda en el escenario, deja al p\u00fablico fascinado desde el principio hasta la \u00faltima nota.<\/p>\n<p>Ismael Ruiz Hern\u00e1ndez m\u00e1s conocido como Maelo Ruiz est\u00e1 dedicado al g\u00e9nero desde la edad de 19 a\u00f1os cuando se convirti\u00f3 en la primera voz de Pedro Conga y su Orquesta Internacional. Permaneci\u00f3 con Pedro Conga durante 7 a\u00f1os, grabando 4 \u00e1lbumes con la banda. Su mayor \u00e9xito con Pedro Conga fue &#8220;No Te Quites La Ropa&#8221;, que vendi\u00f3 m\u00e1s de 50,000 unidades y le gan\u00f3 a la banda su primer disco de oro en Puerto Rico. Los \u00e9xitos de seguimiento incluyeron &#8220;Atr\u00e9vete&#8221;, &#8220;Vicio&#8221; (disco de oro en Colombia), &#8220;Quiero Volver&#8221;, &#8220;Si Supieras&#8221;, &#8220;Te Quiero Amor&#8221; y &#8220;Me Niegas Tanto Amor&#8221;. Estos fueron \u00e9xitos que hicieron de Maelo Ruiz un nombre familiar en Am\u00e9rica Latina. Tambi\u00e9n actu\u00f3 como cantante de fondo para el destacado salsero Willie Gonz\u00e1lez. Su \u00e1lbum Puro Coraz\u00f3n fue nominado para el Premio Grammy Latino al Mejor \u00c1lbum de Salsa.<\/p>\n<p>Ismael Miranda Carrero es un compositor y cantante puertorrique\u00f1o de salsa. A la edad de 18 a\u00f1os se integra en el grupo Fania All Stars, convirti\u00e9ndose en el cantante m\u00e1s joven de los que compon\u00edan este grupo, no sin antes formar parte de la orquesta de Larry Harlow. En la d\u00e9cada de 1980 grab\u00f3 varias producciones con su sello discogr\u00e1fico independiente. Grab\u00f3 en 1984 con el prestigioso conjunto cubano Sonora Matancera para su vieja casa discogr\u00e1fica Fania. Actualmente siguen incansablemente dedicado a la m\u00fasica haciendo trabajos impecables.<\/p>\n<p>Cuando Roberto Roena decidi\u00f3 abandonar El Gran Combo hace 50 a\u00f1os, no ten\u00eda un nombre para su nueva agrupaci\u00f3n, y termin\u00f3 llamandola el Apollo Sound. Ya para 1969, Roena hab\u00eda estado en dos de las mejores orquestas en la historia de la m\u00fasica latina; Cortijo y Su Combo y El Gran Combo. Aparentemente, al formar su propia banda, no quer\u00eda seguir usando el t\u00e9rmino \u00abcombo\u00bb. Pero sus m\u00fasicos no se pon\u00edan de acuerdo en un nombre. Roberto Roena, junto con su director musical, el trompetista puertorrique\u00f1o El\u00edas Lopes, encontraron un sonido \u00fanico que distingu\u00eda al Apollo Sound. La banda sigui\u00f3 produciendo \u00e9xito tras \u00e9xito, pero pronto Lopes se fue para formar su propia banda. Aun as\u00ed, Roena continu\u00f3 su ascenso mete\u00f3rico en Salsa con su Apollo cumpliendo 5 d\u00e9cadas trabajando incansablemente.<\/p>\n<p>Herman Olivera tiene el r\u00e9cord de haber visitado 50 pa\u00edses y ofrecer shows en un centenar de ciudades del planeta que han disfrutado con sus conciertos. En su abultada y exitosa carrera lleva 45 producciones musicales en las que ha participado como voz invitada, siete de ellas con el maestro Eddie Palmieri, orquesta con la cual ha escrito 23 a\u00f1os de historia musical y contando, levant\u00e1ndose como una de las m\u00e1s grandes figuras de la salsa.<\/p>\n<p><b>De este modo la Sonora Ponce\u00f1a, India, Maelo Ruiz, Spanish Harlem Orchestra, Ismael Miranda, Roberto Roena y su Apollo Sound y Herman Olivera son los primeros confirmados de un hist\u00f3rico e imperdible concierto masivo que se llevar\u00e1 a cabo el S\u00e1bado 4 de Diciembre del 2021 en la capital mexicana en el Estadio Ciudad de los Deportes. Boletos a la venta en el Sistema Fronticket en <a href=\"http:\/\/fronticket.com.mx\/\" target=\"_blank\" rel=\"noopener noreferrer\" data-auth=\"NotApplicable\">fronticket.com.mx<\/a>\u00a0<\/b><\/p>\n<\/div>\n<\/div>\n<p><img loading=\"lazy\" decoding=\"async\" src=\"data:image\/gif;base64,R0lGODlhAQABAIAAAAAAAP\/\/\/yH5BAEAAAEALAAAAAABAAEAAAIBTAA7\" alt=\"\" width=\"0\" height=\"0\" data-imagetype=\"External\" data-connectorsauthtoken=\"1\" data-imageproxyendpoint=\"\/actions\/ei\" data-imageproxyid=\"\" \/><\/p>\n<p>[\/fusion_text][fusion_gallery layout=&#8221;&#8221; picture_size=&#8221;&#8221; columns=&#8221;&#8221; column_spacing=&#8221;10&#8243; gallery_masonry_grid_ratio=&#8221;&#8221; gallery_masonry_width_double=&#8221;&#8221; hover_type=&#8221;&#8221; lightbox=&#8221;yes&#8221; lightbox_content=&#8221;&#8221; bordersize=&#8221;&#8221; bordercolor=&#8221;&#8221; border_radius=&#8221;&#8221; hide_on_mobile=&#8221;small-visibility,medium-visibility,large-visibility&#8221; class=&#8221;&#8221; id=&#8221;&#8221;][fusion_gallery_image image=&#8221;https:\/\/www.bitacoracdmx.com\/wp-content\/uploads\/2020\/12\/Spanish-Harlem-Orchestra-Pic1-300&#215;169.jpg&#8221; image_id=&#8221;38321|medium&#8221; link=&#8221;&#8221; linktarget=&#8221;_self&#8221; \/][fusion_gallery_image image=&#8221;https:\/\/www.bitacoracdmx.com\/wp-content\/uploads\/2020\/12\/MAELO-RUIZ-2017-FOTO1-300&#215;200.jpg&#8221; image_id=&#8221;38322|medium&#8221; link=&#8221;&#8221; linktarget=&#8221;_self&#8221; \/][fusion_gallery_image image=&#8221;https:\/\/www.bitacoracdmx.com\/wp-content\/uploads\/2020\/12\/INDIA-FOTO-2016-PIC4-225&#215;300.jpg&#8221; image_id=&#8221;38323|medium&#8221; link=&#8221;&#8221; linktarget=&#8221;_self&#8221; \/][fusion_gallery_image image=&#8221;https:\/\/www.bitacoracdmx.com\/wp-content\/uploads\/2020\/12\/Sonora-Poncena-Pic2-1-300&#215;181.jpg&#8221; image_id=&#8221;38324|medium&#8221; link=&#8221;&#8221; linktarget=&#8221;_self&#8221; \/][fusion_gallery_image image=&#8221;https:\/\/www.bitacoracdmx.com\/wp-content\/uploads\/2020\/12\/DIA-DE-LA-SALSA-LOGO-1-300&#215;169.jpg&#8221; image_id=&#8221;38325|medium&#8221; link=&#8221;&#8221; linktarget=&#8221;_self&#8221; \/][fusion_gallery_image image=&#8221;https:\/\/www.bitacoracdmx.com\/wp-content\/uploads\/2020\/12\/DIA-DE-LA-SALSA-DIC-2021-CARTEL-PROVISIONAL-300&#215;300.jpeg&#8221; image_id=&#8221;38326|medium&#8221; link=&#8221;&#8221; linktarget=&#8221;_self&#8221; \/][\/fusion_gallery][\/fusion_builder_column][\/fusion_builder_row][\/fusion_builder_container]<\/p>\n","protected":false},"excerpt":{"rendered":"<p>[fusion_builder_container hundred_percent=&#8221;no&#8221; equal_height_columns=&#8221;no&#8221; menu_anchor=&#8221;&#8221; hide_on_mobile=&#8221;small-visibility,medium-visibility,large-visibility&#8221; class=&#8221;&#8221; id=&#8221;&#8221; background_color=&#8221;&#8221; background_image=&#8221;&#8221; background_position=&#8221;center center&#8221; background_repeat=&#8221;no-repeat&#8221; fade=&#8221;no&#8221; background_parallax=&#8221;none&#8221; parallax_speed=&#8221;0.3&#8243; video_mp4=&#8221;&#8221; video_webm=&#8221;&#8221; video_ogv=&#8221;&#8221; video_url=&#8221;&#8221; video_aspect_ratio=&#8221;16:9&#8243; video_loop=&#8221;yes&#8221; video_mute=&#8221;yes&#8221; overlay_color=&#8221;&#8221; video_preview_image=&#8221;&#8221; border_size=&#8221;&#8221; border_color=&#8221;&#8221; border_style=&#8221;solid&#8221; padding_top=&#8221;&#8221; padding_bottom=&#8221;&#8221; padding_left=&#8221;&#8221; padding_right=&#8221;&#8221;][fusion_builder_row][fusion_builder_column type=&#8221;1_1&#8243; layout=&#8221;1_1&#8243; background_position=&#8221;left top&#8221; background_color=&#8221;&#8221; border_size=&#8221;&#8221; border_color=&#8221;&#8221; border_style=&#8221;solid&#8221; border_position=&#8221;all&#8221; spacing=&#8221;yes&#8221; background_image=&#8221;&#8221; background_repeat=&#8221;no-repeat&#8221; padding_top=&#8221;&#8221; padding_right=&#8221;&#8221; padding_bottom=&#8221;&#8221; padding_left=&#8221;&#8221; margin_top=&#8221;0px&#8221; margin_bottom=&#8221;0px&#8221; class=&#8221;&#8221; id=&#8221;&#8221; animation_type=&#8221;&#8221; animation_speed=&#8221;0.3&#8243; animation_direction=&#8221;left&#8221; hide_on_mobile=&#8221;small-visibility,medium-visibility,large-visibility&#8221; center_content=&#8221;no&#8221; last=&#8221;no&#8221; min_height=&#8221;&#8221; hover_type=&#8221;none&#8221; link=&#8221;&#8221;][fusion_text] REDACCI\u00d3N *Se llevar\u00e1 a cabo el S\u00e1bado 4 de Diciembre del 2021 en el Estadio Ciudad de los Deportes *Boletos ya a la venta en el Sistema Fronticket en\u00a0fronticket.com.mx El s\u00e1bado 4 de Diciembre de 2021 se avecina un hurac\u00e1n [&hellip;]<\/p>\n","protected":false},"author":1,"featured_media":38326,"comment_status":"open","ping_status":"open","sticky":false,"template":"","format":"standard","meta":{"footnotes":""},"categories":[9,11],"tags":[],"_links":{"self":[{"href":"https:\/\/www.bitacoracdmx.com\/index.php?rest_route=\/wp\/v2\/posts\/38320"}],"collection":[{"href":"https:\/\/www.bitacoracdmx.com\/index.php?rest_route=\/wp\/v2\/posts"}],"about":[{"href":"https:\/\/www.bitacoracdmx.com\/index.php?rest_route=\/wp\/v2\/types\/post"}],"author":[{"embeddable":true,"href":"https:\/\/www.bitacoracdmx.com\/index.php?rest_route=\/wp\/v2\/users\/1"}],"replies":[{"embeddable":true,"href":"https:\/\/www.bitacoracdmx.com\/index.php?rest_route=%2Fwp%2Fv2%2Fcomments&post=38320"}],"version-history":[{"count":1,"href":"https:\/\/www.bitacoracdmx.com\/index.php?rest_route=\/wp\/v2\/posts\/38320\/revisions"}],"predecessor-version":[{"id":38327,"href":"https:\/\/www.bitacoracdmx.com\/index.php?rest_route=\/wp\/v2\/posts\/38320\/revisions\/38327"}],"wp:featuredmedia":[{"embeddable":true,"href":"https:\/\/www.bitacoracdmx.com\/index.php?rest_route=\/wp\/v2\/media\/38326"}],"wp:attachment":[{"href":"https:\/\/www.bitacoracdmx.com\/index.php?rest_route=%2Fwp%2Fv2%2Fmedia&parent=38320"}],"wp:term":[{"taxonomy":"category","embeddable":true,"href":"https:\/\/www.bitacoracdmx.com\/index.php?rest_route=%2Fwp%2Fv2%2Fcategories&post=38320"},{"taxonomy":"post_tag","embeddable":true,"href":"https:\/\/www.bitacoracdmx.com\/index.php?rest_route=%2Fwp%2Fv2%2Ftags&post=38320"}],"curies":[{"name":"wp","href":"https:\/\/api.w.org\/{rel}","templated":true}]}}