{"id":38342,"date":"2020-12-21T23:50:18","date_gmt":"2020-12-21T23:50:18","guid":{"rendered":"https:\/\/www.bitacoracdmx.com\/?p=38342"},"modified":"2020-12-21T23:50:18","modified_gmt":"2020-12-21T23:50:18","slug":"quito-participo-en-tmla-virtual-2020","status":"publish","type":"post","link":"https:\/\/www.bitacoracdmx.com\/?p=38342","title":{"rendered":"Quito particip\u00f3 en TMLA Virtual 2020."},"content":{"rendered":"<p>[fusion_builder_container hundred_percent=&#8221;no&#8221; equal_height_columns=&#8221;no&#8221; menu_anchor=&#8221;&#8221; hide_on_mobile=&#8221;small-visibility,medium-visibility,large-visibility&#8221; class=&#8221;&#8221; id=&#8221;&#8221; background_color=&#8221;&#8221; background_image=&#8221;&#8221; background_position=&#8221;center center&#8221; background_repeat=&#8221;no-repeat&#8221; fade=&#8221;no&#8221; background_parallax=&#8221;none&#8221; parallax_speed=&#8221;0.3&#8243; video_mp4=&#8221;&#8221; video_webm=&#8221;&#8221; video_ogv=&#8221;&#8221; video_url=&#8221;&#8221; video_aspect_ratio=&#8221;16:9&#8243; video_loop=&#8221;yes&#8221; video_mute=&#8221;yes&#8221; overlay_color=&#8221;&#8221; video_preview_image=&#8221;&#8221; border_size=&#8221;&#8221; border_color=&#8221;&#8221; border_style=&#8221;solid&#8221; padding_top=&#8221;&#8221; padding_bottom=&#8221;&#8221; padding_left=&#8221;&#8221; padding_right=&#8221;&#8221;][fusion_builder_row][fusion_builder_column type=&#8221;1_1&#8243; layout=&#8221;1_1&#8243; background_position=&#8221;left top&#8221; background_color=&#8221;&#8221; border_size=&#8221;&#8221; border_color=&#8221;&#8221; border_style=&#8221;solid&#8221; border_position=&#8221;all&#8221; spacing=&#8221;yes&#8221; background_image=&#8221;&#8221; background_repeat=&#8221;no-repeat&#8221; padding_top=&#8221;&#8221; padding_right=&#8221;&#8221; padding_bottom=&#8221;&#8221; padding_left=&#8221;&#8221; margin_top=&#8221;0px&#8221; margin_bottom=&#8221;0px&#8221; class=&#8221;&#8221; id=&#8221;&#8221; animation_type=&#8221;&#8221; animation_speed=&#8221;0.3&#8243; animation_direction=&#8221;left&#8221; hide_on_mobile=&#8221;small-visibility,medium-visibility,large-visibility&#8221; center_content=&#8221;no&#8221; last=&#8221;no&#8221; min_height=&#8221;&#8221; hover_type=&#8221;none&#8221; link=&#8221;&#8221;][fusion_text]<\/p>\n<p>REDACCI\u00d3N<\/p>\n<ul>\n<li><strong><em><span id=\"x_email_7\">M\u00e1s de 250 delegados participaron de forma virtual en el TravelMart LatinAmerica 2020 del 7 al 10 de diciembre 2020<\/span><\/em><\/strong><\/li>\n<li><strong><em><span id=\"x_email_8\">El evento reuni\u00f3 compradores globales con representantes de la industria tur\u00edstica de Am\u00e9rica Latina a trav\u00e9s de reuniones 1-a-1 y presentaciones de destinos y productos<\/span><\/em><\/strong><\/li>\n<li><strong><em><span id=\"x_email_9\">Quito promovi\u00f3 su variedad de atractivos naturales, culturales e hist\u00f3ricos a los principales mercados internacionales.<\/span><\/em><\/strong><\/li>\n<\/ul>\n<p><span id=\"x_email_11\">TravelMart Latinamerica es el escaparate ideal para destacar la \u00fanica y diversa oferta tur\u00edstica de Quito dentro de Am\u00e9rica Latina frente a los compradores de los principales pa\u00edses y mercados a nivel mundial.<\/span><\/p>\n<p><span id=\"x_email_12\">Los 4 d\u00edas del evento virtual incluyeron presentaciones live sobre destinos tur\u00edsticos y tendencias actuales en viajes, adem\u00e1s de 3 horas diarias de reuniones individuales entre compradores y proveedores de turismo o destinos de la regi\u00f3n. A trav\u00e9s de reuniones individuales y networking con buyers internacionales, Quito puso en valor la oferta tur\u00edstica del centro del mundo y ampli\u00f3 la visibilidad de sus atractivos naturales y culturales ante destacados tour operadores mundiales de Europa, Norte Am\u00e9rica y Asia, adem\u00e1s de generar nuevas conexiones, potenciar el desarrollo de nuevo producto y negociar la extensi\u00f3n de la estancia promedia de 2 noches en Quito.<\/span><\/p>\n<p><span id=\"x_email_13\">\u201cNuestra presencia continua y activa en las ferias de turismo internacionales m\u00e1s importantes reafirma nuestro compromiso con los socios comerciales globales y transmite un mensaje \u00fanico, solido y convincente de que la ciudad de la mitad del mundo es un destino seguro para viajar, que nos reinventamos y adaptamos constantemente para responder a nuevas realidades y tendencias en el turismo, y que seguiremos creando y mejorando cada d\u00eda para ofrecer una experiencia \u00fanica e inolvidable de viajar a Quito\u201d, afirm\u00f3 Bel\u00e9n Pacheco, Gerente de Mercadotecnia de Quito Turismo.<\/span><\/p>\n<p><span id=\"x_email_14\">Quito continuar\u00e1 promocionando su riqueza natural y su portafolio cultural e hist\u00f3rico, con el cual espera seguir posicion\u00e1ndose como el destino preferido por los viajeros que buscan experiencias que perduren en el tiempo.<\/span><\/p>\n<p><span id=\"x_email_15\">\u00a1Tu historia comienza en Quito!<\/span><\/p>\n<p>[\/fusion_text][fusion_imageframe image_id=&#8221;38343|medium&#8221; max_width=&#8221;&#8221; style_type=&#8221;&#8221; blur=&#8221;&#8221; stylecolor=&#8221;&#8221; hover_type=&#8221;none&#8221; bordersize=&#8221;&#8221; bordercolor=&#8221;&#8221; borderradius=&#8221;&#8221; align=&#8221;none&#8221; lightbox=&#8221;no&#8221; gallery_id=&#8221;&#8221; lightbox_image=&#8221;&#8221; lightbox_image_id=&#8221;&#8221; alt=&#8221;&#8221; link=&#8221;&#8221; linktarget=&#8221;_self&#8221; hide_on_mobile=&#8221;small-visibility,medium-visibility,large-visibility&#8221; class=&#8221;&#8221; id=&#8221;&#8221; animation_type=&#8221;&#8221; animation_direction=&#8221;left&#8221; animation_speed=&#8221;0.3&#8243; animation_offset=&#8221;&#8221;]https:\/\/www.bitacoracdmx.com\/wp-content\/uploads\/2020\/12\/o-RETIRE-TO-ECUADOR-facebook-300&#215;200.jpg[\/fusion_imageframe][\/fusion_builder_column][\/fusion_builder_row][\/fusion_builder_container]<\/p>\n","protected":false},"excerpt":{"rendered":"<p>[fusion_builder_container hundred_percent=&#8221;no&#8221; equal_height_columns=&#8221;no&#8221; menu_anchor=&#8221;&#8221; hide_on_mobile=&#8221;small-visibility,medium-visibility,large-visibility&#8221; class=&#8221;&#8221; id=&#8221;&#8221; background_color=&#8221;&#8221; background_image=&#8221;&#8221; background_position=&#8221;center center&#8221; background_repeat=&#8221;no-repeat&#8221; fade=&#8221;no&#8221; background_parallax=&#8221;none&#8221; parallax_speed=&#8221;0.3&#8243; video_mp4=&#8221;&#8221; video_webm=&#8221;&#8221; video_ogv=&#8221;&#8221; video_url=&#8221;&#8221; video_aspect_ratio=&#8221;16:9&#8243; video_loop=&#8221;yes&#8221; video_mute=&#8221;yes&#8221; overlay_color=&#8221;&#8221; video_preview_image=&#8221;&#8221; border_size=&#8221;&#8221; border_color=&#8221;&#8221; border_style=&#8221;solid&#8221; padding_top=&#8221;&#8221; padding_bottom=&#8221;&#8221; padding_left=&#8221;&#8221; padding_right=&#8221;&#8221;][fusion_builder_row][fusion_builder_column type=&#8221;1_1&#8243; layout=&#8221;1_1&#8243; background_position=&#8221;left top&#8221; background_color=&#8221;&#8221; border_size=&#8221;&#8221; border_color=&#8221;&#8221; border_style=&#8221;solid&#8221; border_position=&#8221;all&#8221; spacing=&#8221;yes&#8221; background_image=&#8221;&#8221; background_repeat=&#8221;no-repeat&#8221; padding_top=&#8221;&#8221; padding_right=&#8221;&#8221; padding_bottom=&#8221;&#8221; padding_left=&#8221;&#8221; margin_top=&#8221;0px&#8221; margin_bottom=&#8221;0px&#8221; class=&#8221;&#8221; id=&#8221;&#8221; animation_type=&#8221;&#8221; animation_speed=&#8221;0.3&#8243; animation_direction=&#8221;left&#8221; hide_on_mobile=&#8221;small-visibility,medium-visibility,large-visibility&#8221; center_content=&#8221;no&#8221; last=&#8221;no&#8221; min_height=&#8221;&#8221; hover_type=&#8221;none&#8221; link=&#8221;&#8221;][fusion_text] REDACCI\u00d3N M\u00e1s de 250 delegados participaron de forma virtual en el TravelMart LatinAmerica 2020 del 7 al 10 de diciembre 2020 El evento reuni\u00f3 compradores globales con representantes de la industria tur\u00edstica de Am\u00e9rica Latina a trav\u00e9s de reuniones 1-a-1 [&hellip;]<\/p>\n","protected":false},"author":1,"featured_media":38343,"comment_status":"open","ping_status":"open","sticky":false,"template":"","format":"standard","meta":{"footnotes":""},"categories":[9,16],"tags":[],"_links":{"self":[{"href":"https:\/\/www.bitacoracdmx.com\/index.php?rest_route=\/wp\/v2\/posts\/38342"}],"collection":[{"href":"https:\/\/www.bitacoracdmx.com\/index.php?rest_route=\/wp\/v2\/posts"}],"about":[{"href":"https:\/\/www.bitacoracdmx.com\/index.php?rest_route=\/wp\/v2\/types\/post"}],"author":[{"embeddable":true,"href":"https:\/\/www.bitacoracdmx.com\/index.php?rest_route=\/wp\/v2\/users\/1"}],"replies":[{"embeddable":true,"href":"https:\/\/www.bitacoracdmx.com\/index.php?rest_route=%2Fwp%2Fv2%2Fcomments&post=38342"}],"version-history":[{"count":1,"href":"https:\/\/www.bitacoracdmx.com\/index.php?rest_route=\/wp\/v2\/posts\/38342\/revisions"}],"predecessor-version":[{"id":38344,"href":"https:\/\/www.bitacoracdmx.com\/index.php?rest_route=\/wp\/v2\/posts\/38342\/revisions\/38344"}],"wp:featuredmedia":[{"embeddable":true,"href":"https:\/\/www.bitacoracdmx.com\/index.php?rest_route=\/wp\/v2\/media\/38343"}],"wp:attachment":[{"href":"https:\/\/www.bitacoracdmx.com\/index.php?rest_route=%2Fwp%2Fv2%2Fmedia&parent=38342"}],"wp:term":[{"taxonomy":"category","embeddable":true,"href":"https:\/\/www.bitacoracdmx.com\/index.php?rest_route=%2Fwp%2Fv2%2Fcategories&post=38342"},{"taxonomy":"post_tag","embeddable":true,"href":"https:\/\/www.bitacoracdmx.com\/index.php?rest_route=%2Fwp%2Fv2%2Ftags&post=38342"}],"curies":[{"name":"wp","href":"https:\/\/api.w.org\/{rel}","templated":true}]}}