{"id":38345,"date":"2020-12-21T23:59:29","date_gmt":"2020-12-21T23:59:29","guid":{"rendered":"https:\/\/www.bitacoracdmx.com\/?p=38345"},"modified":"2020-12-21T23:59:29","modified_gmt":"2020-12-21T23:59:29","slug":"comienza-la-muestra-de-procesos-de-creacion-escenica-del-concurso-de-apoyo-a-la-produccion-escenica-en-veracruz-2020","status":"publish","type":"post","link":"https:\/\/www.bitacoracdmx.com\/?p=38345","title":{"rendered":"Comienza la muestra de procesos de creaci\u00f3n esc\u00e9nica del Concurso de apoyo a la producci\u00f3n esc\u00e9nica en Veracruz 2020."},"content":{"rendered":"<p>[fusion_builder_container hundred_percent=&#8221;no&#8221; equal_height_columns=&#8221;no&#8221; menu_anchor=&#8221;&#8221; hide_on_mobile=&#8221;small-visibility,medium-visibility,large-visibility&#8221; class=&#8221;&#8221; id=&#8221;&#8221; background_color=&#8221;&#8221; background_image=&#8221;&#8221; background_position=&#8221;center center&#8221; background_repeat=&#8221;no-repeat&#8221; fade=&#8221;no&#8221; background_parallax=&#8221;none&#8221; parallax_speed=&#8221;0.3&#8243; video_mp4=&#8221;&#8221; video_webm=&#8221;&#8221; video_ogv=&#8221;&#8221; video_url=&#8221;&#8221; video_aspect_ratio=&#8221;16:9&#8243; video_loop=&#8221;yes&#8221; video_mute=&#8221;yes&#8221; overlay_color=&#8221;&#8221; video_preview_image=&#8221;&#8221; border_size=&#8221;&#8221; border_color=&#8221;&#8221; border_style=&#8221;solid&#8221; padding_top=&#8221;&#8221; padding_bottom=&#8221;&#8221; padding_left=&#8221;&#8221; padding_right=&#8221;&#8221;][fusion_builder_row][fusion_builder_column type=&#8221;1_1&#8243; layout=&#8221;1_1&#8243; background_position=&#8221;left top&#8221; background_color=&#8221;&#8221; border_size=&#8221;&#8221; border_color=&#8221;&#8221; border_style=&#8221;solid&#8221; border_position=&#8221;all&#8221; spacing=&#8221;yes&#8221; background_image=&#8221;&#8221; background_repeat=&#8221;no-repeat&#8221; padding_top=&#8221;&#8221; padding_right=&#8221;&#8221; padding_bottom=&#8221;&#8221; padding_left=&#8221;&#8221; margin_top=&#8221;0px&#8221; margin_bottom=&#8221;0px&#8221; class=&#8221;&#8221; id=&#8221;&#8221; animation_type=&#8221;&#8221; animation_speed=&#8221;0.3&#8243; animation_direction=&#8221;left&#8221; hide_on_mobile=&#8221;small-visibility,medium-visibility,large-visibility&#8221; center_content=&#8221;no&#8221; last=&#8221;no&#8221; min_height=&#8221;&#8221; hover_type=&#8221;none&#8221; link=&#8221;&#8221;][fusion_text]<\/p>\n<p>REDACCI\u00d3N<\/p>\n<p>La Secretar\u00eda de Cultura del Gobierno de M\u00e9xico, a trav\u00e9s del Centro Cultural Hel\u00e9nico, en vinculaci\u00f3n con el Instituto Veracruzano de Cultura, presenta la muestra de procesos de creaci\u00f3n esc\u00e9nica del Concurso de apoyo a la producci\u00f3n esc\u00e9nica en Veracruz 2020, un\u00a0<em>working progress<\/em>\u00a0de tres compa\u00f1\u00edas veracruzanas realizados durante la pandemia.<\/p>\n<p>El contexto actual nos sit\u00faa ante preguntas reveladoras, \u00bfpodemos vivir sin teatro? \u00bfqu\u00e9 significa el quehacer esc\u00e9nico en tiempos de pandemia? Ante estas interrogantes y ponderando la visi\u00f3n personal de las compa\u00f1\u00edas; Nosotros, ustedes y ellos, La butaca roja y Cardinal Ballet, se presentar\u00e1n los resultados de la convocatoria Concurso de apoyo a la producci\u00f3n esc\u00e9nica en Veracruz 2020.<\/p>\n<p>El objetivo de estos trabajos es impulsar a los artistas locales y contribuir a la producci\u00f3n esc\u00e9nica en los estados. Dichos resultados se presentar\u00edan presencialmente, no obstante, en atenci\u00f3n al sem\u00e1foro epidemiol\u00f3gico se opt\u00f3 por un formato digital que resguarde la integridad de los artistas y del p\u00fablico.<\/p>\n<p>Las obras podr\u00e1n apreciarse del 21 al 23 de diciembre de manera gratuita en la plataforma Contigo en la distancia de la Secretar\u00eda de Cultura, el canal de YouTube del Hel\u00e9nico y las redes sociales del Teatro del Estado de Veracruz, considerando tener mayor alcance y que m\u00e1s personas puedan disfrutar de las presentaciones.<\/p>\n<p>Las obras y compa\u00f1\u00edas que conforman el programa son:<\/p>\n<ul>\n<li><strong>GENOVEVA<\/strong><\/li>\n<\/ul>\n<div>\n<p><strong>Compa\u00f1\u00eda Nosotros, ustedes y ellos<\/strong><br \/>\nDramaturgia y direcci\u00f3n: Lucila Castillo<br \/>\nElenco: Dora Rivera, Daniela Abella, Violeta Maga\u00f1a y Jos\u00e9 Goro<br \/>\nSinopsis:<br \/>\nGenoveva es una mujer que nace con una discapacidad intelectual, lo que la vuelve dependiente de su madre hasta sus treinta a\u00f1os, momento en que su progenitora muere. Desde entonces Genoveva queda bajo el cuidado de sus hermanos, quienes optan por encerrarla bajo llave siempre que el hogar se queda solo, con la finalidad de evitarle alg\u00fan infortunio en el exterior. Ella vive aparentemente tranquila hasta el d\u00eda en que por casualidad se enamora, reconociendo dentro de s\u00ed, una nueva avalancha de emociones que detonan deseos profundos de vivir la libertad.<\/p>\n<p>Lunes 21 de diciembre, 17:00 h<\/p>\n<\/div>\n<ul>\n<li><strong>TODOS SOMOS LA NOCHE<\/strong><\/li>\n<\/ul>\n<div>\n<p><strong>Compa\u00f1\u00eda La butaca roja<\/strong><br \/>\nDramaturgia y direcci\u00f3n: Hasam D\u00edaz<br \/>\nElenco: Diana Anaid V\u00e1squez, V\u00edctor Robles, Edgar Ponce, Silverio Ch\u00e1vez e Iris Ladr\u00f3n de Guevara<br \/>\nSinopsis:<br \/>\nUn grupo de actores j\u00f3venes veracruzanos, indagan sobre cuatro historias personales. A partir de sus experiencias \u00edntimas buscan la resiliencia a trav\u00e9s de la ficci\u00f3n; dichos momentos convergen en la violencia que se vive en el estado de Veracruz, con la premisa de reescribir el pasado para no repetirlo. Xallitic es la tercera parte de Todos somos la noche.<\/p>\n<p>Martes 22 de diciembre, 17 h<\/p>\n<\/div>\n<ul>\n<li><strong>NEO T\u00c1TARO: UN EP\u00cdLOGO DE LA MUNDANA TRAGEDIA<\/strong><\/li>\n<\/ul>\n<p><strong>Compa\u00f1\u00eda Cardinal Ballet<\/strong><br \/>\nDramaturgia: Rub\u00e9n Dar\u00edo Tablada Ju\u00e1rez<br \/>\nDirecci\u00f3n: Emmanuelle Nathalie Lecomte Peiffer<br \/>\nElenco: Rub\u00e9n Dar\u00edo Tablada Ju\u00e1rez, Marisol Bandala Nu\u00f1ez, Frida Suseet Cortina Cort\u00e9s y Lael Iba\u00f1ez Zilli<br \/>\nSinopsis:<br \/>\nObra de danza-teatro en tres actos protagonizada por cuatro seres abstractos que transitan por tres realidades: La divinidad del entorno, Los procesos de impurificaci\u00f3n y El h\u00e1bitat expirado. Un viaje que invita a la reflexi\u00f3n acerca de la humanidad, el conocimiento, la esperanza y el medio ambiente; as\u00ed como del car\u00e1cter irreversible del cambio, la muerte desde el entorno y su transformaci\u00f3n a un infierno terrenal.<\/p>\n<p>Mi\u00e9rcoles 23 de diciembre, 17 h<\/p>\n<div><\/div>\n<p>[\/fusion_text][fusion_gallery layout=&#8221;&#8221; picture_size=&#8221;&#8221; columns=&#8221;&#8221; column_spacing=&#8221;10&#8243; gallery_masonry_grid_ratio=&#8221;&#8221; gallery_masonry_width_double=&#8221;&#8221; hover_type=&#8221;&#8221; lightbox=&#8221;yes&#8221; lightbox_content=&#8221;&#8221; bordersize=&#8221;&#8221; bordercolor=&#8221;&#8221; border_radius=&#8221;&#8221; hide_on_mobile=&#8221;small-visibility,medium-visibility,large-visibility&#8221; class=&#8221;&#8221; id=&#8221;&#8221;][fusion_gallery_image image=&#8221;https:\/\/www.bitacoracdmx.com\/wp-content\/uploads\/2020\/12\/blob-90-300&#215;201.jpg&#8221; image_id=&#8221;38346|medium&#8221; link=&#8221;&#8221; linktarget=&#8221;_self&#8221; \/][fusion_gallery_image image=&#8221;https:\/\/www.bitacoracdmx.com\/wp-content\/uploads\/2020\/12\/blob-89-233&#215;300.jpg&#8221; image_id=&#8221;38347|medium&#8221; link=&#8221;&#8221; linktarget=&#8221;_self&#8221; \/][fusion_gallery_image image=&#8221;https:\/\/www.bitacoracdmx.com\/wp-content\/uploads\/2020\/12\/blob-88-240&#215;300.jpg&#8221; image_id=&#8221;38348|medium&#8221; link=&#8221;&#8221; linktarget=&#8221;_self&#8221; \/][fusion_gallery_image image=&#8221;https:\/\/www.bitacoracdmx.com\/wp-content\/uploads\/2020\/12\/blob-87-300&#215;300.jpg&#8221; image_id=&#8221;38349|medium&#8221; link=&#8221;&#8221; linktarget=&#8221;_self&#8221; \/][\/fusion_gallery][\/fusion_builder_column][\/fusion_builder_row][\/fusion_builder_container]<\/p>\n","protected":false},"excerpt":{"rendered":"<p>[fusion_builder_container hundred_percent=&#8221;no&#8221; equal_height_columns=&#8221;no&#8221; menu_anchor=&#8221;&#8221; hide_on_mobile=&#8221;small-visibility,medium-visibility,large-visibility&#8221; class=&#8221;&#8221; id=&#8221;&#8221; background_color=&#8221;&#8221; background_image=&#8221;&#8221; background_position=&#8221;center center&#8221; background_repeat=&#8221;no-repeat&#8221; fade=&#8221;no&#8221; background_parallax=&#8221;none&#8221; parallax_speed=&#8221;0.3&#8243; video_mp4=&#8221;&#8221; video_webm=&#8221;&#8221; video_ogv=&#8221;&#8221; video_url=&#8221;&#8221; video_aspect_ratio=&#8221;16:9&#8243; video_loop=&#8221;yes&#8221; video_mute=&#8221;yes&#8221; overlay_color=&#8221;&#8221; video_preview_image=&#8221;&#8221; border_size=&#8221;&#8221; border_color=&#8221;&#8221; border_style=&#8221;solid&#8221; padding_top=&#8221;&#8221; padding_bottom=&#8221;&#8221; padding_left=&#8221;&#8221; padding_right=&#8221;&#8221;][fusion_builder_row][fusion_builder_column type=&#8221;1_1&#8243; layout=&#8221;1_1&#8243; background_position=&#8221;left top&#8221; background_color=&#8221;&#8221; border_size=&#8221;&#8221; border_color=&#8221;&#8221; border_style=&#8221;solid&#8221; border_position=&#8221;all&#8221; spacing=&#8221;yes&#8221; background_image=&#8221;&#8221; background_repeat=&#8221;no-repeat&#8221; padding_top=&#8221;&#8221; padding_right=&#8221;&#8221; padding_bottom=&#8221;&#8221; padding_left=&#8221;&#8221; margin_top=&#8221;0px&#8221; margin_bottom=&#8221;0px&#8221; class=&#8221;&#8221; id=&#8221;&#8221; animation_type=&#8221;&#8221; animation_speed=&#8221;0.3&#8243; animation_direction=&#8221;left&#8221; hide_on_mobile=&#8221;small-visibility,medium-visibility,large-visibility&#8221; center_content=&#8221;no&#8221; last=&#8221;no&#8221; min_height=&#8221;&#8221; hover_type=&#8221;none&#8221; link=&#8221;&#8221;][fusion_text] REDACCI\u00d3N La Secretar\u00eda de Cultura del Gobierno de M\u00e9xico, a trav\u00e9s del Centro Cultural Hel\u00e9nico, en vinculaci\u00f3n con el Instituto Veracruzano de Cultura, presenta la muestra de procesos de creaci\u00f3n esc\u00e9nica del Concurso de apoyo a la producci\u00f3n esc\u00e9nica en [&hellip;]<\/p>\n","protected":false},"author":1,"featured_media":38349,"comment_status":"open","ping_status":"open","sticky":false,"template":"","format":"standard","meta":{"footnotes":""},"categories":[9,14],"tags":[],"_links":{"self":[{"href":"https:\/\/www.bitacoracdmx.com\/index.php?rest_route=\/wp\/v2\/posts\/38345"}],"collection":[{"href":"https:\/\/www.bitacoracdmx.com\/index.php?rest_route=\/wp\/v2\/posts"}],"about":[{"href":"https:\/\/www.bitacoracdmx.com\/index.php?rest_route=\/wp\/v2\/types\/post"}],"author":[{"embeddable":true,"href":"https:\/\/www.bitacoracdmx.com\/index.php?rest_route=\/wp\/v2\/users\/1"}],"replies":[{"embeddable":true,"href":"https:\/\/www.bitacoracdmx.com\/index.php?rest_route=%2Fwp%2Fv2%2Fcomments&post=38345"}],"version-history":[{"count":1,"href":"https:\/\/www.bitacoracdmx.com\/index.php?rest_route=\/wp\/v2\/posts\/38345\/revisions"}],"predecessor-version":[{"id":38350,"href":"https:\/\/www.bitacoracdmx.com\/index.php?rest_route=\/wp\/v2\/posts\/38345\/revisions\/38350"}],"wp:featuredmedia":[{"embeddable":true,"href":"https:\/\/www.bitacoracdmx.com\/index.php?rest_route=\/wp\/v2\/media\/38349"}],"wp:attachment":[{"href":"https:\/\/www.bitacoracdmx.com\/index.php?rest_route=%2Fwp%2Fv2%2Fmedia&parent=38345"}],"wp:term":[{"taxonomy":"category","embeddable":true,"href":"https:\/\/www.bitacoracdmx.com\/index.php?rest_route=%2Fwp%2Fv2%2Fcategories&post=38345"},{"taxonomy":"post_tag","embeddable":true,"href":"https:\/\/www.bitacoracdmx.com\/index.php?rest_route=%2Fwp%2Fv2%2Ftags&post=38345"}],"curies":[{"name":"wp","href":"https:\/\/api.w.org\/{rel}","templated":true}]}}