{"id":38373,"date":"2020-12-22T00:55:10","date_gmt":"2020-12-22T00:55:10","guid":{"rendered":"https:\/\/www.bitacoracdmx.com\/?p=38373"},"modified":"2020-12-22T00:55:10","modified_gmt":"2020-12-22T00:55:10","slug":"con-el-proyecto-que-cambie-de-mano-fundacion-porrua-beneficia-a-ninos-de-toda-la-republica-mexicana","status":"publish","type":"post","link":"https:\/\/www.bitacoracdmx.com\/?p=38373","title":{"rendered":"Con el proyecto Que cambie de mano, Fundaci\u00f3n Porr\u00faa  beneficia a ni\u00f1os de toda la Rep\u00fablica Mexicana."},"content":{"rendered":"<p>[fusion_builder_container hundred_percent=&#8221;no&#8221; equal_height_columns=&#8221;no&#8221; menu_anchor=&#8221;&#8221; hide_on_mobile=&#8221;small-visibility,medium-visibility,large-visibility&#8221; class=&#8221;&#8221; id=&#8221;&#8221; background_color=&#8221;&#8221; background_image=&#8221;&#8221; background_position=&#8221;center center&#8221; background_repeat=&#8221;no-repeat&#8221; fade=&#8221;no&#8221; background_parallax=&#8221;none&#8221; parallax_speed=&#8221;0.3&#8243; video_mp4=&#8221;&#8221; video_webm=&#8221;&#8221; video_ogv=&#8221;&#8221; video_url=&#8221;&#8221; video_aspect_ratio=&#8221;16:9&#8243; video_loop=&#8221;yes&#8221; video_mute=&#8221;yes&#8221; overlay_color=&#8221;&#8221; video_preview_image=&#8221;&#8221; border_size=&#8221;&#8221; border_color=&#8221;&#8221; border_style=&#8221;solid&#8221; padding_top=&#8221;&#8221; padding_bottom=&#8221;&#8221; padding_left=&#8221;&#8221; padding_right=&#8221;&#8221;][fusion_builder_row][fusion_builder_column type=&#8221;1_1&#8243; layout=&#8221;1_1&#8243; background_position=&#8221;left top&#8221; background_color=&#8221;&#8221; border_size=&#8221;&#8221; border_color=&#8221;&#8221; border_style=&#8221;solid&#8221; border_position=&#8221;all&#8221; spacing=&#8221;yes&#8221; background_image=&#8221;&#8221; background_repeat=&#8221;no-repeat&#8221; padding_top=&#8221;&#8221; padding_right=&#8221;&#8221; padding_bottom=&#8221;&#8221; padding_left=&#8221;&#8221; margin_top=&#8221;0px&#8221; margin_bottom=&#8221;0px&#8221; class=&#8221;&#8221; id=&#8221;&#8221; animation_type=&#8221;&#8221; animation_speed=&#8221;0.3&#8243; animation_direction=&#8221;left&#8221; hide_on_mobile=&#8221;small-visibility,medium-visibility,large-visibility&#8221; center_content=&#8221;no&#8221; last=&#8221;no&#8221; min_height=&#8221;&#8221; hover_type=&#8221;none&#8221; link=&#8221;&#8221;][fusion_text]<\/p>\n<p>REDACCI\u00d3N<\/p>\n<p>\u00b7 Ni\u00f1as, ni\u00f1os y adolescentes que viven en situaciones vulnerables se favorecer\u00e1n con este donativo.<\/p>\n<p>\u00b7 Que cambie de mano naci\u00f3 en medio de la pandemia y se espera que haya m\u00e1s ediciones.<\/p>\n<p>A pesar de que el sector librero ha sido golpeado durante la crisis sanitaria derivada del virus Sars-Cov-19, Fundaci\u00f3n Porr\u00faa \u2014perteneciente al Grupo Porr\u00faa\u2014 don\u00f3 5 mil libros de literatura, texto y enciclopedias a siete fundaciones mexicanas que ayudan a menores de edad en situaci\u00f3n de riesgo.<\/p>\n<p>\u201cBuscamos fundaciones que trabajen con ni\u00f1os porque definitivamente los libros pueden hacer un cambio en este sector, ya que la lectura es la mejor forma de generar empat\u00eda\u201d, dijo Georgina Abud, titular de esta organizaci\u00f3n filantr\u00f3pica que benefici\u00f3 con este donativo a las organizaciones: T\u00fa, mujer y tus sue\u00f1os, Aldeas Infantiles S.O.S, Fundaci\u00f3n ORB, Fundaci\u00f3n Telet\u00f3n, Mosaico Urbano, Mayama A.C. y Fundaci\u00f3n Mark.<\/p>\n<p>La iniciativa Que cambie de mano surgi\u00f3 en medio de la pandemia, cuando Librer\u00eda Porr\u00faa invit\u00f3 a sus seguidores de las redes sociales a donar los libros escolares de ciclos anteriores en buen estado. A cambio, la librer\u00eda centenaria de M\u00e9xico les ofreci\u00f3 a quienes hicieran su donativo el 15% de bonificaci\u00f3n en el Monedero Electr\u00f3nico Porr\u00faa.<\/p>\n<p>El objetivo de este programa es beneficiar a ni\u00f1os, ni\u00f1as y adolescentes que han sufrido violencia o abandono, o bien, que viven con c\u00e1ncer o alguna discapacidad. En este sentido, Anabel Ram\u00edrez Bravo, subdirectora de Relaciones P\u00fablicas de Fundaci\u00f3n Telet\u00f3n, se\u00f1al\u00f3 que para este sector tener acceso a espacios recreativos es muy dif\u00edcil, sobre todo durante la pandemia.<\/p>\n<p>Sin embargo, con el donativo de Fundaci\u00f3n Porr\u00faa se les ofrece una llave para que la rehabilitaci\u00f3n no sea \u00fanicamente f\u00edsica, sino intelectual. Y destac\u00f3: \u201cLa lectura es una de las herramientas m\u00e1s valiosas que tenemos los seres humanos, porque podemos afrontar la mayor de las dificultades, pero un libro siempre ofrece la posibilidad de conocer distintos mundos\u201d.<\/p>\n<p>Por su parte, Araceli Ramos, de la fundaci\u00f3n T\u00fa, mujer y tus sue\u00f1os, destac\u00f3 que, gracias a este donativo, los ni\u00f1os a quienes benefician ahora tendr\u00e1n acceso a los libros para incentivar el h\u00e1bito de la lectura. Mientras que Elizabeth Alan\u00eds, representante de Aldeas Infantiles S.O.S, se\u00f1al\u00f3 que este obsequio \u201cva a ser de gran utilidad para el desarrollo de habilidades culturales y sociales para quienes atendemos en nuestros programas\u201d.<\/p>\n<p>Laura Carrillo, colaboradora de la Fundaci\u00f3n ORB, que asiste a ni\u00f1os trabajadores, coment\u00f3 que con este donativo continuar\u00e1 con su labor de alfabetizaci\u00f3n y se les dar\u00e1 herramientas para que contin\u00faen con sus estudios, \u201cpara que vean que todo se puede. La meta en su vida es lo que quieran alcanzar\u201d.<\/p>\n<p>Por su parte, \u00d3scar Garc\u00eda, director de la organizaci\u00f3n internacional Mosaico Urbano, calific\u00f3 de importante este donativo, \u201cya que estamos construyendo una biblioteca y estos libros van a ser magn\u00edficos para la poblaci\u00f3n con la que trabajamos\u201d. Mientras que Fernanda Rodr\u00edguez, de Fundaci\u00f3n Mark, encargada en llevar entretenimiento l\u00fadico en hospitales pedi\u00e1tricos de las especialidades de oncolog\u00eda y hematolog\u00eda, coment\u00f3 que estos libros llevar\u00e1n \u201cun peque\u00f1o rayito de luz\u201d.<\/p>\n<p>Asimismo, Ana Mart\u00ednez Pineda, representante de Fundaci\u00f3n Mayama, que garantiza educaci\u00f3n para ni\u00f1os de escasos recursos, se\u00f1al\u00f3 que con este donativo reciben una ayuda importante \u201cporque estamos entregando los libros a los ni\u00f1os para que puedan estudiar de una forma m\u00e1s creativa\u201d.<\/p>\n<p>Esta iniciativa \u201cha tenido mucho \u00e9xito \u2014dijo Georgina Abud\u2014. Ahora llevamos estos libros a ni\u00f1os que realmente lo necesitan; buscamos apoyar a peque\u00f1os en situaci\u00f3n de vulnerabilidad. El impacto que tengamos en la vida de los ni\u00f1os, puede formar adultos mucho m\u00e1s emp\u00e1ticos, m\u00e1s consientes y eventualmente mejores ciudadanos\u201d, concluy\u00f3.<\/p>\n<p>Fundaci\u00f3n Porr\u00faa<\/p>\n<p>Es una asociaci\u00f3n sin fines de lucro que busca el desarrollo de las comunidades a trav\u00e9s de programas sociales y educativos que naci\u00f3 en el 2015 con el objetivo de llevar su oferta cultural a sectores en situaci\u00f3n de riesgo.<\/p>\n<p>Esta organizaci\u00f3n aporta soluciones para la formaci\u00f3n de ciudadanos respetuosos, responsables y con pensamiento cr\u00edtico. Tiene la misi\u00f3n de fomentar la lectura mediante cursos, talleres, donaciones de libros y la fundaci\u00f3n de bibliotecas.<\/p>\n<p>Ha tenido presencia en los momentos m\u00e1s dram\u00e1ticos de los \u00faltimos a\u00f1os, como en la restauraci\u00f3n de la Ciudad de M\u00e9xico y Morelos luego de los sismos del 7 y 19 de septiembre<\/p>\n<p>[\/fusion_text][fusion_gallery layout=&#8221;&#8221; picture_size=&#8221;&#8221; columns=&#8221;&#8221; column_spacing=&#8221;10&#8243; gallery_masonry_grid_ratio=&#8221;&#8221; gallery_masonry_width_double=&#8221;&#8221; hover_type=&#8221;&#8221; lightbox=&#8221;yes&#8221; lightbox_content=&#8221;&#8221; bordersize=&#8221;&#8221; bordercolor=&#8221;&#8221; border_radius=&#8221;&#8221; hide_on_mobile=&#8221;small-visibility,medium-visibility,large-visibility&#8221; class=&#8221;&#8221; id=&#8221;&#8221;][fusion_gallery_image image=&#8221;https:\/\/www.bitacoracdmx.com\/wp-content\/uploads\/2020\/12\/Post_BuenosDias_291220-1-300&#215;300.jpg&#8221; image_id=&#8221;38375|medium&#8221; link=&#8221;&#8221; linktarget=&#8221;_self&#8221; \/][\/fusion_gallery][\/fusion_builder_column][\/fusion_builder_row][\/fusion_builder_container]<\/p>\n","protected":false},"excerpt":{"rendered":"<p>[fusion_builder_container hundred_percent=&#8221;no&#8221; equal_height_columns=&#8221;no&#8221; menu_anchor=&#8221;&#8221; hide_on_mobile=&#8221;small-visibility,medium-visibility,large-visibility&#8221; class=&#8221;&#8221; id=&#8221;&#8221; background_color=&#8221;&#8221; background_image=&#8221;&#8221; background_position=&#8221;center center&#8221; background_repeat=&#8221;no-repeat&#8221; fade=&#8221;no&#8221; background_parallax=&#8221;none&#8221; parallax_speed=&#8221;0.3&#8243; video_mp4=&#8221;&#8221; video_webm=&#8221;&#8221; video_ogv=&#8221;&#8221; video_url=&#8221;&#8221; video_aspect_ratio=&#8221;16:9&#8243; video_loop=&#8221;yes&#8221; video_mute=&#8221;yes&#8221; overlay_color=&#8221;&#8221; video_preview_image=&#8221;&#8221; border_size=&#8221;&#8221; border_color=&#8221;&#8221; border_style=&#8221;solid&#8221; padding_top=&#8221;&#8221; padding_bottom=&#8221;&#8221; padding_left=&#8221;&#8221; padding_right=&#8221;&#8221;][fusion_builder_row][fusion_builder_column type=&#8221;1_1&#8243; layout=&#8221;1_1&#8243; background_position=&#8221;left top&#8221; background_color=&#8221;&#8221; border_size=&#8221;&#8221; border_color=&#8221;&#8221; border_style=&#8221;solid&#8221; border_position=&#8221;all&#8221; spacing=&#8221;yes&#8221; background_image=&#8221;&#8221; background_repeat=&#8221;no-repeat&#8221; padding_top=&#8221;&#8221; padding_right=&#8221;&#8221; padding_bottom=&#8221;&#8221; padding_left=&#8221;&#8221; margin_top=&#8221;0px&#8221; margin_bottom=&#8221;0px&#8221; class=&#8221;&#8221; id=&#8221;&#8221; animation_type=&#8221;&#8221; animation_speed=&#8221;0.3&#8243; animation_direction=&#8221;left&#8221; hide_on_mobile=&#8221;small-visibility,medium-visibility,large-visibility&#8221; center_content=&#8221;no&#8221; last=&#8221;no&#8221; min_height=&#8221;&#8221; hover_type=&#8221;none&#8221; link=&#8221;&#8221;][fusion_text] REDACCI\u00d3N \u00b7 Ni\u00f1as, ni\u00f1os y adolescentes que viven en situaciones vulnerables se favorecer\u00e1n con este donativo. \u00b7 Que cambie de mano naci\u00f3 en medio de la pandemia y se espera que haya m\u00e1s ediciones. A pesar de que el sector [&hellip;]<\/p>\n","protected":false},"author":1,"featured_media":38375,"comment_status":"open","ping_status":"open","sticky":false,"template":"","format":"standard","meta":{"footnotes":""},"categories":[9,10],"tags":[],"_links":{"self":[{"href":"https:\/\/www.bitacoracdmx.com\/index.php?rest_route=\/wp\/v2\/posts\/38373"}],"collection":[{"href":"https:\/\/www.bitacoracdmx.com\/index.php?rest_route=\/wp\/v2\/posts"}],"about":[{"href":"https:\/\/www.bitacoracdmx.com\/index.php?rest_route=\/wp\/v2\/types\/post"}],"author":[{"embeddable":true,"href":"https:\/\/www.bitacoracdmx.com\/index.php?rest_route=\/wp\/v2\/users\/1"}],"replies":[{"embeddable":true,"href":"https:\/\/www.bitacoracdmx.com\/index.php?rest_route=%2Fwp%2Fv2%2Fcomments&post=38373"}],"version-history":[{"count":1,"href":"https:\/\/www.bitacoracdmx.com\/index.php?rest_route=\/wp\/v2\/posts\/38373\/revisions"}],"predecessor-version":[{"id":38377,"href":"https:\/\/www.bitacoracdmx.com\/index.php?rest_route=\/wp\/v2\/posts\/38373\/revisions\/38377"}],"wp:featuredmedia":[{"embeddable":true,"href":"https:\/\/www.bitacoracdmx.com\/index.php?rest_route=\/wp\/v2\/media\/38375"}],"wp:attachment":[{"href":"https:\/\/www.bitacoracdmx.com\/index.php?rest_route=%2Fwp%2Fv2%2Fmedia&parent=38373"}],"wp:term":[{"taxonomy":"category","embeddable":true,"href":"https:\/\/www.bitacoracdmx.com\/index.php?rest_route=%2Fwp%2Fv2%2Fcategories&post=38373"},{"taxonomy":"post_tag","embeddable":true,"href":"https:\/\/www.bitacoracdmx.com\/index.php?rest_route=%2Fwp%2Fv2%2Ftags&post=38373"}],"curies":[{"name":"wp","href":"https:\/\/api.w.org\/{rel}","templated":true}]}}