{"id":38575,"date":"2021-01-15T22:27:04","date_gmt":"2021-01-15T22:27:04","guid":{"rendered":"https:\/\/www.bitacoracdmx.com\/?p=38575"},"modified":"2021-01-15T22:27:04","modified_gmt":"2021-01-15T22:27:04","slug":"guitarrista-de-mana-sergio-vallin-lanza-su-1er-disco-instrumental-con-invitados-carlos-santana-janek-gwizdala-alejandro-sanz-el-buki-juan-luis-guerra-steve-vai-fher-mana-y-berta-rojas","status":"publish","type":"post","link":"https:\/\/www.bitacoracdmx.com\/?p=38575","title":{"rendered":"Guitarrista de Man\u00e1, Sergio Vall\u00edn, lanza su 1er disco instrumental con invitados: Carlos Santana &#8211; Janek Gwizdala, Alejandro Sanz, El Buki, Juan Luis Guerra, Steve Vai, Fher (Man\u00e1), y Berta Rojas."},"content":{"rendered":"<p>[fusion_builder_container hundred_percent=&#8221;no&#8221; equal_height_columns=&#8221;no&#8221; menu_anchor=&#8221;&#8221; hide_on_mobile=&#8221;small-visibility,medium-visibility,large-visibility&#8221; class=&#8221;&#8221; id=&#8221;&#8221; background_color=&#8221;&#8221; background_image=&#8221;&#8221; background_position=&#8221;center center&#8221; background_repeat=&#8221;no-repeat&#8221; fade=&#8221;no&#8221; background_parallax=&#8221;none&#8221; parallax_speed=&#8221;0.3&#8243; video_mp4=&#8221;&#8221; video_webm=&#8221;&#8221; video_ogv=&#8221;&#8221; video_url=&#8221;&#8221; video_aspect_ratio=&#8221;16:9&#8243; video_loop=&#8221;yes&#8221; video_mute=&#8221;yes&#8221; overlay_color=&#8221;&#8221; video_preview_image=&#8221;&#8221; border_size=&#8221;&#8221; border_color=&#8221;&#8221; border_style=&#8221;solid&#8221; padding_top=&#8221;&#8221; padding_bottom=&#8221;&#8221; padding_left=&#8221;&#8221; padding_right=&#8221;&#8221;][fusion_builder_row][fusion_builder_column type=&#8221;1_1&#8243; layout=&#8221;1_1&#8243; background_position=&#8221;left top&#8221; background_color=&#8221;&#8221; border_size=&#8221;&#8221; border_color=&#8221;&#8221; border_style=&#8221;solid&#8221; border_position=&#8221;all&#8221; spacing=&#8221;yes&#8221; background_image=&#8221;&#8221; background_repeat=&#8221;no-repeat&#8221; padding_top=&#8221;&#8221; padding_right=&#8221;&#8221; padding_bottom=&#8221;&#8221; padding_left=&#8221;&#8221; margin_top=&#8221;0px&#8221; margin_bottom=&#8221;0px&#8221; class=&#8221;&#8221; id=&#8221;&#8221; animation_type=&#8221;&#8221; animation_speed=&#8221;0.3&#8243; animation_direction=&#8221;left&#8221; hide_on_mobile=&#8221;small-visibility,medium-visibility,large-visibility&#8221; center_content=&#8221;no&#8221; last=&#8221;no&#8221; min_height=&#8221;&#8221; hover_type=&#8221;none&#8221; link=&#8221;&#8221;][fusion_text]<\/p>\n<p>REDACCI\u00d3N<\/p>\n<p><strong>-Sergio Vall\u00edn, es un m\u00fasico, compositor y productor mexicano conocido desde hace m\u00e1s de 26 a\u00f1os por ser el guitarrista del grupo mexicano Man\u00e1.<br \/>\n<\/strong><\/p>\n<p><strong>-El 15 de enero presenta su primer disco instrumental en solitario &#8216;Microsinfon\u00edas&#8217;.<\/strong><\/p>\n<div>\n<p>Sergio Vall\u00edn define este \u00e1lbum\u00a0como:<strong>\u00a0&#8216;El universo m\u00e1gico de posibilidades contenidas en una obra de arte, en este caso, la m\u00fasica&#8217;.<\/strong>\u00a0Microsinfon\u00edas nace con la intenci\u00f3n\u00a0de compartir su m\u00fasica con la de sus amigos, compositores e int\u00e9rpretes a los que ha admirado a lo largo de su vida.<\/p>\n<p>La mitad del disco est\u00e1 inspirada en obras de los artistas invitados y la otra mitad son obras de su propia autor\u00eda. Artistas invitados como:\u00a0<strong>Juan Luis Guerra, Carlos Santana. Alejandro Sanz. Marco Antonio Solis, Steve Vai, Janek Gwizdala, Ara Malikian, Fher Berta Rojas y Arturo Sandoval.<\/strong>\u00a0Guitarras el\u00e9ctricas y ac\u00fasticas son la columna vertebral de este \u00e1lbum, envuelto en arreglos orquestales interpretados por la Orquesta Sinf\u00f3nica de Praga y embellecidos con guitarras y otros instrumentos interpretados por sus invitados.<\/p>\n<\/div>\n<p><strong>\u00a0&#8216;Microsinfon\u00edas&#8217;<\/strong><br \/>\n1- Desnudo- Sergio Vall\u00edn feat. Carlos Santana &#8211; Janek Gwizdala. (Focus track)<br \/>\n2- Cuando nadie me ve- Sergio Vall\u00edn feat. Alejandro Sanz &#8211; Ara Malikian<br \/>\n3- Dond\u00e9 estar\u00e1 mi Primavera- Sergio Vall\u00edn feat. Marco Antonio Solis (El Buki)<br \/>\n4- Vivir sin aire- Sergio Vall\u00edn feat. Fernando Olvera (Fher)<br \/>\n5- Microsinfonia- Sergio Vall\u00edn feat. Steve Vai<br \/>\n6- Bachata Rosa- Sergio Vall\u00edn feat. Juan Luis Guerra &#8211; Arturo Sandoval<br \/>\n7- Don Sergio- Sergio Vall\u00edn feat. Berta Rojas<\/p>\n<p>[\/fusion_text][fusion_gallery layout=&#8221;&#8221; picture_size=&#8221;&#8221; columns=&#8221;&#8221; column_spacing=&#8221;10&#8243; gallery_masonry_grid_ratio=&#8221;&#8221; gallery_masonry_width_double=&#8221;&#8221; hover_type=&#8221;&#8221; lightbox=&#8221;yes&#8221; lightbox_content=&#8221;&#8221; bordersize=&#8221;&#8221; bordercolor=&#8221;&#8221; border_radius=&#8221;&#8221; hide_on_mobile=&#8221;small-visibility,medium-visibility,large-visibility&#8221; class=&#8221;&#8221; id=&#8221;&#8221;][fusion_gallery_image link=&#8221;&#8221; linktarget=&#8221;_self&#8221; alt=&#8221;&#8221; \/][\/fusion_gallery][fusion_gallery layout=&#8221;&#8221; picture_size=&#8221;&#8221; columns=&#8221;&#8221; column_spacing=&#8221;10&#8243; gallery_masonry_grid_ratio=&#8221;&#8221; gallery_masonry_width_double=&#8221;&#8221; hover_type=&#8221;&#8221; lightbox=&#8221;yes&#8221; lightbox_content=&#8221;&#8221; bordersize=&#8221;&#8221; bordercolor=&#8221;&#8221; border_radius=&#8221;&#8221; hide_on_mobile=&#8221;small-visibility,medium-visibility,large-visibility&#8221; class=&#8221;&#8221; id=&#8221;&#8221;][fusion_gallery_image image=&#8221;https:\/\/www.bitacoracdmx.com\/wp-content\/uploads\/2021\/01\/F0A4601a-2a-300&#215;200.jpg&#8221; image_id=&#8221;38577|medium&#8221; link=&#8221;&#8221; linktarget=&#8221;_self&#8221; \/][fusion_gallery_image image=&#8221;https:\/\/www.bitacoracdmx.com\/wp-content\/uploads\/2021\/01\/MICROSINFONIAS_PORTADA-300&#215;300.jpg&#8221; image_id=&#8221;38578|medium&#8221; link=&#8221;&#8221; linktarget=&#8221;_self&#8221; \/][fusion_gallery_image image=&#8221;https:\/\/www.bitacoracdmx.com\/wp-content\/uploads\/2021\/01\/138638162_1763145017178201_1706353679339777551_o-200&#215;300.jpg&#8221; image_id=&#8221;38579|medium&#8221; link=&#8221;&#8221; linktarget=&#8221;_self&#8221; \/][\/fusion_gallery][\/fusion_builder_column][\/fusion_builder_row][\/fusion_builder_container]<\/p>\n","protected":false},"excerpt":{"rendered":"<p>[fusion_builder_container hundred_percent=&#8221;no&#8221; equal_height_columns=&#8221;no&#8221; menu_anchor=&#8221;&#8221; hide_on_mobile=&#8221;small-visibility,medium-visibility,large-visibility&#8221; class=&#8221;&#8221; id=&#8221;&#8221; background_color=&#8221;&#8221; background_image=&#8221;&#8221; background_position=&#8221;center center&#8221; background_repeat=&#8221;no-repeat&#8221; fade=&#8221;no&#8221; background_parallax=&#8221;none&#8221; parallax_speed=&#8221;0.3&#8243; video_mp4=&#8221;&#8221; video_webm=&#8221;&#8221; video_ogv=&#8221;&#8221; video_url=&#8221;&#8221; video_aspect_ratio=&#8221;16:9&#8243; video_loop=&#8221;yes&#8221; video_mute=&#8221;yes&#8221; overlay_color=&#8221;&#8221; video_preview_image=&#8221;&#8221; border_size=&#8221;&#8221; border_color=&#8221;&#8221; border_style=&#8221;solid&#8221; padding_top=&#8221;&#8221; padding_bottom=&#8221;&#8221; padding_left=&#8221;&#8221; padding_right=&#8221;&#8221;][fusion_builder_row][fusion_builder_column type=&#8221;1_1&#8243; layout=&#8221;1_1&#8243; background_position=&#8221;left top&#8221; background_color=&#8221;&#8221; border_size=&#8221;&#8221; border_color=&#8221;&#8221; border_style=&#8221;solid&#8221; border_position=&#8221;all&#8221; spacing=&#8221;yes&#8221; background_image=&#8221;&#8221; background_repeat=&#8221;no-repeat&#8221; padding_top=&#8221;&#8221; padding_right=&#8221;&#8221; padding_bottom=&#8221;&#8221; padding_left=&#8221;&#8221; margin_top=&#8221;0px&#8221; margin_bottom=&#8221;0px&#8221; class=&#8221;&#8221; id=&#8221;&#8221; animation_type=&#8221;&#8221; animation_speed=&#8221;0.3&#8243; animation_direction=&#8221;left&#8221; hide_on_mobile=&#8221;small-visibility,medium-visibility,large-visibility&#8221; center_content=&#8221;no&#8221; last=&#8221;no&#8221; min_height=&#8221;&#8221; hover_type=&#8221;none&#8221; link=&#8221;&#8221;][fusion_text] REDACCI\u00d3N -Sergio Vall\u00edn, es un m\u00fasico, compositor y productor mexicano conocido desde hace m\u00e1s de 26 a\u00f1os por ser el guitarrista del grupo mexicano Man\u00e1. -El 15 de enero presenta su primer disco instrumental en solitario &#8216;Microsinfon\u00edas&#8217;. Sergio Vall\u00edn define [&hellip;]<\/p>\n","protected":false},"author":1,"featured_media":38578,"comment_status":"open","ping_status":"open","sticky":false,"template":"","format":"standard","meta":{"footnotes":""},"categories":[9,11],"tags":[],"_links":{"self":[{"href":"https:\/\/www.bitacoracdmx.com\/index.php?rest_route=\/wp\/v2\/posts\/38575"}],"collection":[{"href":"https:\/\/www.bitacoracdmx.com\/index.php?rest_route=\/wp\/v2\/posts"}],"about":[{"href":"https:\/\/www.bitacoracdmx.com\/index.php?rest_route=\/wp\/v2\/types\/post"}],"author":[{"embeddable":true,"href":"https:\/\/www.bitacoracdmx.com\/index.php?rest_route=\/wp\/v2\/users\/1"}],"replies":[{"embeddable":true,"href":"https:\/\/www.bitacoracdmx.com\/index.php?rest_route=%2Fwp%2Fv2%2Fcomments&post=38575"}],"version-history":[{"count":1,"href":"https:\/\/www.bitacoracdmx.com\/index.php?rest_route=\/wp\/v2\/posts\/38575\/revisions"}],"predecessor-version":[{"id":38580,"href":"https:\/\/www.bitacoracdmx.com\/index.php?rest_route=\/wp\/v2\/posts\/38575\/revisions\/38580"}],"wp:featuredmedia":[{"embeddable":true,"href":"https:\/\/www.bitacoracdmx.com\/index.php?rest_route=\/wp\/v2\/media\/38578"}],"wp:attachment":[{"href":"https:\/\/www.bitacoracdmx.com\/index.php?rest_route=%2Fwp%2Fv2%2Fmedia&parent=38575"}],"wp:term":[{"taxonomy":"category","embeddable":true,"href":"https:\/\/www.bitacoracdmx.com\/index.php?rest_route=%2Fwp%2Fv2%2Fcategories&post=38575"},{"taxonomy":"post_tag","embeddable":true,"href":"https:\/\/www.bitacoracdmx.com\/index.php?rest_route=%2Fwp%2Fv2%2Ftags&post=38575"}],"curies":[{"name":"wp","href":"https:\/\/api.w.org\/{rel}","templated":true}]}}