{"id":39737,"date":"2021-04-13T18:38:15","date_gmt":"2021-04-13T18:38:15","guid":{"rendered":"https:\/\/www.bitacoracdmx.com\/?p=39737"},"modified":"2021-04-13T18:38:15","modified_gmt":"2021-04-13T18:38:15","slug":"regresa-novena-sinfonia-danza-contemporanea-al-teatro-de-la-ciudad-esperanza-iris","status":"publish","type":"post","link":"https:\/\/www.bitacoracdmx.com\/?p=39737","title":{"rendered":"Regresa NOVENA SINFON\u00cdA, DANZA CONTEMPOR\u00c1NEA al Teatro de la ciudad  ESPERANZA IRIS."},"content":{"rendered":"<p>[fusion_builder_container hundred_percent=&#8221;no&#8221; equal_height_columns=&#8221;no&#8221; menu_anchor=&#8221;&#8221; hide_on_mobile=&#8221;small-visibility,medium-visibility,large-visibility&#8221; class=&#8221;&#8221; id=&#8221;&#8221; background_color=&#8221;&#8221; background_image=&#8221;&#8221; background_position=&#8221;center center&#8221; background_repeat=&#8221;no-repeat&#8221; fade=&#8221;no&#8221; background_parallax=&#8221;none&#8221; parallax_speed=&#8221;0.3&#8243; video_mp4=&#8221;&#8221; video_webm=&#8221;&#8221; video_ogv=&#8221;&#8221; video_url=&#8221;&#8221; video_aspect_ratio=&#8221;16:9&#8243; video_loop=&#8221;yes&#8221; video_mute=&#8221;yes&#8221; overlay_color=&#8221;&#8221; video_preview_image=&#8221;&#8221; border_size=&#8221;&#8221; border_color=&#8221;&#8221; border_style=&#8221;solid&#8221; padding_top=&#8221;&#8221; padding_bottom=&#8221;&#8221; padding_left=&#8221;&#8221; padding_right=&#8221;&#8221;][fusion_builder_row][fusion_builder_column type=&#8221;1_1&#8243; layout=&#8221;1_1&#8243; background_position=&#8221;left top&#8221; background_color=&#8221;&#8221; border_size=&#8221;&#8221; border_color=&#8221;&#8221; border_style=&#8221;solid&#8221; border_position=&#8221;all&#8221; spacing=&#8221;yes&#8221; background_image=&#8221;&#8221; background_repeat=&#8221;no-repeat&#8221; padding_top=&#8221;&#8221; padding_right=&#8221;&#8221; padding_bottom=&#8221;&#8221; padding_left=&#8221;&#8221; margin_top=&#8221;0px&#8221; margin_bottom=&#8221;0px&#8221; class=&#8221;&#8221; id=&#8221;&#8221; animation_type=&#8221;&#8221; animation_speed=&#8221;0.3&#8243; animation_direction=&#8221;left&#8221; hide_on_mobile=&#8221;small-visibility,medium-visibility,large-visibility&#8221; center_content=&#8221;no&#8221; last=&#8221;no&#8221; min_height=&#8221;&#8221; hover_type=&#8221;none&#8221; link=&#8221;&#8221;][fusion_text]<\/p>\n<p>REDACCI\u00d3N<\/p>\n<p>\u00b7<b>Para conmemorar el 250 aniversario del natalicio de Ludwig van Beethoven, Rising Art A.C. y La infinita compa\u00f1\u00eda ofrecen un pieza danc\u00edstica combinada con una de las m\u00e1s reconocidas melod\u00edas escritas en la historia<\/b><\/p>\n<p>\u00b7<b>Bajo la direcci\u00f3n de Ra\u00fal Tamez, se lleva a cabo la presentaci\u00f3n con dos \u00fanicas funciones en el Teatro de la Ciudad Esperanza Iris<\/b><\/p>\n<p>Despu\u00e9s del \u00e9xito en su estreno mundial en el\u00a0<b>Teatro de la Ciudad Esperanza Iris<\/b>, la\u00a0<b><i>Novena sinfon\u00eda, danza contempor\u00e1nea,<\/i><\/b>\u00a0coreograf\u00eda y direcci\u00f3n art\u00edstica de Ra\u00fal Tamez,<b><i>\u00a0<\/i><\/b>regresa al recinto de Donceles para reafirmar su deseo de homenajear la vida. Rising Art A.C. y La infinita compa\u00f1\u00eda vuelven con su acto po\u00e9tico para quienes ya no pueden ejercer su voz.<\/p>\n<p class=\"x_MsoNormal\">Estrenada el 7 de mayo de 1824 y, a casi doscientos a\u00f1os de su primera ejecuci\u00f3n en el Teatro de la Corte Imperial y Real de Viena, la\u00a0<i>Novena Sinfon\u00eda\u00a0<\/i>de Ludwig van Beethoven (1770-1827) resuena con mayor br\u00edo y determinaci\u00f3n ante el momento que vivimos. Y, por tal motivo, T\u00e1mez, el a\u00f1o pasado en el marco del 250 aniversario del natalicio de Beethoven, cre\u00f3 la presente propuesta danc\u00edstica.<\/p>\n<p class=\"x_MsoNormal\">Con base en la m\u00fasica de Beethoven, se integra el equipo creativo: el dise\u00f1o de iluminaci\u00f3n y escenograf\u00eda es de Aurelio Palomino y la producci\u00f3n ejecutiva recae en Rodrigo Gonz\u00e1lez. Asimismo,\u00a0la propuesta cuenta con apoyo del Est\u00edmulo Fiscal a Proyectos de Inversi\u00f3n en la Producci\u00f3n Nacional de Danza (EFIDANZA) y de la empresa Liverpool.<\/p>\n<p class=\"x_MsoNormal\">Ra\u00fal Tamez es un core\u00f3grafo y director. Soci\u00f3logo por la Universidad Nacional Aut\u00f3noma de M\u00e9xico (UNAM), es licenciado en Danza Contempor\u00e1nea por la Escuela Nacional de Danza Cl\u00e1sica y Contempor\u00e1nea (ENDCC) y la Rotterdam Dance Academy, de Holanda. Cuenta con una maestr\u00eda en Danza en la John Moores Liverpool University.<\/p>\n<p class=\"x_MsoNormal\">En 2016 recibi\u00f3 el Premio Nacional de Danza Guillermo Arriaga. Ha colaborado en compa\u00f1\u00edas como IT Dansa, Two Move Dance Company, Aura Dance Theater y el Ballet de C\u00e1mara de Riga, de Letonia. En M\u00e9xico, bail\u00f3 en el Ballet Independiente, en el CEPRODAC y con core\u00f3grafos como Tania P\u00e9rez Salas, Alicia S\u00e1nchez, \u00d3scar Ruvalcaba y Jaime Camarena. Recientemente, el bailar\u00edn y core\u00f3grafo fue invitado a crear una pieza para la Limon Dance Company.<\/p>\n<p class=\"x_MsoNormal\"><b><i><span lang=\"ES\">Novena Sinfon\u00eda, danza contempor\u00e1nea\u00a0<\/span><\/i><\/b><span lang=\"ES\">se presenta el s\u00e1bado 17 y domingo 18 de abril\u00a0<\/span><span lang=\"ES-MX\">a las 19:00 y 18:00 horas, respectivamente, en el\u00a0<b>Teatro de la Ciudad Esperanza Iris<\/b><\/span><span lang=\"ES\">, localizado en la calle\u00a0<\/span><span lang=\"ES-MX\">Donceles 36, colonia Centro Hist\u00f3rico, alcald\u00eda Cuauht\u00e9moc, cerca de la estaci\u00f3n Allende del Sistema de Transporte Colectivo (STC) Metro.<\/span><\/p>\n<p>[\/fusion_text][fusion_imageframe image_id=&#8221;39738|medium&#8221; max_width=&#8221;&#8221; style_type=&#8221;&#8221; blur=&#8221;&#8221; stylecolor=&#8221;&#8221; hover_type=&#8221;none&#8221; bordersize=&#8221;&#8221; bordercolor=&#8221;&#8221; borderradius=&#8221;&#8221; align=&#8221;none&#8221; lightbox=&#8221;no&#8221; gallery_id=&#8221;&#8221; lightbox_image=&#8221;&#8221; lightbox_image_id=&#8221;&#8221; alt=&#8221;&#8221; link=&#8221;&#8221; linktarget=&#8221;_self&#8221; hide_on_mobile=&#8221;small-visibility,medium-visibility,large-visibility&#8221; class=&#8221;&#8221; id=&#8221;&#8221; animation_type=&#8221;&#8221; animation_direction=&#8221;left&#8221; animation_speed=&#8221;0.3&#8243; animation_offset=&#8221;&#8221;]https:\/\/www.bitacoracdmx.com\/wp-content\/uploads\/2021\/04\/descargar-35-250&#215;300.png[\/fusion_imageframe][\/fusion_builder_column][\/fusion_builder_row][\/fusion_builder_container]<\/p>\n","protected":false},"excerpt":{"rendered":"<p>[fusion_builder_container hundred_percent=&#8221;no&#8221; equal_height_columns=&#8221;no&#8221; menu_anchor=&#8221;&#8221; hide_on_mobile=&#8221;small-visibility,medium-visibility,large-visibility&#8221; class=&#8221;&#8221; id=&#8221;&#8221; background_color=&#8221;&#8221; background_image=&#8221;&#8221; background_position=&#8221;center center&#8221; background_repeat=&#8221;no-repeat&#8221; fade=&#8221;no&#8221; background_parallax=&#8221;none&#8221; parallax_speed=&#8221;0.3&#8243; video_mp4=&#8221;&#8221; video_webm=&#8221;&#8221; video_ogv=&#8221;&#8221; video_url=&#8221;&#8221; video_aspect_ratio=&#8221;16:9&#8243; video_loop=&#8221;yes&#8221; video_mute=&#8221;yes&#8221; overlay_color=&#8221;&#8221; video_preview_image=&#8221;&#8221; border_size=&#8221;&#8221; border_color=&#8221;&#8221; border_style=&#8221;solid&#8221; padding_top=&#8221;&#8221; padding_bottom=&#8221;&#8221; padding_left=&#8221;&#8221; padding_right=&#8221;&#8221;][fusion_builder_row][fusion_builder_column type=&#8221;1_1&#8243; layout=&#8221;1_1&#8243; background_position=&#8221;left top&#8221; background_color=&#8221;&#8221; border_size=&#8221;&#8221; border_color=&#8221;&#8221; border_style=&#8221;solid&#8221; border_position=&#8221;all&#8221; spacing=&#8221;yes&#8221; background_image=&#8221;&#8221; background_repeat=&#8221;no-repeat&#8221; padding_top=&#8221;&#8221; padding_right=&#8221;&#8221; padding_bottom=&#8221;&#8221; padding_left=&#8221;&#8221; margin_top=&#8221;0px&#8221; margin_bottom=&#8221;0px&#8221; class=&#8221;&#8221; id=&#8221;&#8221; animation_type=&#8221;&#8221; animation_speed=&#8221;0.3&#8243; animation_direction=&#8221;left&#8221; hide_on_mobile=&#8221;small-visibility,medium-visibility,large-visibility&#8221; center_content=&#8221;no&#8221; last=&#8221;no&#8221; min_height=&#8221;&#8221; hover_type=&#8221;none&#8221; link=&#8221;&#8221;][fusion_text] REDACCI\u00d3N \u00b7Para conmemorar el 250 aniversario del natalicio de Ludwig van Beethoven, Rising Art A.C. y La infinita compa\u00f1\u00eda ofrecen un pieza danc\u00edstica combinada con una de las m\u00e1s reconocidas melod\u00edas escritas en la historia \u00b7Bajo la direcci\u00f3n de Ra\u00fal [&hellip;]<\/p>\n","protected":false},"author":1,"featured_media":39738,"comment_status":"open","ping_status":"open","sticky":false,"template":"","format":"standard","meta":{"footnotes":""},"categories":[9,11],"tags":[],"_links":{"self":[{"href":"https:\/\/www.bitacoracdmx.com\/index.php?rest_route=\/wp\/v2\/posts\/39737"}],"collection":[{"href":"https:\/\/www.bitacoracdmx.com\/index.php?rest_route=\/wp\/v2\/posts"}],"about":[{"href":"https:\/\/www.bitacoracdmx.com\/index.php?rest_route=\/wp\/v2\/types\/post"}],"author":[{"embeddable":true,"href":"https:\/\/www.bitacoracdmx.com\/index.php?rest_route=\/wp\/v2\/users\/1"}],"replies":[{"embeddable":true,"href":"https:\/\/www.bitacoracdmx.com\/index.php?rest_route=%2Fwp%2Fv2%2Fcomments&post=39737"}],"version-history":[{"count":1,"href":"https:\/\/www.bitacoracdmx.com\/index.php?rest_route=\/wp\/v2\/posts\/39737\/revisions"}],"predecessor-version":[{"id":39739,"href":"https:\/\/www.bitacoracdmx.com\/index.php?rest_route=\/wp\/v2\/posts\/39737\/revisions\/39739"}],"wp:featuredmedia":[{"embeddable":true,"href":"https:\/\/www.bitacoracdmx.com\/index.php?rest_route=\/wp\/v2\/media\/39738"}],"wp:attachment":[{"href":"https:\/\/www.bitacoracdmx.com\/index.php?rest_route=%2Fwp%2Fv2%2Fmedia&parent=39737"}],"wp:term":[{"taxonomy":"category","embeddable":true,"href":"https:\/\/www.bitacoracdmx.com\/index.php?rest_route=%2Fwp%2Fv2%2Fcategories&post=39737"},{"taxonomy":"post_tag","embeddable":true,"href":"https:\/\/www.bitacoracdmx.com\/index.php?rest_route=%2Fwp%2Fv2%2Ftags&post=39737"}],"curies":[{"name":"wp","href":"https:\/\/api.w.org\/{rel}","templated":true}]}}