{"id":39994,"date":"2021-05-03T02:25:56","date_gmt":"2021-05-03T02:25:56","guid":{"rendered":"https:\/\/www.bitacoracdmx.com\/?p=39994"},"modified":"2021-05-03T02:25:56","modified_gmt":"2021-05-03T02:25:56","slug":"cartas-a-otelo-voces%e2%80%afsobre%e2%80%afla-violencia-a-lo-femenino%e2%80%afreanuda-el-programa-residencias-de-teatro-comunitario","status":"publish","type":"post","link":"https:\/\/www.bitacoracdmx.com\/?p=39994","title":{"rendered":"Cartas a Otelo, voces\u202fsobre\u202fla violencia a lo femenino\u202freanuda el programa Residencias de Teatro Comunitario."},"content":{"rendered":"<p>[fusion_builder_container hundred_percent=&#8221;no&#8221; equal_height_columns=&#8221;no&#8221; menu_anchor=&#8221;&#8221; hide_on_mobile=&#8221;small-visibility,medium-visibility,large-visibility&#8221; class=&#8221;&#8221; id=&#8221;&#8221; background_color=&#8221;&#8221; background_image=&#8221;&#8221; background_position=&#8221;center center&#8221; background_repeat=&#8221;no-repeat&#8221; fade=&#8221;no&#8221; background_parallax=&#8221;none&#8221; parallax_speed=&#8221;0.3&#8243; video_mp4=&#8221;&#8221; video_webm=&#8221;&#8221; video_ogv=&#8221;&#8221; video_url=&#8221;&#8221; video_aspect_ratio=&#8221;16:9&#8243; video_loop=&#8221;yes&#8221; video_mute=&#8221;yes&#8221; overlay_color=&#8221;&#8221; video_preview_image=&#8221;&#8221; border_size=&#8221;&#8221; border_color=&#8221;&#8221; border_style=&#8221;solid&#8221; padding_top=&#8221;&#8221; padding_bottom=&#8221;&#8221; padding_left=&#8221;&#8221; padding_right=&#8221;&#8221;][fusion_builder_row][fusion_builder_column type=&#8221;1_1&#8243; layout=&#8221;1_1&#8243; background_position=&#8221;left top&#8221; background_color=&#8221;&#8221; border_size=&#8221;&#8221; border_color=&#8221;&#8221; border_style=&#8221;solid&#8221; border_position=&#8221;all&#8221; spacing=&#8221;yes&#8221; background_image=&#8221;&#8221; background_repeat=&#8221;no-repeat&#8221; padding_top=&#8221;&#8221; padding_right=&#8221;&#8221; padding_bottom=&#8221;&#8221; padding_left=&#8221;&#8221; margin_top=&#8221;0px&#8221; margin_bottom=&#8221;0px&#8221; class=&#8221;&#8221; id=&#8221;&#8221; animation_type=&#8221;&#8221; animation_speed=&#8221;0.3&#8243; animation_direction=&#8221;left&#8221; hide_on_mobile=&#8221;small-visibility,medium-visibility,large-visibility&#8221; center_content=&#8221;no&#8221; last=&#8221;no&#8221; min_height=&#8221;&#8221; hover_type=&#8221;none&#8221; link=&#8221;&#8221;][fusion_text]<\/p>\n<p>REDACCI\u00d3N<\/p>\n<ul>\n<li><span data-contrast=\"none\">\u202fLa puesta en escena\u202fse presentar\u00e1 en\u202fforma presencial\u202fel\u202f3 y 4 de mayo a las 20:00 horas\u202fen el Teatro Orientaci\u00f3n del Centro Cultural del Bosque<\/span><\/li>\n<\/ul>\n<p><span data-contrast=\"none\">Con la escenificaci\u00f3n de la obra\u202fCartas a Otelo,\u202fvoces sobre la violencia a lo femenino,\u202fa cargo de\u202fla compa\u00f1\u00eda mexiquense Teatro Lunar,\u202fse\u202freanuda\u202fel programa Residencias de Teatro Comunitario,\u202fa trav\u00e9s del cual se busca formar nuevos p\u00fablicos y establecer una relaci\u00f3n de intercambio y retroalimentaci\u00f3n entre las compa\u00f1\u00edas art\u00edsticas y las comunidades donde se inserta cada proyecto.<\/span><span data-ccp-props=\"{&quot;201341983&quot;:0,&quot;335551550&quot;:6,&quot;335551620&quot;:6,&quot;335559739&quot;:225,&quot;335559740&quot;:240}\">\u00a0<\/span><\/p>\n<p><span data-contrast=\"none\">Como parte de\u202fla campa\u00f1a\u202f#<\/span><span data-contrast=\"none\">VolverAVerte<\/span><span data-contrast=\"none\">\u202fy con apego a un estricto protocolo sanitario, la obra\u202fse presentar\u00e1\u202fdurante mayo\u202fen el\u202fTeatro Orientaci\u00f3n\u202fdel Centro Cultural del Bosque\u202fy en el\u202fForo Cultural Tiempo y Espacio\u202f<\/span><span data-contrast=\"none\">Thaay<\/span><span data-contrast=\"none\">, en\u202fLerma, Estado de M\u00e9xico, acompa\u00f1ada de una exposici\u00f3n virtual alojada en la p\u00e1gina de la Coordinaci\u00f3n Nacional de Teatro. Adem\u00e1s,\u202fse\u202fofrecer\u00e1 una funci\u00f3n\u202fen l\u00ednea, tras la cual\u202fse\u202frealizar\u00e1\u202funa mesa de an\u00e1lisis\u202fen la que participar\u00e1n las y los integrantes de Teatro Lunar.<\/span><span data-ccp-props=\"{&quot;201341983&quot;:0,&quot;335551550&quot;:6,&quot;335551620&quot;:6,&quot;335559739&quot;:225,&quot;335559740&quot;:240}\">\u00a0<\/span><\/p>\n<p><span data-contrast=\"none\">Cabe se\u00f1alar que se\u202fcontar\u00e1 con todas las medidas sanitarias, las cuales consisten en la instalaci\u00f3n de un filtro, con tapete desinfectante, la aplicaci\u00f3n de gel\u202f<\/span><span data-contrast=\"none\">antibacterial<\/span><span data-contrast=\"none\">\u202fy\u202frevisi\u00f3n de\u202fla temperatura\u202fque\u202fno rebase los 37.5\u00baC;\u202fadem\u00e1s del\u202fuso obligatorio de\u202f<\/span><span data-contrast=\"none\">cubreboca<\/span><span data-contrast=\"none\">, as\u00ed como respetar la sana distancia.\u202f<\/span><span data-ccp-props=\"{&quot;201341983&quot;:0,&quot;335551550&quot;:6,&quot;335551620&quot;:6,&quot;335559739&quot;:225,&quot;335559740&quot;:240}\">\u00a0<\/span><\/p>\n<p><span data-contrast=\"none\">Cartas a Otelo,\u202fvoces sobre la violencia a lo femenino\u202fsurgi\u00f3\u202fcomo\u202frespuesta\u202fa los acontecimientos en contra de mujeres en el Estado de M\u00e9xico, y se desarroll\u00f3\u202fmediante un proceso de creaci\u00f3n colectiva\u202fa partir de una investigaci\u00f3n documental realizada por la agrupaci\u00f3n\u202fart\u00edstica\u202fsobre el feminicidio en M\u00e9xico.<\/span><span data-ccp-props=\"{&quot;201341983&quot;:0,&quot;335551550&quot;:6,&quot;335551620&quot;:6,&quot;335559739&quot;:225,&quot;335559740&quot;:240}\">\u00a0<\/span><\/p>\n<p><span data-contrast=\"none\">La\u202fobra\u202frelata la historia de un grupo de actores que expone el descubrimiento de un texto in\u00e9dito de William Shakespeare sobre su obra\u202fOtelo,\u202fen el que\u202fel personaje de Desd\u00e9mona increpa a su esposo el terrible acto que cometi\u00f3\u202fen\u202fcontra\u202fde\u202fella.\u202fCon el\u202fapoyo de herramientas multimedia,\u202fdurante el montaje\u202fse\u202fdevelan diversos documentos reales y ficticios\u202fque\u202fmuestran\u202fla\u202fterrible\u202fsituaci\u00f3n de violencia hacia las mujeres.<\/span><span data-ccp-props=\"{&quot;201341983&quot;:0,&quot;335551550&quot;:6,&quot;335551620&quot;:6,&quot;335559739&quot;:225,&quot;335559740&quot;:240}\">\u00a0<\/span><\/p>\n<p><span data-contrast=\"none\">Origen\u202fdel\u202fmontaje<\/span><span data-ccp-props=\"{&quot;201341983&quot;:0,&quot;335551550&quot;:6,&quot;335551620&quot;:6,&quot;335559739&quot;:225,&quot;335559740&quot;:240}\">\u00a0<\/span><\/p>\n<p><span data-contrast=\"none\">El proyecto\u202finici\u00f3 en 2017,\u202fcuando\u202flas y los integrantes de\u202fla compa\u00f1\u00eda Teatro Lunar\u202frecopilaron testimonios de familias\u202fmexiquenses\u202fafectadas\u202fpor la violencia de g\u00e9nero.<\/span><span data-ccp-props=\"{&quot;201341983&quot;:0,&quot;335551550&quot;:6,&quot;335551620&quot;:6,&quot;335559739&quot;:225,&quot;335559740&quot;:240}\">\u00a0<\/span><\/p>\n<p><span data-contrast=\"none\">\u201cA\u202fpartir de nuestra\u202fpreocupaci\u00f3n\u202fpor los casos de\u202fviolencia\u202fcontra\u202flas mujeres,\u202finiciamos con\u202fun\u202fcompendio\u202fde documentos\u202fque propiciaron la\u202fcreaci\u00f3n de\u202fla\u202fpuesta en escena,\u202fcon la intenci\u00f3n de\u202fmantener abierto\u202fun\u202fdi\u00e1logo entre\u202flas y los\u202fcreadores teatrales\u202fy el p\u00fablico\u202fsobre\u202f<\/span><span data-contrast=\"none\">estaproblem\u00e1tica<\/span><span data-contrast=\"none\">\u201d, declar\u00f3 Israel R\u00edos, director de escena.<\/span><span data-ccp-props=\"{&quot;201341983&quot;:0,&quot;335551550&quot;:6,&quot;335551620&quot;:6,&quot;335559739&quot;:225,&quot;335559740&quot;:240}\">\u00a0<\/span><\/p>\n<p><span data-contrast=\"none\">La actriz\u202f<\/span><span data-contrast=\"none\">Yarosly<\/span><span data-contrast=\"none\">\u202fPicazo\u202fa\u00f1adi\u00f3: \u201cLa violencia nos ha rebasado. Con esta pieza\u202fqueremos presentar\u202funa\u202f<\/span><span data-contrast=\"none\">lucha<\/span><span data-contrast=\"none\">,alejada<\/span><span data-contrast=\"none\">\u00a0del amarillismo\u202fcon el\u202fque\u202fsuelen mostrarse\u202festos\u202ftemas\u201d.<\/span><span data-ccp-props=\"{&quot;201341983&quot;:0,&quot;335551550&quot;:6,&quot;335551620&quot;:6,&quot;335559739&quot;:225,&quot;335559740&quot;:240}\">\u00a0<\/span><\/p>\n<p><span data-contrast=\"none\">Cartas a Otelo, voces sobre la violencia a lo\u00a0<\/span><span data-contrast=\"none\">femeninoofrecer\u00e1<\/span><span data-contrast=\"none\">\u00a0un par de funciones\u202fde entrada gratuita\u202fel\u202f3 y 4 de mayo a las 20:00 horas,\u202fen el\u202fTeatro Orientaci\u00f3n del\u202fCentro Cultural del Bosque, y\u202fdel 13 al 28 de mayo\u202fla obra\u202fse presentar\u00e1\u202flos jueves y viernes a las 17:00 horas\u202fen el\u202fForo Cultural Tiempo y\u202fEspacio\u202f<\/span><span data-contrast=\"none\">Thaay<\/span><span data-contrast=\"none\">\u00a0en\u202fLerma,\u202fEstado de M\u00e9xico,\u202ftambi\u00e9n con entrada gratuita.<\/span><span data-ccp-props=\"{&quot;201341983&quot;:0,&quot;335551550&quot;:6,&quot;335551620&quot;:6,&quot;335559739&quot;:225,&quot;335559740&quot;:240}\">\u00a0<\/span><\/p>\n<p><span data-contrast=\"none\">Por \u00faltimo,\u202fel viernes 4 de junio a las 19:00 horas,\u202fla obra se transmitir\u00e1\u202fen l\u00ednea\u202fa trav\u00e9s deteatro.inba.gob.mx\/<\/span><span data-contrast=\"none\">escenariodigital<\/span><span data-contrast=\"none\">,\u202fy\u202fel\u202fs\u00e1bado\u202f5 de junio a las 18:00 horas\u202fse llevar\u00e1 a cabo\u202fun\u202fdesmontaje v\u00eda\u202f<\/span><span data-contrast=\"none\">streaming<\/span><span data-contrast=\"none\">\u202fque consistir\u00e1 en\u202funa mesa de an\u00e1lisis\u202fen\u202fla\u202fque\u202flas y los creadores compartir\u00e1n sus experiencias\u202fe inquietudes.<\/span><span data-ccp-props=\"{&quot;201341983&quot;:0,&quot;335551550&quot;:6,&quot;335551620&quot;:6,&quot;335559739&quot;:225,&quot;335559740&quot;:240}\">\u00a0<\/span><\/p>\n<p><span data-contrast=\"none\">A\u202fla par de\u202flas\u202fpresentaciones en la Ciudad de M\u00e9xico y\u202fel\u202fEstado de M\u00e9xico,\u202fen la p\u00e1gina web de la Coordinaci\u00f3n Nacional de Teatro\u202f(teatro.inba.gob.mx)\u202fse\u202falojar\u00e1\u202fdurante mayo\u202fla exposici\u00f3n\u202fR\u00e9quiem por\u202flas mujeres\u00a0<\/span><span data-contrast=\"none\">archivadas<\/span><span data-contrast=\"none\">,integrada<\/span><span data-contrast=\"none\">\u00a0por\u202funa serie de dibujos plasmados con las t\u00e9cnicas pict\u00f3ricas de pastel y carb\u00f3n,\u202frealizada\u202fdurante las funciones llevadas a cabo en marzo de 2020\u202fpor la artista Erika L\u00f3pez Medina.<\/span><span data-ccp-props=\"{&quot;201341983&quot;:0,&quot;335551550&quot;:6,&quot;335551620&quot;:6,&quot;335559739&quot;:225,&quot;335559740&quot;:240}\">\u00a0<\/span><\/p>\n<p><span data-contrast=\"none\">Cartas a Otelo,\u202fvoces sobre la violencia a lo femenino\u202fes\u202fdirigida por\u202fPilar Gallegos e Israel R\u00edos\u202fy\u202fcuenta con las actuaciones de Yadira Ram\u00edrez Meneses,\u202fAlondra\u202f<\/span><span data-contrast=\"none\">MinaRojas<\/span><span data-contrast=\"none\">,\u202fAlberto Hinojosa,\u202fBrenda\u202fY\u00e1\u00f1ez,\u202fYarosly\u202fPicazo\u202fyPilar\u202fGallegos,\u202fel\u202ftrabajo\u202fpl\u00e1stico\u202fde\u202fErika L\u00f3pez\u202fy la intervenci\u00f3n musical de Tania\u202fPlascencia.<\/span><span data-ccp-props=\"{&quot;201341983&quot;:0,&quot;335551550&quot;:6,&quot;335551620&quot;:6,&quot;335559739&quot;:225,&quot;335559740&quot;:240}\">\u00a0<\/span><\/p>\n<p><span data-contrast=\"none\">Redes sociales<\/span><span data-ccp-props=\"{&quot;201341983&quot;:0,&quot;335551550&quot;:6,&quot;335551620&quot;:6,&quot;335559739&quot;:225,&quot;335559740&quot;:240}\">\u00a0<\/span><\/p>\n<p><span data-contrast=\"none\">Para m\u00e1s informaci\u00f3n, visita la p\u00e1gina teatro.inba.gob.mx y consulta las redes sociales de la Coordinaci\u00f3n Nacional de Teatro del INBAL: @<\/span><span data-contrast=\"none\">teatroinbal<\/span><span data-contrast=\"none\">\u202fen Facebook,\u202fTwitter\u202fe\u202fInstagram.<\/span><span data-ccp-props=\"{&quot;201341983&quot;:0,&quot;335551550&quot;:6,&quot;335551620&quot;:6,&quot;335559739&quot;:225,&quot;335559740&quot;:240}\">\u00a0<\/span><\/p>\n<p><span data-contrast=\"none\">Se pueden seguir las redes sociales del INBAL en\u202fInstagram\u202f(@INBAMX),<\/span><span data-ccp-props=\"{&quot;201341983&quot;:0,&quot;335551550&quot;:6,&quot;335551620&quot;:6,&quot;335559739&quot;:225,&quot;335559740&quot;:240}\">\u00a0<\/span><\/p>\n<p><span data-contrast=\"none\">Facebook (\/<\/span><span data-contrast=\"none\">INBAmx<\/span><span data-contrast=\"none\">) y\u202f<\/span><span data-contrast=\"none\">Twitter(<\/span><span data-contrast=\"none\">@<\/span><span data-contrast=\"none\">bellasartesinba<\/span><span data-contrast=\"none\">).\u202fSigue las redes sociales de la Secretar\u00eda de Cultura en\u202fTwitter\u202f(@<\/span><span data-contrast=\"none\">cultura_mx<\/span><span data-contrast=\"none\">), Facebook (\/<\/span><span data-contrast=\"none\">SecretariaCulturaMX<\/span><span data-contrast=\"none\">) e\u202f<\/span><span data-contrast=\"none\">Instagram(<\/span><span data-contrast=\"none\">@<\/span><span data-contrast=\"none\">culturamx<\/span><span data-contrast=\"none\">).<\/span><span data-ccp-props=\"{&quot;201341983&quot;:0,&quot;335551550&quot;:6,&quot;335551620&quot;:6,&quot;335559739&quot;:225,&quot;335559740&quot;:240}\">\u00a0<\/span><\/p>\n<p><span data-ccp-props=\"{&quot;201341983&quot;:0,&quot;335559739&quot;:160,&quot;335559740&quot;:259}\">\u00a0<\/span><\/p>\n<p>[\/fusion_text][fusion_imageframe image_id=&#8221;39995|medium&#8221; max_width=&#8221;&#8221; style_type=&#8221;&#8221; blur=&#8221;&#8221; stylecolor=&#8221;&#8221; hover_type=&#8221;none&#8221; bordersize=&#8221;&#8221; bordercolor=&#8221;&#8221; borderradius=&#8221;&#8221; align=&#8221;none&#8221; lightbox=&#8221;no&#8221; gallery_id=&#8221;&#8221; lightbox_image=&#8221;&#8221; lightbox_image_id=&#8221;&#8221; alt=&#8221;&#8221; link=&#8221;&#8221; linktarget=&#8221;_self&#8221; hide_on_mobile=&#8221;small-visibility,medium-visibility,large-visibility&#8221; class=&#8221;&#8221; id=&#8221;&#8221; animation_type=&#8221;&#8221; animation_direction=&#8221;left&#8221; animation_speed=&#8221;0.3&#8243; animation_offset=&#8221;&#8221;]https:\/\/www.bitacoracdmx.com\/wp-content\/uploads\/2021\/05\/Cartas-a-Otelo-300&#215;168.jpeg[\/fusion_imageframe][\/fusion_builder_column][\/fusion_builder_row][\/fusion_builder_container]<\/p>\n","protected":false},"excerpt":{"rendered":"<p>[fusion_builder_container hundred_percent=&#8221;no&#8221; equal_height_columns=&#8221;no&#8221; menu_anchor=&#8221;&#8221; hide_on_mobile=&#8221;small-visibility,medium-visibility,large-visibility&#8221; class=&#8221;&#8221; id=&#8221;&#8221; background_color=&#8221;&#8221; background_image=&#8221;&#8221; background_position=&#8221;center center&#8221; background_repeat=&#8221;no-repeat&#8221; fade=&#8221;no&#8221; background_parallax=&#8221;none&#8221; parallax_speed=&#8221;0.3&#8243; video_mp4=&#8221;&#8221; video_webm=&#8221;&#8221; video_ogv=&#8221;&#8221; video_url=&#8221;&#8221; video_aspect_ratio=&#8221;16:9&#8243; video_loop=&#8221;yes&#8221; video_mute=&#8221;yes&#8221; overlay_color=&#8221;&#8221; video_preview_image=&#8221;&#8221; border_size=&#8221;&#8221; border_color=&#8221;&#8221; border_style=&#8221;solid&#8221; padding_top=&#8221;&#8221; padding_bottom=&#8221;&#8221; padding_left=&#8221;&#8221; padding_right=&#8221;&#8221;][fusion_builder_row][fusion_builder_column type=&#8221;1_1&#8243; layout=&#8221;1_1&#8243; background_position=&#8221;left top&#8221; background_color=&#8221;&#8221; border_size=&#8221;&#8221; border_color=&#8221;&#8221; border_style=&#8221;solid&#8221; border_position=&#8221;all&#8221; spacing=&#8221;yes&#8221; background_image=&#8221;&#8221; background_repeat=&#8221;no-repeat&#8221; padding_top=&#8221;&#8221; padding_right=&#8221;&#8221; padding_bottom=&#8221;&#8221; padding_left=&#8221;&#8221; margin_top=&#8221;0px&#8221; margin_bottom=&#8221;0px&#8221; class=&#8221;&#8221; id=&#8221;&#8221; animation_type=&#8221;&#8221; animation_speed=&#8221;0.3&#8243; animation_direction=&#8221;left&#8221; hide_on_mobile=&#8221;small-visibility,medium-visibility,large-visibility&#8221; center_content=&#8221;no&#8221; last=&#8221;no&#8221; min_height=&#8221;&#8221; hover_type=&#8221;none&#8221; link=&#8221;&#8221;][fusion_text] REDACCI\u00d3N \u202fLa puesta en escena\u202fse presentar\u00e1 en\u202fforma presencial\u202fel\u202f3 y 4 de mayo a las 20:00 horas\u202fen el Teatro Orientaci\u00f3n del Centro Cultural del Bosque Con la escenificaci\u00f3n de la obra\u202fCartas a Otelo,\u202fvoces sobre la violencia a lo femenino,\u202fa cargo de\u202fla [&hellip;]<\/p>\n","protected":false},"author":1,"featured_media":39995,"comment_status":"open","ping_status":"open","sticky":false,"template":"","format":"standard","meta":{"footnotes":""},"categories":[9,14],"tags":[],"_links":{"self":[{"href":"https:\/\/www.bitacoracdmx.com\/index.php?rest_route=\/wp\/v2\/posts\/39994"}],"collection":[{"href":"https:\/\/www.bitacoracdmx.com\/index.php?rest_route=\/wp\/v2\/posts"}],"about":[{"href":"https:\/\/www.bitacoracdmx.com\/index.php?rest_route=\/wp\/v2\/types\/post"}],"author":[{"embeddable":true,"href":"https:\/\/www.bitacoracdmx.com\/index.php?rest_route=\/wp\/v2\/users\/1"}],"replies":[{"embeddable":true,"href":"https:\/\/www.bitacoracdmx.com\/index.php?rest_route=%2Fwp%2Fv2%2Fcomments&post=39994"}],"version-history":[{"count":1,"href":"https:\/\/www.bitacoracdmx.com\/index.php?rest_route=\/wp\/v2\/posts\/39994\/revisions"}],"predecessor-version":[{"id":39996,"href":"https:\/\/www.bitacoracdmx.com\/index.php?rest_route=\/wp\/v2\/posts\/39994\/revisions\/39996"}],"wp:featuredmedia":[{"embeddable":true,"href":"https:\/\/www.bitacoracdmx.com\/index.php?rest_route=\/wp\/v2\/media\/39995"}],"wp:attachment":[{"href":"https:\/\/www.bitacoracdmx.com\/index.php?rest_route=%2Fwp%2Fv2%2Fmedia&parent=39994"}],"wp:term":[{"taxonomy":"category","embeddable":true,"href":"https:\/\/www.bitacoracdmx.com\/index.php?rest_route=%2Fwp%2Fv2%2Fcategories&post=39994"},{"taxonomy":"post_tag","embeddable":true,"href":"https:\/\/www.bitacoracdmx.com\/index.php?rest_route=%2Fwp%2Fv2%2Ftags&post=39994"}],"curies":[{"name":"wp","href":"https:\/\/api.w.org\/{rel}","templated":true}]}}